{"id":68755,"date":"2016-04-15T08:46:50","date_gmt":"2016-04-15T11:46:50","guid":{"rendered":"http:\/\/www.eltrabajo.cl\/portal\/?p=68755"},"modified":"2016-04-15T08:46:50","modified_gmt":"2016-04-15T11:46:50","slug":"bomberos-pide-agilizar-tramites-para-lograr-construccion-de-complejo-provincial-de-emergencias","status":"publish","type":"post","link":"https:\/\/eltrabajo.cl\/portal\/bomberos-pide-agilizar-tramites-para-lograr-construccion-de-complejo-provincial-de-emergencias\/","title":{"rendered":"Bomberos pide agilizar tr\u00e1mites para lograr construcci\u00f3n de Complejo Provincial de Emergencias"},"content":{"rendered":"<p><strong>Iniciativa lleva dos a\u00f1os durmiendo sin que sea presentada al Ministerio de Desarrollo Social.<\/strong><br \/>\n<strong>LOS ANDES.-<\/strong> El directorio de la Segunda Compa\u00f1\u00eda de Bomberos andina, \u2018Pompa Roma\u2019, pidi\u00f3 a las autoridades locales agilizar las gestiones para la presentaci\u00f3n al Ministerio de Desarrollo Social del proyecto de construcci\u00f3n de un Complejo Provincial de Emergencias en los terrenos de la ex Aduana de Hermanos Clark, que implicar\u00eda tambi\u00e9n levantar all\u00ed un nuevo cuartel para esa unidad bomberil.<br \/>\nHace dos a\u00f1os el terreno fue entregado en comodato por el Ministerio de Bienes Nacionales a la Segunda Compa\u00f1\u00eda, quienes con mucho esfuerzo contrataron los profesionales que llevaron adelante el dise\u00f1o del complejo.<br \/>\nLa Directora de Compa\u00f1\u00eda, Selene Covarrubias Salinas, indic\u00f3 que el proyecto estuvo estancado por casi un a\u00f1o y actualmente se est\u00e1n resolviendo algunas de las observaciones presentadas que tiene que ver con la actualizaci\u00f3n de documentos, \u201cy por eso es que en esta etapa se necesita todo el apoyo de las autoridades para poder ingresarlo y obtener la aprobaci\u00f3n de las platas para su ejecuci\u00f3n\u201d.<br \/>\nLa directora dijo que todas estas observaciones deben ser entregadas a la Serplac municipal que es la unidad t\u00e9cnica que debe hacer revisi\u00f3n de los antecedentes y luego se env\u00eda al gobierno regional para obtener la recomendaci\u00f3n t\u00e9cnica.<br \/>\nPrecis\u00f3 que si bien el proyecto original contemplaba un helipuerto y una plaza c\u00edvica, ahora solo se presentar\u00e1 por el nuevo cuartel, para luego generar otros proyectos para esas obras que quedar\u00e1n fuera.<br \/>\nNo obstante aclar\u00f3 que en ning\u00fan caso el helipuerto fue desechado porque la ciudad necesita contar con uno, sobre todo en estos terrenos que est\u00e1n ubicados a menos de 500 metros del Hospital San Juan de Dios, \u201clo que facilita mucho el tema de los rescates ac\u00e1 en la zona\u201d.<br \/>\nSelene Covarrubias record\u00f3 que el proyecto requiere de una inversi\u00f3n de 952 millones de pesos que contemplan solamente las instalaciones para la Segunda Compa\u00f1\u00eda, \u201cya que la Defensa Civil tiene que generar su proyecto a parte del nuestro\u201d.<br \/>\nAgreg\u00f3 que el proyecto contempla la entrega de 10 metros lineales en el frente del terreno para poder ensanchar la avenida Hermanos Clark y facilitar el acceso de los veh\u00edculos que ingresan a la ciudad de San Esteban y tambi\u00e9n permitir la salida expedita de las unidades bomberiles.<\/p>\n<p><strong>PEDIR\u00c1 INFORME<\/strong><br \/>\nPor su parte, la Consejera Regional Sandra Miranda, expres\u00f3 su preocupaci\u00f3n porque a casi tres a\u00f1os de la entrega del comodato del terreno aun el proyecto no ha sido enviado al Ministerio de Desarrollo Social y responsabiliz\u00f3 de ello al municipio andino.<br \/>\n\u201cNos preocupa porque las necesidades de la comunidad son enormes y la importancia de tener un cuartel de bomberos de esta naturaleza, con helipuerto, con condiciones m\u00e1s dignas y seguras para los voluntarios, adem\u00e1s de ser un lugar estrat\u00e9gico por estar cerca del camino internacional es vital para la provincia\u201d, expres\u00f3 la Consejera.<br \/>\nSubray\u00f3 que espera que el municipio presente la reactualizaci\u00f3n de este proyecto, \u201cya que es la misma que bomberos entreg\u00f3 en su oportunidad y por eso voy a hacer las gestiones con el ministerio para que informe la situaci\u00f3n real en que se encuentra este proyecto\u201d.<br \/>\nDijo finalmente que si este proyecto se llega a caer el Ministerio de Bienes nacionales podr\u00eda reasignar los terrenos a otra instituci\u00f3n que lo requiera.<\/p>\n<figure id=\"attachment_68756\" aria-describedby=\"caption-attachment-68756\" style=\"width: 530px\" class=\"wp-caption alignleft\"><a href=\"http:\/\/www.eltrabajo.cl\/portal\/bomberos-pide-agilizar-tramites-para-lograr-construccion-de-complejo-provincial-de-emergencias\/complejo3\/\" rel=\"attachment wp-att-68756\"><img data-recalc-dims=\"1\" loading=\"lazy\" decoding=\"async\" class=\"size-full wp-image-68756\" src=\"https:\/\/i0.wp.com\/www.eltrabajo.cl\/portal\/wp-content\/uploads\/2016\/04\/complejo3.jpg?resize=530%2C350\" alt=\"El directorio de la Segunda Compa\u00f1\u00eda de Bomberos de Los Andes, volvi\u00f3 a presentar el proyecto para la construcci\u00f3n del futuro Complejo Provincial de Emergencias.\" width=\"530\" height=\"350\" srcset=\"https:\/\/i0.wp.com\/eltrabajo.cl\/portal\/wp-content\/uploads\/2016\/04\/complejo3.jpg?w=530&amp;ssl=1 530w, https:\/\/i0.wp.com\/eltrabajo.cl\/portal\/wp-content\/uploads\/2016\/04\/complejo3.jpg?resize=200%2C132&amp;ssl=1 200w, https:\/\/i0.wp.com\/eltrabajo.cl\/portal\/wp-content\/uploads\/2016\/04\/complejo3.jpg?resize=300%2C198&amp;ssl=1 300w, https:\/\/i0.wp.com\/eltrabajo.cl\/portal\/wp-content\/uploads\/2016\/04\/complejo3.jpg?resize=227%2C150&amp;ssl=1 227w, https:\/\/i0.wp.com\/eltrabajo.cl\/portal\/wp-content\/uploads\/2016\/04\/complejo3.jpg?resize=400%2C264&amp;ssl=1 400w\" sizes=\"auto, (max-width: 530px) 100vw, 530px\" \/><\/a><figcaption id=\"caption-attachment-68756\" class=\"wp-caption-text\">El directorio de la Segunda Compa\u00f1\u00eda de Bomberos de Los Andes, volvi\u00f3 a presentar el proyecto para la construcci\u00f3n del futuro Complejo Provincial de Emergencias.<\/figcaption><\/figure>\n","protected":false},"excerpt":{"rendered":"<p>Iniciativa lleva dos a\u00f1os durmiendo sin que sea presentada al Ministerio de Desarrollo Social. LOS ANDES.- El directorio de la Segunda Compa\u00f1\u00eda de Bomberos andina, \u2018Pompa Roma\u2019, pidi\u00f3 a las autoridades locales&#8230;<\/p>\n","protected":false},"author":1,"featured_media":68756,"comment_status":"open","ping_status":"open","sticky":false,"template":"","format":"standard","meta":{"advanced_seo_description":"","jetpack_seo_html_title":"","jetpack_seo_noindex":false,"_jetpack_memberships_contains_paid_content":false,"footnotes":""},"categories":[1],"tags":[],"class_list":["post-68755","post","type-post","status-publish","format-standard","has-post-thumbnail","hentry","category-cronica"],"jetpack_featured_media_url":"https:\/\/i0.wp.com\/eltrabajo.cl\/portal\/wp-content\/uploads\/2016\/04\/complejo3.jpg?fit=530%2C350&ssl=1","jetpack_sharing_enabled":true,"jetpack_likes_enabled":true,"jetpack-related-posts":[],"_links":{"self":[{"href":"https:\/\/eltrabajo.cl\/portal\/wp-json\/wp\/v2\/posts\/68755","targetHints":{"allow":["GET"]}}],"collection":[{"href":"https:\/\/eltrabajo.cl\/portal\/wp-json\/wp\/v2\/posts"}],"about":[{"href":"https:\/\/eltrabajo.cl\/portal\/wp-json\/wp\/v2\/types\/post"}],"author":[{"embeddable":true,"href":"https:\/\/eltrabajo.cl\/portal\/wp-json\/wp\/v2\/users\/1"}],"replies":[{"embeddable":true,"href":"https:\/\/eltrabajo.cl\/portal\/wp-json\/wp\/v2\/comments?post=68755"}],"version-history":[{"count":0,"href":"https:\/\/eltrabajo.cl\/portal\/wp-json\/wp\/v2\/posts\/68755\/revisions"}],"wp:featuredmedia":[{"embeddable":true,"href":"https:\/\/eltrabajo.cl\/portal\/wp-json\/wp\/v2\/media\/68756"}],"wp:attachment":[{"href":"https:\/\/eltrabajo.cl\/portal\/wp-json\/wp\/v2\/media?parent=68755"}],"wp:term":[{"taxonomy":"category","embeddable":true,"href":"https:\/\/eltrabajo.cl\/portal\/wp-json\/wp\/v2\/categories?post=68755"},{"taxonomy":"post_tag","embeddable":true,"href":"https:\/\/eltrabajo.cl\/portal\/wp-json\/wp\/v2\/tags?post=68755"}],"curies":[{"name":"wp","href":"https:\/\/api.w.org\/{rel}","templated":true}]}}