{"id":68759,"date":"2016-04-15T08:48:29","date_gmt":"2016-04-15T11:48:29","guid":{"rendered":"http:\/\/www.eltrabajo.cl\/portal\/?p=68759"},"modified":"2016-04-15T08:48:29","modified_gmt":"2016-04-15T11:48:29","slug":"autoridades-lanzan-programa-pace-que-se-desarrollara-en-las-10-comunas-de-aconcagua","status":"publish","type":"post","link":"https:\/\/eltrabajo.cl\/portal\/autoridades-lanzan-programa-pace-que-se-desarrollara-en-las-10-comunas-de-aconcagua\/","title":{"rendered":"Autoridades lanzan Programa PACE que se desarrollar\u00e1 en las 10 comunas de Aconcagua"},"content":{"rendered":"<p><strong>Este programa de acompa\u00f1amiento, busca restituir el derecho a la educaci\u00f3n superior a estudiantes de sectores vulnerables, garantiz\u00e1ndoles un cupo en la ense\u00f1anza profesional. <\/strong><br \/>\nEn dependencias del Liceo Dar\u00edo Salas de Santa Mar\u00eda se desarroll\u00f3 este jueves la inauguraci\u00f3n biprovincial del Programa de Acompa\u00f1amiento Efectivo para la Educaci\u00f3n Superior (PACE) y que cont\u00f3 con una masiva presencia de estudiantes de distintos establecimientos de San Felipe y Los Andes, adem\u00e1s de autoridades regionales y locales.<br \/>\nEste programa es la tercera medida de los primeros 100 d\u00edas del Gobierno de la Presidenta Michelle Bachelet y su principio inspirador es que los talentos acad\u00e9micos, t\u00e9cnicos, pedag\u00f3gicos, art\u00edsticos y otros, est\u00e9n equitativamente distribuidos en la poblaci\u00f3n, por ello, el objetivo principal es restituir el derecho a la educaci\u00f3n superior de los alumnos m\u00e1s vulnerables, asegurando el acceso efectivo a ella.<br \/>\nPara cumplir de forma responsable con este desaf\u00edo se preparar\u00e1 a los estudiantes durante la Educaci\u00f3n Media y se les acompa\u00f1ar\u00e1 posterior al Acceso a la Educaci\u00f3n Superior, con una etapa de nivelaci\u00f3n para que puedan mantenerse en el sistema y lograr su titulaci\u00f3n.<br \/>\nEl Gobernador Eduardo Le\u00f3n destac\u00f3 que \u201cel programa PACE es el proped\u00e9utico que ha implantado el programa de Gobierno de la Presidenta para dar oportunidades a nuestros j\u00f3venes porque sabemos que tenemos talentos en todas partes y no estaban llegando a la universidad. Hoy, con este programa, m\u00e1s la gratuidad en la educaci\u00f3n, esperamos que la gente tenga la oportunidad que se merece\u201d, finaliz\u00f3 la m\u00e1xima autoridad de la Provincia.<br \/>\nEn tanto, el alcalde de Santa Mar\u00eda, Claudio Zurita, valor\u00f3 esta instancia, que permiti\u00f3 que su comuna fuera la sede para inaugurar este valioso programa. \u201cEstamos contentos que se haya realizado la inauguraci\u00f3n en nuestra comuna, tambi\u00e9n sabemos que es un tremendo proyecto de nuestra Presidenta, ya que acompa\u00f1amos a nuestros alumnos que no ten\u00edan las posibilidades por su realidad socioecon\u00f3mica. Estamos contentos porque nuestros j\u00f3venes podr\u00e1n explotar sus posibilidades sin problemas\u201d, destac\u00f3 el jefe comunal.<br \/>\nPor su parte, el Coordinador Regional del PACE, Mauricio Far\u00edas, sostuvo que \u201cel objetivo de este programa es que los alumnos logren titularse en la educaci\u00f3n superior. Ese es el esfuerzo que est\u00e1 realizando el Ministerio de Educaci\u00f3n\u201d, dijo el profesional.<br \/>\nEn ambas provincias, la totalidad de las comunas donde ya se ha instalado este programa de acompa\u00f1amiento, el que se efect\u00faa durante 2 a\u00f1os en el establecimiento y luego 3 a\u00f1os en la universidad, con la meta de que ellos puedan titularse en la carrera escogida.<\/p>\n<figure id=\"attachment_68760\" aria-describedby=\"caption-attachment-68760\" style=\"width: 530px\" class=\"wp-caption alignleft\"><a href=\"http:\/\/www.eltrabajo.cl\/portal\/autoridades-lanzan-programa-pace-que-se-desarrollara-en-las-10-comunas-de-aconcagua\/lanzamiento-programa-pace\/\" rel=\"attachment wp-att-68760\"><img data-recalc-dims=\"1\" loading=\"lazy\" decoding=\"async\" class=\"size-full wp-image-68760\" src=\"https:\/\/i0.wp.com\/www.eltrabajo.cl\/portal\/wp-content\/uploads\/2016\/04\/Lanzamiento-programa-PACE.jpg?resize=530%2C349\" alt=\"En dependencias del Liceo Dar\u00edo Salas, el gobernador Eduardo Le\u00f3n junto a alcalde Claudio Zurita, inaugur\u00f3 de manera biprovincial del Programa PACE.\" width=\"530\" height=\"349\" srcset=\"https:\/\/i0.wp.com\/eltrabajo.cl\/portal\/wp-content\/uploads\/2016\/04\/Lanzamiento-programa-PACE.jpg?w=530&amp;ssl=1 530w, https:\/\/i0.wp.com\/eltrabajo.cl\/portal\/wp-content\/uploads\/2016\/04\/Lanzamiento-programa-PACE.jpg?resize=200%2C132&amp;ssl=1 200w, https:\/\/i0.wp.com\/eltrabajo.cl\/portal\/wp-content\/uploads\/2016\/04\/Lanzamiento-programa-PACE.jpg?resize=300%2C198&amp;ssl=1 300w, https:\/\/i0.wp.com\/eltrabajo.cl\/portal\/wp-content\/uploads\/2016\/04\/Lanzamiento-programa-PACE.jpg?resize=228%2C150&amp;ssl=1 228w, https:\/\/i0.wp.com\/eltrabajo.cl\/portal\/wp-content\/uploads\/2016\/04\/Lanzamiento-programa-PACE.jpg?resize=400%2C263&amp;ssl=1 400w\" sizes=\"auto, (max-width: 530px) 100vw, 530px\" \/><\/a><figcaption id=\"caption-attachment-68760\" class=\"wp-caption-text\">En dependencias del Liceo Dar\u00edo Salas, el gobernador Eduardo Le\u00f3n junto a alcalde Claudio Zurita, inaugur\u00f3 de manera biprovincial del Programa PACE.<\/figcaption><\/figure>\n","protected":false},"excerpt":{"rendered":"<p>Este programa de acompa\u00f1amiento, busca restituir el derecho a la educaci\u00f3n superior a estudiantes de sectores vulnerables, garantiz\u00e1ndoles un cupo en la ense\u00f1anza profesional. En dependencias del Liceo Dar\u00edo Salas de Santa&#8230;<\/p>\n","protected":false},"author":1,"featured_media":68760,"comment_status":"open","ping_status":"open","sticky":false,"template":"","format":"standard","meta":{"advanced_seo_description":"","jetpack_seo_html_title":"","jetpack_seo_noindex":false,"_jetpack_memberships_contains_paid_content":false,"footnotes":""},"categories":[1],"tags":[],"class_list":["post-68759","post","type-post","status-publish","format-standard","has-post-thumbnail","hentry","category-cronica"],"jetpack_featured_media_url":"https:\/\/i0.wp.com\/eltrabajo.cl\/portal\/wp-content\/uploads\/2016\/04\/Lanzamiento-programa-PACE.jpg?fit=530%2C349&ssl=1","jetpack_sharing_enabled":true,"jetpack_likes_enabled":true,"jetpack-related-posts":[],"_links":{"self":[{"href":"https:\/\/eltrabajo.cl\/portal\/wp-json\/wp\/v2\/posts\/68759","targetHints":{"allow":["GET"]}}],"collection":[{"href":"https:\/\/eltrabajo.cl\/portal\/wp-json\/wp\/v2\/posts"}],"about":[{"href":"https:\/\/eltrabajo.cl\/portal\/wp-json\/wp\/v2\/types\/post"}],"author":[{"embeddable":true,"href":"https:\/\/eltrabajo.cl\/portal\/wp-json\/wp\/v2\/users\/1"}],"replies":[{"embeddable":true,"href":"https:\/\/eltrabajo.cl\/portal\/wp-json\/wp\/v2\/comments?post=68759"}],"version-history":[{"count":0,"href":"https:\/\/eltrabajo.cl\/portal\/wp-json\/wp\/v2\/posts\/68759\/revisions"}],"wp:featuredmedia":[{"embeddable":true,"href":"https:\/\/eltrabajo.cl\/portal\/wp-json\/wp\/v2\/media\/68760"}],"wp:attachment":[{"href":"https:\/\/eltrabajo.cl\/portal\/wp-json\/wp\/v2\/media?parent=68759"}],"wp:term":[{"taxonomy":"category","embeddable":true,"href":"https:\/\/eltrabajo.cl\/portal\/wp-json\/wp\/v2\/categories?post=68759"},{"taxonomy":"post_tag","embeddable":true,"href":"https:\/\/eltrabajo.cl\/portal\/wp-json\/wp\/v2\/tags?post=68759"}],"curies":[{"name":"wp","href":"https:\/\/api.w.org\/{rel}","templated":true}]}}