{"id":68763,"date":"2016-04-15T08:49:44","date_gmt":"2016-04-15T11:49:44","guid":{"rendered":"http:\/\/www.eltrabajo.cl\/portal\/?p=68763"},"modified":"2016-04-15T08:49:44","modified_gmt":"2016-04-15T11:49:44","slug":"municipio-recibe-mas-de-400-millones-para-ejecutar-proyectos-en-la-comuna","status":"publish","type":"post","link":"https:\/\/eltrabajo.cl\/portal\/municipio-recibe-mas-de-400-millones-para-ejecutar-proyectos-en-la-comuna\/","title":{"rendered":"Municipio recibe m\u00e1s de $400 millones para ejecutar proyectos en la comuna"},"content":{"rendered":"<p>Recursos que superan los cuatrocientos millones de pesos y que permitir\u00e1 la ejecuci\u00f3n de distintos proyectos para la comuna de San Felipe, anunci\u00f3 el alcalde Patricio Freire, lo que corresponde a una inversi\u00f3n de la Subsecretar\u00eda de Desarrollo Regional.<br \/>\nLa informaci\u00f3n fue entregada en conferencia de prensa por el alcalde Patricio Freire junto a Eduardo Past\u00e9n, encargado regional de la Subsecretar\u00eda de Desarrollo Regional, quien sostuvo que la Subdere est\u00e1 cumpliendo un compromiso con el municipio de San Felipe, luego de algunas reuniones realizadas entre el alcalde Freire y el Subsecretario Ricardo Cifuentes.<br \/>\nLos recursos estar\u00e1n destinados a dise\u00f1o de proyectos de agua potable y alcantarillado en diversos sectores de la comuna, proyectos en el \u00e1rea de eficiencia energ\u00e9tica, iniciativas de veredas y la construcci\u00f3n de la sede de la Villa Departamental, un proyecto anhelado por los vecinos del sector.<br \/>\n\u201cEse proyecto fue puesto, en todas las reuniones que hemos tenido con nuestro subsecretario, por nuestro alcalde Freire. Toda esta inversi\u00f3n no se podr\u00eda haber llevado a cabo sino por el liderazgo que tiene el Alcalde y el apoyo del concejo municipal, eso hay que resaltarlo, ojal\u00e1 pudi\u00e9semos tener en toda la regi\u00f3n alcaldes con esta capacidad y voluntad y disposici\u00f3n\u201d, se\u00f1al\u00f3 Eduardo Past\u00e9n.<br \/>\nSeg\u00fan explic\u00f3 la autoridad comunal, otro de los proyectos beneficiados est\u00e1 ligado a la normalizaci\u00f3n de los establecimientos educacionales, y unos 15 proyectos se van a presentar para optimizar las escuelas, buscando mejorar los servicios higi\u00e9nicos, el sistema el\u00e9ctrico y la seguridad de los ni\u00f1os.<br \/>\nOtra de las l\u00edneas de inversi\u00f3n es el mejoramiento de veredas y con la entrega de estos recursos se podr\u00e1 continuar con el cambio de baldosas en la alameda Yungay, un proyecto muy esperado por los vecinos.<\/p>\n<figure id=\"attachment_68764\" aria-describedby=\"caption-attachment-68764\" style=\"width: 530px\" class=\"wp-caption alignleft\"><a href=\"http:\/\/www.eltrabajo.cl\/portal\/municipio-recibe-mas-de-400-millones-para-ejecutar-proyectos-en-la-comuna\/conferencia-14\/\" rel=\"attachment wp-att-68764\"><img data-recalc-dims=\"1\" loading=\"lazy\" decoding=\"async\" class=\"size-full wp-image-68764\" src=\"https:\/\/i0.wp.com\/www.eltrabajo.cl\/portal\/wp-content\/uploads\/2016\/04\/conferencia.jpg?resize=530%2C348\" alt=\"El alcalde Patricio Freire, el Secplac, Claudio Paredes, en conferencia con el encargado regional de la Subsecretar\u00eda de Desarrollo Regional, Eduardo Past\u00e9n, informando la inversi\u00f3n que la Subdere har\u00e1 para financiar diversos proyectos de San Felipe.\" width=\"530\" height=\"348\" srcset=\"https:\/\/i0.wp.com\/eltrabajo.cl\/portal\/wp-content\/uploads\/2016\/04\/conferencia.jpg?w=530&amp;ssl=1 530w, https:\/\/i0.wp.com\/eltrabajo.cl\/portal\/wp-content\/uploads\/2016\/04\/conferencia.jpg?resize=200%2C131&amp;ssl=1 200w, https:\/\/i0.wp.com\/eltrabajo.cl\/portal\/wp-content\/uploads\/2016\/04\/conferencia.jpg?resize=300%2C197&amp;ssl=1 300w, https:\/\/i0.wp.com\/eltrabajo.cl\/portal\/wp-content\/uploads\/2016\/04\/conferencia.jpg?resize=228%2C150&amp;ssl=1 228w, https:\/\/i0.wp.com\/eltrabajo.cl\/portal\/wp-content\/uploads\/2016\/04\/conferencia.jpg?resize=400%2C263&amp;ssl=1 400w\" sizes=\"auto, (max-width: 530px) 100vw, 530px\" \/><\/a><figcaption id=\"caption-attachment-68764\" class=\"wp-caption-text\">El alcalde Patricio Freire, el Secplac, Claudio Paredes, en conferencia con el encargado regional de la Subsecretar\u00eda de Desarrollo Regional, Eduardo Past\u00e9n, informando la inversi\u00f3n que la Subdere har\u00e1 para financiar diversos proyectos de San Felipe.<\/figcaption><\/figure>\n","protected":false},"excerpt":{"rendered":"<p>Recursos que superan los cuatrocientos millones de pesos y que permitir\u00e1 la ejecuci\u00f3n de distintos proyectos para la comuna de San Felipe, anunci\u00f3 el alcalde Patricio Freire, lo que corresponde a una&#8230;<\/p>\n","protected":false},"author":1,"featured_media":68764,"comment_status":"open","ping_status":"open","sticky":false,"template":"","format":"standard","meta":{"advanced_seo_description":"","jetpack_seo_html_title":"","jetpack_seo_noindex":false,"_jetpack_memberships_contains_paid_content":false,"footnotes":""},"categories":[1],"tags":[],"class_list":["post-68763","post","type-post","status-publish","format-standard","has-post-thumbnail","hentry","category-cronica"],"jetpack_featured_media_url":"https:\/\/i0.wp.com\/eltrabajo.cl\/portal\/wp-content\/uploads\/2016\/04\/conferencia.jpg?fit=530%2C348&ssl=1","jetpack_sharing_enabled":true,"jetpack_likes_enabled":true,"jetpack-related-posts":[],"_links":{"self":[{"href":"https:\/\/eltrabajo.cl\/portal\/wp-json\/wp\/v2\/posts\/68763","targetHints":{"allow":["GET"]}}],"collection":[{"href":"https:\/\/eltrabajo.cl\/portal\/wp-json\/wp\/v2\/posts"}],"about":[{"href":"https:\/\/eltrabajo.cl\/portal\/wp-json\/wp\/v2\/types\/post"}],"author":[{"embeddable":true,"href":"https:\/\/eltrabajo.cl\/portal\/wp-json\/wp\/v2\/users\/1"}],"replies":[{"embeddable":true,"href":"https:\/\/eltrabajo.cl\/portal\/wp-json\/wp\/v2\/comments?post=68763"}],"version-history":[{"count":0,"href":"https:\/\/eltrabajo.cl\/portal\/wp-json\/wp\/v2\/posts\/68763\/revisions"}],"wp:featuredmedia":[{"embeddable":true,"href":"https:\/\/eltrabajo.cl\/portal\/wp-json\/wp\/v2\/media\/68764"}],"wp:attachment":[{"href":"https:\/\/eltrabajo.cl\/portal\/wp-json\/wp\/v2\/media?parent=68763"}],"wp:term":[{"taxonomy":"category","embeddable":true,"href":"https:\/\/eltrabajo.cl\/portal\/wp-json\/wp\/v2\/categories?post=68763"},{"taxonomy":"post_tag","embeddable":true,"href":"https:\/\/eltrabajo.cl\/portal\/wp-json\/wp\/v2\/tags?post=68763"}],"curies":[{"name":"wp","href":"https:\/\/api.w.org\/{rel}","templated":true}]}}