{"id":68771,"date":"2016-04-15T08:53:00","date_gmt":"2016-04-15T11:53:00","guid":{"rendered":"http:\/\/www.eltrabajo.cl\/portal\/?p=68771"},"modified":"2016-04-15T08:53:00","modified_gmt":"2016-04-15T11:53:00","slug":"cesfam-segismundo-iturra-cumplio-su-septimo-ano-de-funcionamiento-en-san-felipe","status":"publish","type":"post","link":"https:\/\/eltrabajo.cl\/portal\/cesfam-segismundo-iturra-cumplio-su-septimo-ano-de-funcionamiento-en-san-felipe\/","title":{"rendered":"Cesfam Segismundo Iturra cumpli\u00f3 su s\u00e9ptimo a\u00f1o de funcionamiento en San Felipe"},"content":{"rendered":"<figure id=\"attachment_68773\" aria-describedby=\"caption-attachment-68773\" style=\"width: 300px\" class=\"wp-caption alignleft\"><a href=\"http:\/\/www.eltrabajo.cl\/portal\/cesfam-segismundo-iturra-cumplio-su-septimo-ano-de-funcionamiento-en-san-felipe\/marcela-maldonado-directora-del-cesfam-segismundo-iturra\/\" rel=\"attachment wp-att-68773\"><img data-recalc-dims=\"1\" loading=\"lazy\" decoding=\"async\" class=\"size-medium wp-image-68773\" src=\"https:\/\/i0.wp.com\/www.eltrabajo.cl\/portal\/wp-content\/uploads\/2016\/04\/Marcela-Maldonado-directora-del-Cesfam-Segismundo-Iturra-300x197.jpg?resize=300%2C197\" alt=\"Mariela Maldonado, directora del Cesfam Segismundo Iturra.\" width=\"300\" height=\"197\" srcset=\"https:\/\/i0.wp.com\/eltrabajo.cl\/portal\/wp-content\/uploads\/2016\/04\/Marcela-Maldonado-directora-del-Cesfam-Segismundo-Iturra.jpg?resize=300%2C197&amp;ssl=1 300w, https:\/\/i0.wp.com\/eltrabajo.cl\/portal\/wp-content\/uploads\/2016\/04\/Marcela-Maldonado-directora-del-Cesfam-Segismundo-Iturra.jpg?resize=200%2C131&amp;ssl=1 200w, https:\/\/i0.wp.com\/eltrabajo.cl\/portal\/wp-content\/uploads\/2016\/04\/Marcela-Maldonado-directora-del-Cesfam-Segismundo-Iturra.jpg?resize=228%2C150&amp;ssl=1 228w, https:\/\/i0.wp.com\/eltrabajo.cl\/portal\/wp-content\/uploads\/2016\/04\/Marcela-Maldonado-directora-del-Cesfam-Segismundo-Iturra.jpg?resize=400%2C263&amp;ssl=1 400w, https:\/\/i0.wp.com\/eltrabajo.cl\/portal\/wp-content\/uploads\/2016\/04\/Marcela-Maldonado-directora-del-Cesfam-Segismundo-Iturra.jpg?w=530&amp;ssl=1 530w\" sizes=\"auto, (max-width: 300px) 100vw, 300px\" \/><\/a><figcaption id=\"caption-attachment-68773\" class=\"wp-caption-text\">Mariela Maldonado, directora del Cesfam Segismundo Iturra.<\/figcaption><\/figure>\n<p><strong>Recinto tiene una cobertura de alrededor de 35 mil usuarios:<\/strong><br \/>\nUno de los objetivos planteados desde la Direcci\u00f3n de Salud de la Municipalidad de San Felipe, apunta a mejorar la calidad de atenci\u00f3n a los vecinos de San Felipe.<br \/>\nCon importantes desaf\u00edos por cumplir, el Centro de Salud Familiar, Cesfam, Dr. Segismundo Iturra Taito, celebr\u00f3 en sus dependencias su s\u00e9ptimo aniversario, ceremonia en la que estuvo presente el alcalde San Felipe, Patricio Freire junto a todo el Concejo Municipal de la comuna.<br \/>\nAdem\u00e1s, en la cita estuvieron distintas autoridades del \u00e1mbito de la salud, dentro de las cuales destac\u00f3, la directora del Establecimiento, Mariela Maldonado, quien enfatiz\u00f3 el hecho de poder cumplir con ciertas expectativas que se han plantado en t\u00e9rminos de mejorar el servicio a los usuarios durante el presente a\u00f1o.<br \/>\n\u201cEs un a\u00f1o que nos encuentra con grandes desaf\u00edos, como ya lo he planteado en otras oportunidades, uno de estos es la anhelada acreditaci\u00f3n de calidad, otro tiene que ver con el \u00e1mbito de trato al usuario y se nos suman la implementaci\u00f3n del SAR (Servicio de Urgencia de Alta Resoluci\u00f3n) y el Cecosf (Centro Comunitario de Salud Familiar)\u201d, puntualiz\u00f3.<br \/>\nRespecto de la implementaci\u00f3n de estos nuevos m\u00f3dulos de salud, Maldonado describi\u00f3 que \u201cestamos en la etapa de todo lo que es infraestructura, para ya el segundo semestre comenzar con todo el tema de recursos humano y equipamiento\u201d, concluy\u00f3.<br \/>\nEl Cesfam Segismundo Iturra lleg\u00f3 a aliviar la pesada carga demogr\u00e1fica que debi\u00f3 cargar hasta el a\u00f1o 2009 el Consultorio de Cajales -hoy Cesfam San Felipe El Real-. Actualmente, el recinto m\u00e9dico ubicado en el sector norponiente de la ciudad, tiene una cobertura cercana a los 36 mil usuarios y en \u00e9l se desempe\u00f1an 130 funcionarios, entre profesionales, t\u00e9cnicos y administrativos.<br \/>\nEl alcalde de San Felipe, Patricio Freir\u00e9 Canto, dijo sentirse orgulloso y agradecido del grupo humano que est\u00e1 a cargo de garantizar el bienestar y la salud de gran parte de los sanfelipe\u00f1os.<br \/>\n\u00abLa mayor\u00eda de los que nos damos cita para celebrar este nuevo aniversario, conocemos no s\u00f3lo los resultados de la labor que realiza nuestro centro de salud municipal, uno de los m\u00e1s importantes en cuanto a oferta de servicio, sino que tambi\u00e9n de la positiva evaluaci\u00f3n que realiza la compra unidad usuaria\u00bb, valor\u00f3 el edil en su discurso conmemorativo.<\/p>\n<figure id=\"attachment_68772\" aria-describedby=\"caption-attachment-68772\" style=\"width: 530px\" class=\"wp-caption alignleft\"><a href=\"http:\/\/www.eltrabajo.cl\/portal\/cesfam-segismundo-iturra-cumplio-su-septimo-ano-de-funcionamiento-en-san-felipe\/porta-funcionarios-del-cesfam-segismundo-iturra\/\" rel=\"attachment wp-att-68772\"><img data-recalc-dims=\"1\" loading=\"lazy\" decoding=\"async\" class=\"size-full wp-image-68772\" src=\"https:\/\/i0.wp.com\/www.eltrabajo.cl\/portal\/wp-content\/uploads\/2016\/04\/porta-Funcionarios-del-Cesfam-Segismundo-Iturra..jpg?resize=530%2C350\" alt=\"Funcionarios del Cesfam Segismundo Iturra\" width=\"530\" height=\"350\" srcset=\"https:\/\/i0.wp.com\/eltrabajo.cl\/portal\/wp-content\/uploads\/2016\/04\/porta-Funcionarios-del-Cesfam-Segismundo-Iturra..jpg?w=530&amp;ssl=1 530w, https:\/\/i0.wp.com\/eltrabajo.cl\/portal\/wp-content\/uploads\/2016\/04\/porta-Funcionarios-del-Cesfam-Segismundo-Iturra..jpg?resize=200%2C132&amp;ssl=1 200w, https:\/\/i0.wp.com\/eltrabajo.cl\/portal\/wp-content\/uploads\/2016\/04\/porta-Funcionarios-del-Cesfam-Segismundo-Iturra..jpg?resize=300%2C198&amp;ssl=1 300w, https:\/\/i0.wp.com\/eltrabajo.cl\/portal\/wp-content\/uploads\/2016\/04\/porta-Funcionarios-del-Cesfam-Segismundo-Iturra..jpg?resize=227%2C150&amp;ssl=1 227w, https:\/\/i0.wp.com\/eltrabajo.cl\/portal\/wp-content\/uploads\/2016\/04\/porta-Funcionarios-del-Cesfam-Segismundo-Iturra..jpg?resize=400%2C264&amp;ssl=1 400w\" sizes=\"auto, (max-width: 530px) 100vw, 530px\" \/><\/a><figcaption id=\"caption-attachment-68772\" class=\"wp-caption-text\">Funcionarios del Cesfam Segismundo Iturra<\/figcaption><\/figure>\n","protected":false},"excerpt":{"rendered":"<p>Recinto tiene una cobertura de alrededor de 35 mil usuarios: Uno de los objetivos planteados desde la Direcci\u00f3n de Salud de la Municipalidad de San Felipe, apunta a mejorar la calidad de&#8230;<\/p>\n","protected":false},"author":1,"featured_media":68772,"comment_status":"open","ping_status":"open","sticky":false,"template":"","format":"standard","meta":{"advanced_seo_description":"","jetpack_seo_html_title":"","jetpack_seo_noindex":false,"_jetpack_memberships_contains_paid_content":false,"footnotes":""},"categories":[1],"tags":[],"class_list":["post-68771","post","type-post","status-publish","format-standard","has-post-thumbnail","hentry","category-cronica"],"jetpack_featured_media_url":"https:\/\/i0.wp.com\/eltrabajo.cl\/portal\/wp-content\/uploads\/2016\/04\/porta-Funcionarios-del-Cesfam-Segismundo-Iturra..jpg?fit=530%2C350&ssl=1","jetpack_sharing_enabled":true,"jetpack_likes_enabled":true,"jetpack-related-posts":[],"_links":{"self":[{"href":"https:\/\/eltrabajo.cl\/portal\/wp-json\/wp\/v2\/posts\/68771","targetHints":{"allow":["GET"]}}],"collection":[{"href":"https:\/\/eltrabajo.cl\/portal\/wp-json\/wp\/v2\/posts"}],"about":[{"href":"https:\/\/eltrabajo.cl\/portal\/wp-json\/wp\/v2\/types\/post"}],"author":[{"embeddable":true,"href":"https:\/\/eltrabajo.cl\/portal\/wp-json\/wp\/v2\/users\/1"}],"replies":[{"embeddable":true,"href":"https:\/\/eltrabajo.cl\/portal\/wp-json\/wp\/v2\/comments?post=68771"}],"version-history":[{"count":0,"href":"https:\/\/eltrabajo.cl\/portal\/wp-json\/wp\/v2\/posts\/68771\/revisions"}],"wp:featuredmedia":[{"embeddable":true,"href":"https:\/\/eltrabajo.cl\/portal\/wp-json\/wp\/v2\/media\/68772"}],"wp:attachment":[{"href":"https:\/\/eltrabajo.cl\/portal\/wp-json\/wp\/v2\/media?parent=68771"}],"wp:term":[{"taxonomy":"category","embeddable":true,"href":"https:\/\/eltrabajo.cl\/portal\/wp-json\/wp\/v2\/categories?post=68771"},{"taxonomy":"post_tag","embeddable":true,"href":"https:\/\/eltrabajo.cl\/portal\/wp-json\/wp\/v2\/tags?post=68771"}],"curies":[{"name":"wp","href":"https:\/\/api.w.org\/{rel}","templated":true}]}}