{"id":68776,"date":"2016-04-15T08:55:54","date_gmt":"2016-04-15T11:55:54","guid":{"rendered":"http:\/\/www.eltrabajo.cl\/portal\/?p=68776"},"modified":"2016-04-15T08:55:54","modified_gmt":"2016-04-15T11:55:54","slug":"en-el-mes-de-mayo-proyecto-casa-azul-abrira-sus-puertas-en-chacabuco-189","status":"publish","type":"post","link":"https:\/\/eltrabajo.cl\/portal\/en-el-mes-de-mayo-proyecto-casa-azul-abrira-sus-puertas-en-chacabuco-189\/","title":{"rendered":"En el mes de mayo proyecto Casa Azul abrir\u00e1 sus puertas en Chacabuco 189\u00a0"},"content":{"rendered":"<p><strong>Centro Especializado en Trastorno del Espectro Autista<\/strong><br \/>\nIniciativa otorgar\u00e1 atenci\u00f3n gratuita a ni\u00f1os y ni\u00f1as con autismo, quienes recibir\u00e1n terapias semanales en busca de mejorar su calidad de vida y la de sus familias.<br \/>\nUn sue\u00f1o hecho realidad, es el que comenzar\u00e1n a vivir las familias aconcag\u00fcinas con ni\u00f1os con s\u00edndrome de autismo, pues luego de varios meses de trabajo, reuniones y gesti\u00f3n; finalmente el pr\u00f3ximo 9 de mayo comenzar\u00e1 a funcionar en avenida Chacabuco 189 San Felipe, el Centro Especializado en Trastorno del Espectro Autista (TEA), tambi\u00e9n conocido como Proyecto \u2018Casa Azul\u2019.<br \/>\nLa iniciativa permitir\u00e1 entregar atenci\u00f3n a alrededor de 100 ni\u00f1os con TEA de todo el Valle de Aconcagua, quienes se ver\u00e1n beneficiadas con terapias semanales gratuitas, mejorando de este modo, la calidad de vida de las personas que sufren de este trastorno y tambi\u00e9n de sus cuidadores, pues actualmente el costo de atenci\u00f3n particular para tratar esta condici\u00f3n bordea los 800 mil pesos, mientras que en el sistema p\u00fablico, la disponibilidad para acceder a terapias es sumamente espor\u00e1dica.<br \/>\nAs\u00ed lo afirm\u00f3 Alejandra Le\u00f3n Encina, Presidenta del Directorio de Fundaci\u00f3n So\u00f1arte, quien asegur\u00f3 que, de alguna forma tendr\u00e1n que buscar los recursos para ampliar la cobertura inicial, ya que, la demanda creci\u00f3 ostensiblemente durante los \u00faltimos d\u00edas, pues se han recibido llamados de posibles usuarios desde distintas comunas de las provincias de San Felipe y Los Andes.<br \/>\n\u201cYo creo que el tema se va a triplicar y vamos a tener que empezar a buscar financiamiento en muchos lados para poder abarcar todo, porque la idea es que ellos tengan terapia semanal o cada 2 semanas. Eso es lo ideal, porque en el sistema p\u00fablico s\u00f3lo tienen tratamiento cada 4 meses. Adem\u00e1s, tenemos que trabajar obligatoriamente con los padres, va a ser un complemento, porque esa es la manera en que nuestros ni\u00f1os van a crecer y se van a desarrollar mejor\u201d, sostuvo Le\u00f3n.<br \/>\nA poco menos de 3 semanas de su apertura, la \u2018Casa Azul\u2019 tiene definido su cronograma inicial de trabajo, comenzando con una reuni\u00f3n el pr\u00f3ximo 29 de abril, cita a la que est\u00e1n convocados las madres y los padres con una carpeta en donde se describa el diagn\u00f3stico del ni\u00f1o o ni\u00f1a y los documentos que sirvan como antecedente para los profesionales que realizar\u00e1n la entrevista de recepci\u00f3n al Centro Especializado.<br \/>\n\u201cEl 6 de mayo vamos a comenzar a funcionar, la pr\u00f3xima semana se finiquitan los arreglos de la casa y esperamos que ese d\u00eda nos acompa\u00f1en todas las personas que nos han ayudado, el 7 de mayo, estar\u00edamos implementando talleres y ya el lunes 9 con el tema de entrevistas\u201d, detall\u00f3 Le\u00f3n.<br \/>\nDe acuerdo a lo manifestado por una de las principales gestoras de este proyecto, las primeras semanas se considerar\u00e1n como un per\u00edodo de marcha blanca, en el cual, se pretende conocer m\u00e1s a fondo la necesidad del proyecto, pues a partir de las entrevistas se definir\u00e1 la cantidad de profesionales que se necesitan. Al respecto, Le\u00f3n describi\u00f3 que \u201chay que programar, evaluar de nuevo a los ni\u00f1os, ver que es lo que requieren, si m\u00e1s fonoaudi\u00f3logos, menos psic\u00f3logos o m\u00e1s terapeutas, entonces vamos a estar en ese proceso los primeros 15 d\u00edas y despu\u00e9s empezaremos con las terapias gratuitas\u201d.<\/p>\n<p><strong>HISTORIA DE UN SUE\u00d1O<\/strong><br \/>\nEl proyecto Casa Azul, parte en Octubre del a\u00f1o pasado y debe su nombre a que este es el color internacional del autismo. Su actividad surge desde de la Agrupaci\u00f3n Autismo de Aconcagua, liderado precisamente por Alejandra Le\u00f3n. Desde febrero, esta organizaci\u00f3n cuenta con personalidad jur\u00eddica como entidad sin fines de lucro y est\u00e1 inscrita en el Registro Civil como Fundaci\u00f3n So\u00f1arte.<br \/>\n\u201cNosotros partimos como agrupaci\u00f3n y nos dimos cuenta que poder concretar el proyecto Casa Azul era muy dif\u00edcil, ya que, nos dimos cuenta que al pertenecer a una sola ciudad, se nos complicaba el tema de las subvenciones, entonces fuimos asesoradas por un abogado y \u00e9l nos recomend\u00f3 formar la fundaci\u00f3n\u201d, cont\u00f3 Le\u00f3n<br \/>\nHan pasado seis meses desde las primeras acciones realizadas por este grupo, para que se abriera un espacio en la comuna de San Felipe para la atenci\u00f3n de personas con este s\u00edndrome, proceso que seg\u00fan Le\u00f3n ha servido para comenzar a crear una pol\u00edtica de comuna frente a la tem\u00e1tica<\/p>\n<p><strong>COMPROMISO MUNICIPAL Y OTRAS ACCIONES<\/strong><br \/>\nSeg\u00fan Le\u00f3n, la Fundaci\u00f3n en la actualidad cuenta con el respaldo de 7 municipios del Valle de Aconcagua y se est\u00e1n desarrollando reuniones para sumar a otras corporaciones edilicias con el fin de engrosar la planilla de especialistas que atender\u00e1n en el centro terap\u00e9utico. \u201cLa mayor\u00eda de las municipalidades nos est\u00e1 ayudando con los profesionales que necesitamos para poder funcionar: terapeuta ocupacional, psic\u00f3logo, fonoaudi\u00f3logo y psicopedagogos\u201d, apunt\u00f3.<br \/>\nJunto con lo anterior, durante la semana pasada, la Fundaci\u00f3n confirm\u00f3 el apoyo de la Universidad de Valpara\u00edso, establecimiento que tambi\u00e9n aportar\u00e1 con profesionales y adem\u00e1s con laboratorios, para que los ni\u00f1os y ni\u00f1as puedan realizarse audiometr\u00edas gratuitas. En algunos Cesfam de la zona se est\u00e1 trabajando con talleres para cuidadores, para ir en ayuda de las mam\u00e1s que viven un desgaste f\u00edsico y psicol\u00f3gico importante cada d\u00eda. Mientras que en el colegio Buen Pastor se ingres\u00f3 al sistema de educaci\u00f3n regular a 10 ni\u00f1os en condici\u00f3n de Autismo<br \/>\n\u201cHemos dado grandes pasos, en salud, educaci\u00f3n y terapia que es lo que nuestros ni\u00f1os realmente necesitan porque si esper\u00e1bamos que la ley funci\u00f3n \u00edbamos a estar a\u00f1os aqu\u00ed sin lograr nada\u201d, concluy\u00f3 Le\u00f3n.<\/p>\n<figure id=\"attachment_68777\" aria-describedby=\"caption-attachment-68777\" style=\"width: 530px\" class=\"wp-caption alignleft\"><a href=\"http:\/\/www.eltrabajo.cl\/portal\/en-el-mes-de-mayo-proyecto-casa-azul-abrira-sus-puertas-en-chacabuco-189\/proyecto-casa-azul\/\" rel=\"attachment wp-att-68777\"><img data-recalc-dims=\"1\" loading=\"lazy\" decoding=\"async\" class=\"size-full wp-image-68777\" src=\"https:\/\/i0.wp.com\/www.eltrabajo.cl\/portal\/wp-content\/uploads\/2016\/04\/proyecto-casa-azul.jpg?resize=530%2C349\" alt=\"Con el apoyo de autoridades locales, la exagrupaci\u00f3n Autismo San Felipe Aconcagua, hoy funciona como Fundaci\u00f3n So\u00f1arte y en el Proyecto Casa Azul pretende otorgar atenci\u00f3n a m\u00e1s de 100 ni\u00f1os con este s\u00edndrome.\" width=\"530\" height=\"349\" srcset=\"https:\/\/i0.wp.com\/eltrabajo.cl\/portal\/wp-content\/uploads\/2016\/04\/proyecto-casa-azul.jpg?w=530&amp;ssl=1 530w, https:\/\/i0.wp.com\/eltrabajo.cl\/portal\/wp-content\/uploads\/2016\/04\/proyecto-casa-azul.jpg?resize=200%2C132&amp;ssl=1 200w, https:\/\/i0.wp.com\/eltrabajo.cl\/portal\/wp-content\/uploads\/2016\/04\/proyecto-casa-azul.jpg?resize=300%2C198&amp;ssl=1 300w, https:\/\/i0.wp.com\/eltrabajo.cl\/portal\/wp-content\/uploads\/2016\/04\/proyecto-casa-azul.jpg?resize=228%2C150&amp;ssl=1 228w, https:\/\/i0.wp.com\/eltrabajo.cl\/portal\/wp-content\/uploads\/2016\/04\/proyecto-casa-azul.jpg?resize=400%2C263&amp;ssl=1 400w\" sizes=\"auto, (max-width: 530px) 100vw, 530px\" \/><\/a><figcaption id=\"caption-attachment-68777\" class=\"wp-caption-text\">Con el apoyo de autoridades locales, la exagrupaci\u00f3n Autismo San Felipe Aconcagua, hoy funciona como Fundaci\u00f3n So\u00f1arte y en el Proyecto Casa Azul pretende otorgar atenci\u00f3n a m\u00e1s de 100 ni\u00f1os con este s\u00edndrome.<\/figcaption><\/figure>\n<figure id=\"attachment_68778\" aria-describedby=\"caption-attachment-68778\" style=\"width: 530px\" class=\"wp-caption alignleft\"><a href=\"http:\/\/www.eltrabajo.cl\/portal\/en-el-mes-de-mayo-proyecto-casa-azul-abrira-sus-puertas-en-chacabuco-189\/foto-2-propiedad-en-chacabuco-189-donde-funcionara-el-centro\/\" rel=\"attachment wp-att-68778\"><img data-recalc-dims=\"1\" loading=\"lazy\" decoding=\"async\" class=\"wp-image-68778 size-full\" src=\"https:\/\/i0.wp.com\/www.eltrabajo.cl\/portal\/wp-content\/uploads\/2016\/04\/FOTO-2-Propiedad-en-Chacabuco-189-donde-funcionara-el-Centro.jpg?resize=530%2C350\" alt=\"Esta es la propiedad donde funcionar\u00e1 el Centro Especializado en Trastorno del Espectro Autista y donde la pr\u00f3xima semana se comenzar\u00e1n a hacer remodelaciones para brindar comodidad absoluta a sus usuarios.\" width=\"530\" height=\"350\" srcset=\"https:\/\/i0.wp.com\/eltrabajo.cl\/portal\/wp-content\/uploads\/2016\/04\/FOTO-2-Propiedad-en-Chacabuco-189-donde-funcionara-el-Centro.jpg?w=530&amp;ssl=1 530w, https:\/\/i0.wp.com\/eltrabajo.cl\/portal\/wp-content\/uploads\/2016\/04\/FOTO-2-Propiedad-en-Chacabuco-189-donde-funcionara-el-Centro.jpg?resize=200%2C132&amp;ssl=1 200w, https:\/\/i0.wp.com\/eltrabajo.cl\/portal\/wp-content\/uploads\/2016\/04\/FOTO-2-Propiedad-en-Chacabuco-189-donde-funcionara-el-Centro.jpg?resize=300%2C198&amp;ssl=1 300w, https:\/\/i0.wp.com\/eltrabajo.cl\/portal\/wp-content\/uploads\/2016\/04\/FOTO-2-Propiedad-en-Chacabuco-189-donde-funcionara-el-Centro.jpg?resize=227%2C150&amp;ssl=1 227w, https:\/\/i0.wp.com\/eltrabajo.cl\/portal\/wp-content\/uploads\/2016\/04\/FOTO-2-Propiedad-en-Chacabuco-189-donde-funcionara-el-Centro.jpg?resize=400%2C264&amp;ssl=1 400w\" sizes=\"auto, (max-width: 530px) 100vw, 530px\" \/><\/a><figcaption id=\"caption-attachment-68778\" class=\"wp-caption-text\">Esta es la propiedad donde funcionar\u00e1 el Centro Especializado en Trastorno del Espectro Autista y donde la pr\u00f3xima semana se comenzar\u00e1n a hacer remodelaciones para brindar comodidad absoluta a sus usuarios.<\/figcaption><\/figure>\n","protected":false},"excerpt":{"rendered":"<p>Centro Especializado en Trastorno del Espectro Autista Iniciativa otorgar\u00e1 atenci\u00f3n gratuita a ni\u00f1os y ni\u00f1as con autismo, quienes recibir\u00e1n terapias semanales en busca de mejorar su calidad de vida y la de&#8230;<\/p>\n","protected":false},"author":1,"featured_media":68777,"comment_status":"open","ping_status":"open","sticky":false,"template":"","format":"standard","meta":{"advanced_seo_description":"","jetpack_seo_html_title":"","jetpack_seo_noindex":false,"_jetpack_memberships_contains_paid_content":false,"footnotes":""},"categories":[15],"tags":[],"class_list":["post-68776","post","type-post","status-publish","format-standard","has-post-thumbnail","hentry","category-comunidad"],"jetpack_featured_media_url":"https:\/\/i0.wp.com\/eltrabajo.cl\/portal\/wp-content\/uploads\/2016\/04\/proyecto-casa-azul.jpg?fit=530%2C349&ssl=1","jetpack_sharing_enabled":true,"jetpack_likes_enabled":true,"jetpack-related-posts":[],"_links":{"self":[{"href":"https:\/\/eltrabajo.cl\/portal\/wp-json\/wp\/v2\/posts\/68776","targetHints":{"allow":["GET"]}}],"collection":[{"href":"https:\/\/eltrabajo.cl\/portal\/wp-json\/wp\/v2\/posts"}],"about":[{"href":"https:\/\/eltrabajo.cl\/portal\/wp-json\/wp\/v2\/types\/post"}],"author":[{"embeddable":true,"href":"https:\/\/eltrabajo.cl\/portal\/wp-json\/wp\/v2\/users\/1"}],"replies":[{"embeddable":true,"href":"https:\/\/eltrabajo.cl\/portal\/wp-json\/wp\/v2\/comments?post=68776"}],"version-history":[{"count":0,"href":"https:\/\/eltrabajo.cl\/portal\/wp-json\/wp\/v2\/posts\/68776\/revisions"}],"wp:featuredmedia":[{"embeddable":true,"href":"https:\/\/eltrabajo.cl\/portal\/wp-json\/wp\/v2\/media\/68777"}],"wp:attachment":[{"href":"https:\/\/eltrabajo.cl\/portal\/wp-json\/wp\/v2\/media?parent=68776"}],"wp:term":[{"taxonomy":"category","embeddable":true,"href":"https:\/\/eltrabajo.cl\/portal\/wp-json\/wp\/v2\/categories?post=68776"},{"taxonomy":"post_tag","embeddable":true,"href":"https:\/\/eltrabajo.cl\/portal\/wp-json\/wp\/v2\/tags?post=68776"}],"curies":[{"name":"wp","href":"https:\/\/api.w.org\/{rel}","templated":true}]}}