{"id":68781,"date":"2016-04-15T08:57:34","date_gmt":"2016-04-15T11:57:34","guid":{"rendered":"http:\/\/www.eltrabajo.cl\/portal\/?p=68781"},"modified":"2016-04-15T08:57:34","modified_gmt":"2016-04-15T11:57:34","slug":"cuatro-personas-resultan-lesionadas-en-colision-entre-automovil-y-taxi-colectivo","status":"publish","type":"post","link":"https:\/\/eltrabajo.cl\/portal\/cuatro-personas-resultan-lesionadas-en-colision-entre-automovil-y-taxi-colectivo\/","title":{"rendered":"Cuatro personas resultan lesionadas en colisi\u00f3n entre autom\u00f3vil y taxi colectivo"},"content":{"rendered":"<p><strong>Uno de los veh\u00edculos involucrados no respet\u00f3 la se\u00f1al del disco Pare. <\/strong><br \/>\n<strong>LOS ANDES.-<\/strong> Cuatro personas lesionadas fue el saldo de una violenta colisi\u00f3n entre un autom\u00f3vil particular y un taxi colectivo ocurrido la tarde de este jueves en la esquina de calles Rodr\u00edguez con Yerbas Buenas.<br \/>\nConforme a los primeros antecedentes, el accidente se produjo a las 17:30 horas, cuando el taxi colectivo de la l\u00ednea Los Andes-Rinconada, patente ZG 97-28, que se desplazaba por calle Rodr\u00edguez en direcci\u00f3n al oriente, al llegar a Yerbas Buenas fue colisionado en el costado por el autom\u00f3vil Fiat Palio, patente VP 33-85, que iba por esa \u00faltima arteria en direcci\u00f3n al sur y no habr\u00eda respetado el disco Pare existente en esa intersecci\u00f3n.<br \/>\nTras el impacto el colectivo termin\u00f3 sobre la vereda sur, sin que afortunadamente arrollara a ning\u00fan escolar que a esa hora transitaba por el lugar.<br \/>\nEn tanto, la conductora del Fiat Palio qued\u00f3 atrapada en el interior del veh\u00edculo siendo necesaria la presencia de la Unidad de Rescate de la Primera Compa\u00f1\u00eda de Bomberos de Los Andes, quienes lograron liberarla y entregarla a Samu para ser llevada al hospital a constatar el grado de lesiones.<br \/>\nEn tanto, el conductor del colectivo y dos de sus pasajeros resultaron con lesiones leves.<br \/>\nPor su parte, Carabineros del cuadrante 1 adopt\u00f3 el procedimiento correspondiente para determinar la eventual responsabilidad de la conductora del auto particular.<\/p>\n<figure id=\"attachment_68782\" aria-describedby=\"caption-attachment-68782\" style=\"width: 530px\" class=\"wp-caption alignleft\"><a href=\"http:\/\/www.eltrabajo.cl\/portal\/cuatro-personas-resultan-lesionadas-en-colision-entre-automovil-y-taxi-colectivo\/colision-los-andes-4\/\" rel=\"attachment wp-att-68782\"><img data-recalc-dims=\"1\" loading=\"lazy\" decoding=\"async\" class=\"size-full wp-image-68782\" src=\"https:\/\/i0.wp.com\/www.eltrabajo.cl\/portal\/wp-content\/uploads\/2016\/04\/Colision-Los-Andes-4.jpg?resize=530%2C349\" alt=\"La conductora del Fiat Palio, luego de impactar al taxi colectivo, tuvo que ser rescatada por los equipos de rescate de Bomberos, quienes la entregaron al Samu para constatar lesiones.\" width=\"530\" height=\"349\" srcset=\"https:\/\/i0.wp.com\/eltrabajo.cl\/portal\/wp-content\/uploads\/2016\/04\/Colision-Los-Andes-4.jpg?w=530&amp;ssl=1 530w, https:\/\/i0.wp.com\/eltrabajo.cl\/portal\/wp-content\/uploads\/2016\/04\/Colision-Los-Andes-4.jpg?resize=200%2C132&amp;ssl=1 200w, https:\/\/i0.wp.com\/eltrabajo.cl\/portal\/wp-content\/uploads\/2016\/04\/Colision-Los-Andes-4.jpg?resize=300%2C198&amp;ssl=1 300w, https:\/\/i0.wp.com\/eltrabajo.cl\/portal\/wp-content\/uploads\/2016\/04\/Colision-Los-Andes-4.jpg?resize=228%2C150&amp;ssl=1 228w, https:\/\/i0.wp.com\/eltrabajo.cl\/portal\/wp-content\/uploads\/2016\/04\/Colision-Los-Andes-4.jpg?resize=400%2C263&amp;ssl=1 400w\" sizes=\"auto, (max-width: 530px) 100vw, 530px\" \/><\/a><figcaption id=\"caption-attachment-68782\" class=\"wp-caption-text\">La conductora del Fiat Palio, luego de impactar al taxi colectivo, tuvo que ser rescatada por los equipos de rescate de Bomberos, quienes la entregaron al Samu para constatar lesiones.<\/figcaption><\/figure>\n","protected":false},"excerpt":{"rendered":"<p>Uno de los veh\u00edculos involucrados no respet\u00f3 la se\u00f1al del disco Pare. LOS ANDES.- Cuatro personas lesionadas fue el saldo de una violenta colisi\u00f3n entre un autom\u00f3vil particular y un taxi colectivo&#8230;<\/p>\n","protected":false},"author":1,"featured_media":68782,"comment_status":"open","ping_status":"open","sticky":false,"template":"","format":"standard","meta":{"advanced_seo_description":"","jetpack_seo_html_title":"","jetpack_seo_noindex":false,"_jetpack_memberships_contains_paid_content":false,"footnotes":""},"categories":[21],"tags":[],"class_list":["post-68781","post","type-post","status-publish","format-standard","has-post-thumbnail","hentry","category-policial"],"jetpack_featured_media_url":"https:\/\/i0.wp.com\/eltrabajo.cl\/portal\/wp-content\/uploads\/2016\/04\/Colision-Los-Andes-4.jpg?fit=530%2C349&ssl=1","jetpack_sharing_enabled":true,"jetpack_likes_enabled":true,"jetpack-related-posts":[],"_links":{"self":[{"href":"https:\/\/eltrabajo.cl\/portal\/wp-json\/wp\/v2\/posts\/68781","targetHints":{"allow":["GET"]}}],"collection":[{"href":"https:\/\/eltrabajo.cl\/portal\/wp-json\/wp\/v2\/posts"}],"about":[{"href":"https:\/\/eltrabajo.cl\/portal\/wp-json\/wp\/v2\/types\/post"}],"author":[{"embeddable":true,"href":"https:\/\/eltrabajo.cl\/portal\/wp-json\/wp\/v2\/users\/1"}],"replies":[{"embeddable":true,"href":"https:\/\/eltrabajo.cl\/portal\/wp-json\/wp\/v2\/comments?post=68781"}],"version-history":[{"count":0,"href":"https:\/\/eltrabajo.cl\/portal\/wp-json\/wp\/v2\/posts\/68781\/revisions"}],"wp:featuredmedia":[{"embeddable":true,"href":"https:\/\/eltrabajo.cl\/portal\/wp-json\/wp\/v2\/media\/68782"}],"wp:attachment":[{"href":"https:\/\/eltrabajo.cl\/portal\/wp-json\/wp\/v2\/media?parent=68781"}],"wp:term":[{"taxonomy":"category","embeddable":true,"href":"https:\/\/eltrabajo.cl\/portal\/wp-json\/wp\/v2\/categories?post=68781"},{"taxonomy":"post_tag","embeddable":true,"href":"https:\/\/eltrabajo.cl\/portal\/wp-json\/wp\/v2\/tags?post=68781"}],"curies":[{"name":"wp","href":"https:\/\/api.w.org\/{rel}","templated":true}]}}