{"id":68785,"date":"2016-04-15T09:01:37","date_gmt":"2016-04-15T12:01:37","guid":{"rendered":"http:\/\/www.eltrabajo.cl\/portal\/?p=68785"},"modified":"2016-04-15T09:01:37","modified_gmt":"2016-04-15T12:01:37","slug":"a-sus-103-anos-ayer-sepultaron-a-la-querida-mama-rosa-soto","status":"publish","type":"post","link":"https:\/\/eltrabajo.cl\/portal\/a-sus-103-anos-ayer-sepultaron-a-la-querida-mama-rosa-soto\/","title":{"rendered":"A sus 103 a\u00f1os, ayer sepultaron a la querida \u2018Mama Rosa\u2019 Soto"},"content":{"rendered":"<p>Un a\u00f1o antes de que Austria le declarara la guerra a Serbia el 28 de julio de 1914, provocando as\u00ed la Primera Guerra Mundial, ya en un pueblito llamado Buen Amigo de Linares, en El Maule de Chile, una regalona nenita empezaba a dar sus primeros pasos de mano de sus abuelos, unos tabacaleros del naciente Siglo XX.<br \/>\nSobre esa nenita trata hoy nuestro reportaje, pues la raz\u00f3n es m\u00e1s que significativa para Diario El Trabajo y la familia de la mujer que ayer fue sepultada en el Cementerio Parque Almendral de La Troya, ya que la querida \u2018Mama Rosa\u2019, do\u00f1a Rosa Soto Bravo, de 103 a\u00f1os cumplidos, falleci\u00f3 a causas naturales de su edad.<br \/>\n\u2018Mama Rosa\u2019 naci\u00f3 el jueves 9 de enero de 1913, raz\u00f3n por la que en 2013 le visitamos para que ella misma nos compartiera detalles de su vida, hoy compartimos con nuestros lectores un extracto de esa entrevista especial. Esta centenaria mujer tuvo doce hijos, de los cuales s\u00f3lo uno falleci\u00f3, 35 nietos, 47 bisnietos y un tataranieto.<\/p>\n<p><strong>RESUMEN ENTREVISTA<\/strong><br \/>\nPara no ser nosotros quienes contemos los detalles que hoy queremos compartir con nuestros lectores, le damos la palabra a \u2018Mama Rosa\u2019, como cari\u00f1osamente ella era conocida.<br \/>\n<strong>\u2013 \u00bfEn qu\u00e9 circunstancias naci\u00f3 usted?<\/strong><br \/>\n\u2013 Nac\u00ed y crec\u00ed en una numerosa familia de un pueblito llamado Buen Amigo de Linares, provincia de la 7\u00aa Regi\u00f3n del Maule, soy la cuarta hija de ocho y desde hace unos 45 a\u00f1os vivo aqu\u00ed en San Felipe.<br \/>\n<strong>\u2013 \u00bfQu\u00e9 recuerda usted de sus or\u00edgenes?<\/strong><br \/>\n\u2013 Soy hija de un profesor de escuela y una due\u00f1a de casa, labor\u00e9 algunos a\u00f1os en Santiago como tejedora, luego conoc\u00ed a mi esposo, tuve doce hijos, de los cuales uno ya falleci\u00f3.<br \/>\n<strong>\u2013 \u00bfC\u00f3mo fue su infancia?<\/strong><br \/>\n\u2013 Mi infancia la pas\u00e9 con mis abuelitos en Linares, saqu\u00e9 hasta 4\u00ba B\u00e1sico, porque en esos tiempos no hab\u00eda m\u00e1s cursos en el campo; lo que ense\u00f1aban antes a lo que ahora ense\u00f1an, es mejor lo de antes. Yo fui una jovencita muy diferente a como son ahora estas ni\u00f1as, mis t\u00edos eran muy respetuosos, aunque yo nunca tom\u00e9 licor, recuerdo que a un t\u00edo m\u00edo, que ten\u00eda 25 a\u00f1os, no le dejaban tomar licor, pues nuestros abuelos eran muy estrictos, si alguien lo tomaba, tendr\u00eda que hacerlo a escondidas, ahora veo hasta ni\u00f1os tomando licor.<br \/>\n<strong>\u2013 \u00bfA qu\u00e9 dedica usted su tiempo ahora que es Adulto Mayor?<\/strong><br \/>\n\u2013 Yo soy cristiana evang\u00e9lica Pentecostal, s\u00f3lo vivo ahora para amar a Dios, dedico mis horas libres a estar en paz en mi casa; a visitar enfermos y a disfrutar en la iglesia aqu\u00ed en La Troya.<br \/>\n<strong>\u2013 \u00bfC\u00f3mo es su estado de salud?<\/strong><br \/>\n\u2013 S\u00ed se\u00f1or, soy muy sana, no tengo diabetes, no uso lentes para caminar, s\u00f3lo para leer, no padezco enfermedades ni dolencias serias, como de todo, puedo decir que tengo una salud m\u00e1s buena que muchas personas de 30 a\u00f1os.<br \/>\n<strong>\u2013 \u00bfQu\u00e9 experiencia ha tenido y mantiene usted con Dios?<\/strong><br \/>\n&#8211; Todos los momentos de mi vida han sido felices, recuerdo cuando conoc\u00ed a Cristo, yo andaba con mi esposo en una plaza, hab\u00eda unos predicadores predicando, le dije a mi esposo que \u2018sigamos a los canutos\u2019, porque me gustaba lo que ellos dec\u00edan, desde entonces sigo los pasos del Se\u00f1or.<br \/>\n<strong>\u2013 \u00bfQu\u00e9 opina de los a\u00f1os de vida que Dios le ha dado?<\/strong><br \/>\n\u2013 Yo estoy agradecida primeramente con Dios, que me ha regalado estos 100 a\u00f1os de vida; con mis hijos, pues ellos siempre me han colmado de atenciones, han sido muy obedientes y tambi\u00e9n con mis hermanos en la iglesia, pues con ellos llevo a\u00f1os caminando.<\/p>\n<p><strong>SENTIDO P\u00c9SAME<\/strong><br \/>\nTodo el personal que laboramos en Diario El Trabajo, por este medio hoy hacemos p\u00fablico nuestro hondo pesar por el fallecimiento de esta mujer especial, honramos su labor entre nosotros, por su entrega a los suyos; por todas las l\u00e1grimas que han secado sus manos; por las tantas tardes arrullando a los suyos y por las mil cosas que una madre hace por sus hijos, por eso decimos: \u00a1Hasta Siempre Mama Rosita!<br \/>\n<strong>Roberto Gonz\u00e1lez Short<\/strong><br \/>\n<strong>rgonzalez@eltrabajo.cl<\/strong><\/p>\n<div class=\"tiled-gallery type-rectangular tiled-gallery-unresized\" data-original-width=\"640\" data-carousel-extra='null' itemscope itemtype=\"http:\/\/schema.org\/ImageGallery\" > <div class=\"gallery-row\" style=\"width: 640px; height: 283px;\" data-original-width=\"640\" data-original-height=\"283\" > <div class=\"gallery-group images-1\" style=\"width: 428px; height: 283px;\" data-original-width=\"428\" data-original-height=\"283\" > <div class=\"tiled-gallery-item tiled-gallery-item-large\" itemprop=\"associatedMedia\" itemscope itemtype=\"http:\/\/schema.org\/ImageObject\"> <a href=\"https:\/\/eltrabajo.cl\/portal\/a-sus-103-anos-ayer-sepultaron-a-la-querida-mama-rosa-soto\/daniel-parada\/\" border=\"0\" itemprop=\"url\"> <meta itemprop=\"width\" content=\"424\"> <meta itemprop=\"height\" content=\"279\"> <img decoding=\"async\" class=\"\" data-attachment-id=\"68786\" data-orig-file=\"https:\/\/eltrabajo.cl\/portal\/wp-content\/uploads\/2016\/04\/Daniel-Parada.jpg\" data-orig-size=\"530,348\" data-comments-opened=\"1\" data-image-meta=\"{&quot;aperture&quot;:&quot;0&quot;,&quot;credit&quot;:&quot;&quot;,&quot;camera&quot;:&quot;&quot;,&quot;caption&quot;:&quot;&quot;,&quot;created_timestamp&quot;:&quot;0&quot;,&quot;copyright&quot;:&quot;&quot;,&quot;focal_length&quot;:&quot;0&quot;,&quot;iso&quot;:&quot;0&quot;,&quot;shutter_speed&quot;:&quot;0&quot;,&quot;title&quot;:&quot;&quot;,&quot;orientation&quot;:&quot;0&quot;}\" data-image-title=\"Daniel Parada, hijo de do\u00f1a Rosa: \u00abSe nos fue la madre. De ella aprendimos el valor de la familia y el amor entre hermanos\u00bb.\" data-image-description=\"&lt;p&gt;Daniel Parada, hijo de do\u00f1a Rosa: \u00abSe nos fue la madre. De ella aprendimos el valor de la familia y el amor entre hermanos\u00bb.&lt;\/p&gt; \" data-medium-file=\"https:\/\/i0.wp.com\/eltrabajo.cl\/portal\/wp-content\/uploads\/2016\/04\/Daniel-Parada.jpg?fit=300%2C197&#038;ssl=1\" data-large-file=\"https:\/\/i0.wp.com\/eltrabajo.cl\/portal\/wp-content\/uploads\/2016\/04\/Daniel-Parada.jpg?fit=530%2C348&#038;ssl=1\" src=\"https:\/\/i0.wp.com\/eltrabajo.cl\/portal\/wp-content\/uploads\/2016\/04\/Daniel-Parada.jpg?w=424&#038;h=279&#038;ssl=1\" srcset=\"https:\/\/i0.wp.com\/eltrabajo.cl\/portal\/wp-content\/uploads\/2016\/04\/Daniel-Parada.jpg?w=530&amp;ssl=1 530w, https:\/\/i0.wp.com\/eltrabajo.cl\/portal\/wp-content\/uploads\/2016\/04\/Daniel-Parada.jpg?resize=200%2C131&amp;ssl=1 200w, https:\/\/i0.wp.com\/eltrabajo.cl\/portal\/wp-content\/uploads\/2016\/04\/Daniel-Parada.jpg?resize=300%2C197&amp;ssl=1 300w, https:\/\/i0.wp.com\/eltrabajo.cl\/portal\/wp-content\/uploads\/2016\/04\/Daniel-Parada.jpg?resize=228%2C150&amp;ssl=1 228w, https:\/\/i0.wp.com\/eltrabajo.cl\/portal\/wp-content\/uploads\/2016\/04\/Daniel-Parada.jpg?resize=400%2C263&amp;ssl=1 400w\" width=\"424\" height=\"279\" loading=\"lazy\" data-original-width=\"424\" data-original-height=\"279\" itemprop=\"http:\/\/schema.org\/image\" title=\"Daniel Parada, hijo de do\u00f1a Rosa: \u00abSe nos fue la madre. De ella aprendimos el valor de la familia y el amor entre hermanos\u00bb.\" alt=\"Daniel Parada, hijo de do\u00f1a Rosa: \u00abSe nos fue la madre. De ella aprendimos el valor de la familia y el amor entre hermanos\u00bb.\" style=\"width: 424px; height: 279px;\" \/> <\/a> <div class=\"tiled-gallery-caption\" itemprop=\"caption description\"> Daniel Parada, hijo de do\u00f1a Rosa: \u00abSe nos fue la madre. De ella aprendimos el valor de la familia y el amor entre hermanos\u00bb. <\/div> <\/div> <\/div> <!-- close group --> <div class=\"gallery-group images-2\" style=\"width: 212px; height: 283px;\" data-original-width=\"212\" data-original-height=\"283\" > <div class=\"tiled-gallery-item tiled-gallery-item-small\" itemprop=\"associatedMedia\" itemscope itemtype=\"http:\/\/schema.org\/ImageObject\"> <a href=\"https:\/\/eltrabajo.cl\/portal\/a-sus-103-anos-ayer-sepultaron-a-la-querida-mama-rosa-soto\/funerales2-3\/\" border=\"0\" itemprop=\"url\"> <meta itemprop=\"width\" content=\"208\"> <meta itemprop=\"height\" content=\"138\"> <img decoding=\"async\" class=\"\" data-attachment-id=\"68787\" data-orig-file=\"https:\/\/eltrabajo.cl\/portal\/wp-content\/uploads\/2016\/04\/Funerales2.jpg\" data-orig-size=\"528,350\" data-comments-opened=\"1\" data-image-meta=\"{&quot;aperture&quot;:&quot;0&quot;,&quot;credit&quot;:&quot;&quot;,&quot;camera&quot;:&quot;&quot;,&quot;caption&quot;:&quot;&quot;,&quot;created_timestamp&quot;:&quot;0&quot;,&quot;copyright&quot;:&quot;&quot;,&quot;focal_length&quot;:&quot;0&quot;,&quot;iso&quot;:&quot;0&quot;,&quot;shutter_speed&quot;:&quot;0&quot;,&quot;title&quot;:&quot;&quot;,&quot;orientation&quot;:&quot;0&quot;}\" data-image-title=\"SE FUE ENTRE ROSAS.- Cientos de sanfelipe\u00f1os se dieron cita ayer jueves en el Cementerio Parque Almendral de La Troya, para despedir a do\u00f1a Rosa Soto, quien falleciera a sus 103 a\u00f1os. (Foto Roberto Gonz\u00e1lez Short)\" data-image-description=\"&lt;p&gt;SE FUE ENTRE ROSAS.- Cientos de sanfelipe\u00f1os se dieron cita ayer jueves en el Cementerio Parque Almendral de La Troya, para despedir a do\u00f1a Rosa Soto, quien falleciera a sus 103 a\u00f1os. (Foto Roberto Gonz\u00e1lez Short)&lt;\/p&gt; \" data-medium-file=\"https:\/\/i0.wp.com\/eltrabajo.cl\/portal\/wp-content\/uploads\/2016\/04\/Funerales2.jpg?fit=300%2C199&#038;ssl=1\" data-large-file=\"https:\/\/i0.wp.com\/eltrabajo.cl\/portal\/wp-content\/uploads\/2016\/04\/Funerales2.jpg?fit=528%2C350&#038;ssl=1\" src=\"https:\/\/i0.wp.com\/eltrabajo.cl\/portal\/wp-content\/uploads\/2016\/04\/Funerales2.jpg?w=208&#038;h=138&#038;ssl=1\" srcset=\"https:\/\/i0.wp.com\/eltrabajo.cl\/portal\/wp-content\/uploads\/2016\/04\/Funerales2.jpg?w=528&amp;ssl=1 528w, https:\/\/i0.wp.com\/eltrabajo.cl\/portal\/wp-content\/uploads\/2016\/04\/Funerales2.jpg?resize=200%2C133&amp;ssl=1 200w, https:\/\/i0.wp.com\/eltrabajo.cl\/portal\/wp-content\/uploads\/2016\/04\/Funerales2.jpg?resize=300%2C199&amp;ssl=1 300w, https:\/\/i0.wp.com\/eltrabajo.cl\/portal\/wp-content\/uploads\/2016\/04\/Funerales2.jpg?resize=226%2C150&amp;ssl=1 226w, https:\/\/i0.wp.com\/eltrabajo.cl\/portal\/wp-content\/uploads\/2016\/04\/Funerales2.jpg?resize=400%2C265&amp;ssl=1 400w\" width=\"208\" height=\"138\" loading=\"lazy\" data-original-width=\"208\" data-original-height=\"138\" itemprop=\"http:\/\/schema.org\/image\" title=\"SE FUE ENTRE ROSAS.- Cientos de sanfelipe\u00f1os se dieron cita ayer jueves en el Cementerio Parque Almendral de La Troya, para despedir a do\u00f1a Rosa Soto, quien falleciera a sus 103 a\u00f1os. (Foto Roberto Gonz\u00e1lez Short)\" alt=\"SE FUE ENTRE ROSAS.- Cientos de sanfelipe\u00f1os se dieron cita ayer jueves en el Cementerio Parque Almendral de La Troya, para despedir a do\u00f1a Rosa Soto, quien falleciera a sus 103 a\u00f1os. (Foto Roberto Gonz\u00e1lez Short)\" style=\"width: 208px; height: 138px;\" \/> <\/a> <div class=\"tiled-gallery-caption\" itemprop=\"caption description\"> SE FUE ENTRE ROSAS.- Cientos de sanfelipe\u00f1os se dieron cita ayer jueves en el Cementerio Parque Almendral de La Troya, para despedir a do\u00f1a Rosa Soto, quien falleciera a sus 103 a\u00f1os. (Foto Roberto Gonz\u00e1lez Short) <\/div> <\/div> <div class=\"tiled-gallery-item tiled-gallery-item-small\" itemprop=\"associatedMedia\" itemscope itemtype=\"http:\/\/schema.org\/ImageObject\"> <a href=\"https:\/\/eltrabajo.cl\/portal\/a-sus-103-anos-ayer-sepultaron-a-la-querida-mama-rosa-soto\/hijos33\/\" border=\"0\" itemprop=\"url\"> <meta itemprop=\"width\" content=\"208\"> <meta itemprop=\"height\" content=\"137\"> <img decoding=\"async\" class=\"\" data-attachment-id=\"68788\" data-orig-file=\"https:\/\/eltrabajo.cl\/portal\/wp-content\/uploads\/2016\/04\/Hijos33.jpg\" data-orig-size=\"530,350\" data-comments-opened=\"1\" data-image-meta=\"{&quot;aperture&quot;:&quot;0&quot;,&quot;credit&quot;:&quot;&quot;,&quot;camera&quot;:&quot;&quot;,&quot;caption&quot;:&quot;&quot;,&quot;created_timestamp&quot;:&quot;0&quot;,&quot;copyright&quot;:&quot;&quot;,&quot;focal_length&quot;:&quot;0&quot;,&quot;iso&quot;:&quot;0&quot;,&quot;shutter_speed&quot;:&quot;0&quot;,&quot;title&quot;:&quot;&quot;,&quot;orientation&quot;:&quot;0&quot;}\" data-image-title=\"SIEMPRE MADRE.- Ellos son los hijos de \u2018Mama Rosa\u2019, esta centenaria mujer tuvo doce hijos, de los cuales s\u00f3lo uno falleci\u00f3, 35 nietos, 47 bisnietos y un tataranieto.\" data-image-description=\"&lt;p&gt;SIEMPRE MADRE.- Ellos son los hijos de \u2018Mama Rosa\u2019, esta centenaria mujer tuvo doce hijos, de los cuales s\u00f3lo uno falleci\u00f3, 35 nietos, 47 bisnietos y un tataranieto. &lt;\/p&gt; \" data-medium-file=\"https:\/\/i0.wp.com\/eltrabajo.cl\/portal\/wp-content\/uploads\/2016\/04\/Hijos33.jpg?fit=300%2C198&#038;ssl=1\" data-large-file=\"https:\/\/i0.wp.com\/eltrabajo.cl\/portal\/wp-content\/uploads\/2016\/04\/Hijos33.jpg?fit=530%2C350&#038;ssl=1\" src=\"https:\/\/i0.wp.com\/eltrabajo.cl\/portal\/wp-content\/uploads\/2016\/04\/Hijos33.jpg?w=208&#038;h=137&#038;ssl=1\" srcset=\"https:\/\/i0.wp.com\/eltrabajo.cl\/portal\/wp-content\/uploads\/2016\/04\/Hijos33.jpg?w=530&amp;ssl=1 530w, https:\/\/i0.wp.com\/eltrabajo.cl\/portal\/wp-content\/uploads\/2016\/04\/Hijos33.jpg?resize=200%2C132&amp;ssl=1 200w, https:\/\/i0.wp.com\/eltrabajo.cl\/portal\/wp-content\/uploads\/2016\/04\/Hijos33.jpg?resize=300%2C198&amp;ssl=1 300w, https:\/\/i0.wp.com\/eltrabajo.cl\/portal\/wp-content\/uploads\/2016\/04\/Hijos33.jpg?resize=227%2C150&amp;ssl=1 227w, https:\/\/i0.wp.com\/eltrabajo.cl\/portal\/wp-content\/uploads\/2016\/04\/Hijos33.jpg?resize=400%2C264&amp;ssl=1 400w\" width=\"208\" height=\"137\" loading=\"lazy\" data-original-width=\"208\" data-original-height=\"137\" itemprop=\"http:\/\/schema.org\/image\" title=\"SIEMPRE MADRE.- Ellos son los hijos de \u2018Mama Rosa\u2019, esta centenaria mujer tuvo doce hijos, de los cuales s\u00f3lo uno falleci\u00f3, 35 nietos, 47 bisnietos y un tataranieto.\" alt=\"SIEMPRE MADRE.- Ellos son los hijos de \u2018Mama Rosa\u2019, esta centenaria mujer tuvo doce hijos, de los cuales s\u00f3lo uno falleci\u00f3, 35 nietos, 47 bisnietos y un tataranieto.\" style=\"width: 208px; height: 137px;\" \/> <\/a> <div class=\"tiled-gallery-caption\" itemprop=\"caption description\"> SIEMPRE MADRE.- Ellos son los hijos de \u2018Mama Rosa\u2019, esta centenaria mujer tuvo doce hijos, de los cuales s\u00f3lo uno falleci\u00f3, 35 nietos, 47 bisnietos y un tataranieto. <\/div> <\/div> <\/div> <!-- close group --> <\/div> <!-- close row --> <div class=\"gallery-row\" style=\"width: 640px; height: 212px;\" data-original-width=\"640\" data-original-height=\"212\" > <div class=\"gallery-group images-1\" style=\"width: 321px; height: 212px;\" data-original-width=\"321\" data-original-height=\"212\" > <div class=\"tiled-gallery-item tiled-gallery-item-large\" itemprop=\"associatedMedia\" itemscope itemtype=\"http:\/\/schema.org\/ImageObject\"> <a href=\"https:\/\/eltrabajo.cl\/portal\/a-sus-103-anos-ayer-sepultaron-a-la-querida-mama-rosa-soto\/recuerdo28\/\" border=\"0\" itemprop=\"url\"> <meta itemprop=\"width\" content=\"317\"> <meta itemprop=\"height\" content=\"208\"> <img decoding=\"async\" class=\"\" data-attachment-id=\"68789\" data-orig-file=\"https:\/\/eltrabajo.cl\/portal\/wp-content\/uploads\/2016\/04\/Recuerdo28.jpg\" data-orig-size=\"530,348\" data-comments-opened=\"1\" data-image-meta=\"{&quot;aperture&quot;:&quot;0&quot;,&quot;credit&quot;:&quot;&quot;,&quot;camera&quot;:&quot;&quot;,&quot;caption&quot;:&quot;&quot;,&quot;created_timestamp&quot;:&quot;0&quot;,&quot;copyright&quot;:&quot;&quot;,&quot;focal_length&quot;:&quot;0&quot;,&quot;iso&quot;:&quot;0&quot;,&quot;shutter_speed&quot;:&quot;0&quot;,&quot;title&quot;:&quot;&quot;,&quot;orientation&quot;:&quot;0&quot;}\" data-image-title=\"As\u00ed luc\u00eda do\u00f1a Rosa cuando joven, su vida siempre la dedic\u00f3 a servir al se\u00f1or Jesucristo, y a sus hijos.\" data-image-description=\"&lt;p&gt;As\u00ed luc\u00eda do\u00f1a Rosa cuando joven, su vida siempre la dedic\u00f3 a servir al se\u00f1or Jesucristo, y a sus hijos.&lt;\/p&gt; \" data-medium-file=\"https:\/\/i0.wp.com\/eltrabajo.cl\/portal\/wp-content\/uploads\/2016\/04\/Recuerdo28.jpg?fit=300%2C197&#038;ssl=1\" data-large-file=\"https:\/\/i0.wp.com\/eltrabajo.cl\/portal\/wp-content\/uploads\/2016\/04\/Recuerdo28.jpg?fit=530%2C348&#038;ssl=1\" src=\"https:\/\/i0.wp.com\/eltrabajo.cl\/portal\/wp-content\/uploads\/2016\/04\/Recuerdo28.jpg?w=317&#038;h=208&#038;ssl=1\" srcset=\"https:\/\/i0.wp.com\/eltrabajo.cl\/portal\/wp-content\/uploads\/2016\/04\/Recuerdo28.jpg?w=530&amp;ssl=1 530w, https:\/\/i0.wp.com\/eltrabajo.cl\/portal\/wp-content\/uploads\/2016\/04\/Recuerdo28.jpg?resize=200%2C131&amp;ssl=1 200w, https:\/\/i0.wp.com\/eltrabajo.cl\/portal\/wp-content\/uploads\/2016\/04\/Recuerdo28.jpg?resize=300%2C197&amp;ssl=1 300w, https:\/\/i0.wp.com\/eltrabajo.cl\/portal\/wp-content\/uploads\/2016\/04\/Recuerdo28.jpg?resize=228%2C150&amp;ssl=1 228w, https:\/\/i0.wp.com\/eltrabajo.cl\/portal\/wp-content\/uploads\/2016\/04\/Recuerdo28.jpg?resize=400%2C263&amp;ssl=1 400w\" width=\"317\" height=\"208\" loading=\"lazy\" data-original-width=\"317\" data-original-height=\"208\" itemprop=\"http:\/\/schema.org\/image\" title=\"As\u00ed luc\u00eda do\u00f1a Rosa cuando joven, su vida siempre la dedic\u00f3 a servir al se\u00f1or Jesucristo, y a sus hijos.\" alt=\"As\u00ed luc\u00eda do\u00f1a Rosa cuando joven, su vida siempre la dedic\u00f3 a servir al se\u00f1or Jesucristo, y a sus hijos.\" style=\"width: 317px; height: 208px;\" \/> <\/a> <div class=\"tiled-gallery-caption\" itemprop=\"caption description\"> As\u00ed luc\u00eda do\u00f1a Rosa cuando joven, su vida siempre la dedic\u00f3 a servir al se\u00f1or Jesucristo, y a sus hijos. <\/div> <\/div> <\/div> <!-- close group --> <div class=\"gallery-group images-1\" style=\"width: 319px; height: 212px;\" data-original-width=\"319\" data-original-height=\"212\" > <div class=\"tiled-gallery-item tiled-gallery-item-large\" itemprop=\"associatedMedia\" itemscope itemtype=\"http:\/\/schema.org\/ImageObject\"> <a href=\"https:\/\/eltrabajo.cl\/portal\/a-sus-103-anos-ayer-sepultaron-a-la-querida-mama-rosa-soto\/rosa-soto-2\/\" border=\"0\" itemprop=\"url\"> <meta itemprop=\"width\" content=\"315\"> <meta itemprop=\"height\" content=\"208\"> <img decoding=\"async\" class=\"\" data-attachment-id=\"68790\" data-orig-file=\"https:\/\/eltrabajo.cl\/portal\/wp-content\/uploads\/2016\/04\/Rosa-Soto.jpg\" data-orig-size=\"530,350\" data-comments-opened=\"1\" data-image-meta=\"{&quot;aperture&quot;:&quot;0&quot;,&quot;credit&quot;:&quot;&quot;,&quot;camera&quot;:&quot;&quot;,&quot;caption&quot;:&quot;&quot;,&quot;created_timestamp&quot;:&quot;0&quot;,&quot;copyright&quot;:&quot;&quot;,&quot;focal_length&quot;:&quot;0&quot;,&quot;iso&quot;:&quot;0&quot;,&quot;shutter_speed&quot;:&quot;0&quot;,&quot;title&quot;:&quot;&quot;,&quot;orientation&quot;:&quot;0&quot;}\" data-image-title=\"Rosa Soto Bravo, muri\u00f3 a la edad de 103 a\u00f1os.\" data-image-description=\"&lt;p&gt;Rosa Soto Bravo, muri\u00f3 a la edad de 103 a\u00f1os.&lt;\/p&gt; \" data-medium-file=\"https:\/\/i0.wp.com\/eltrabajo.cl\/portal\/wp-content\/uploads\/2016\/04\/Rosa-Soto.jpg?fit=300%2C198&#038;ssl=1\" data-large-file=\"https:\/\/i0.wp.com\/eltrabajo.cl\/portal\/wp-content\/uploads\/2016\/04\/Rosa-Soto.jpg?fit=530%2C350&#038;ssl=1\" src=\"https:\/\/i0.wp.com\/eltrabajo.cl\/portal\/wp-content\/uploads\/2016\/04\/Rosa-Soto.jpg?w=315&#038;h=208&#038;ssl=1\" srcset=\"https:\/\/i0.wp.com\/eltrabajo.cl\/portal\/wp-content\/uploads\/2016\/04\/Rosa-Soto.jpg?w=530&amp;ssl=1 530w, https:\/\/i0.wp.com\/eltrabajo.cl\/portal\/wp-content\/uploads\/2016\/04\/Rosa-Soto.jpg?resize=200%2C132&amp;ssl=1 200w, https:\/\/i0.wp.com\/eltrabajo.cl\/portal\/wp-content\/uploads\/2016\/04\/Rosa-Soto.jpg?resize=300%2C198&amp;ssl=1 300w, https:\/\/i0.wp.com\/eltrabajo.cl\/portal\/wp-content\/uploads\/2016\/04\/Rosa-Soto.jpg?resize=227%2C150&amp;ssl=1 227w, https:\/\/i0.wp.com\/eltrabajo.cl\/portal\/wp-content\/uploads\/2016\/04\/Rosa-Soto.jpg?resize=400%2C264&amp;ssl=1 400w\" width=\"315\" height=\"208\" loading=\"lazy\" data-original-width=\"315\" data-original-height=\"208\" itemprop=\"http:\/\/schema.org\/image\" title=\"Rosa Soto Bravo, muri\u00f3 a la edad de 103 a\u00f1os.\" alt=\"Rosa Soto Bravo, muri\u00f3 a la edad de 103 a\u00f1os.\" style=\"width: 315px; height: 208px;\" \/> <\/a> <div class=\"tiled-gallery-caption\" itemprop=\"caption description\"> Rosa Soto Bravo, muri\u00f3 a la edad de 103 a\u00f1os. <\/div> <\/div> <\/div> <!-- close group --> <\/div> <!-- close row --> <\/div>\n","protected":false},"excerpt":{"rendered":"<p>Un a\u00f1o antes de que Austria le declarara la guerra a Serbia el 28 de julio de 1914, provocando as\u00ed la Primera Guerra Mundial, ya en un pueblito llamado Buen Amigo de&#8230;<\/p>\n","protected":false},"author":1,"featured_media":0,"comment_status":"open","ping_status":"open","sticky":false,"template":"","format":"standard","meta":{"advanced_seo_description":"","jetpack_seo_html_title":"","jetpack_seo_noindex":false,"_jetpack_memberships_contains_paid_content":false,"footnotes":""},"categories":[15],"tags":[],"class_list":["post-68785","post","type-post","status-publish","format-standard","hentry","category-comunidad"],"jetpack_featured_media_url":"","jetpack_sharing_enabled":true,"jetpack_likes_enabled":true,"jetpack-related-posts":[],"_links":{"self":[{"href":"https:\/\/eltrabajo.cl\/portal\/wp-json\/wp\/v2\/posts\/68785","targetHints":{"allow":["GET"]}}],"collection":[{"href":"https:\/\/eltrabajo.cl\/portal\/wp-json\/wp\/v2\/posts"}],"about":[{"href":"https:\/\/eltrabajo.cl\/portal\/wp-json\/wp\/v2\/types\/post"}],"author":[{"embeddable":true,"href":"https:\/\/eltrabajo.cl\/portal\/wp-json\/wp\/v2\/users\/1"}],"replies":[{"embeddable":true,"href":"https:\/\/eltrabajo.cl\/portal\/wp-json\/wp\/v2\/comments?post=68785"}],"version-history":[{"count":0,"href":"https:\/\/eltrabajo.cl\/portal\/wp-json\/wp\/v2\/posts\/68785\/revisions"}],"wp:attachment":[{"href":"https:\/\/eltrabajo.cl\/portal\/wp-json\/wp\/v2\/media?parent=68785"}],"wp:term":[{"taxonomy":"category","embeddable":true,"href":"https:\/\/eltrabajo.cl\/portal\/wp-json\/wp\/v2\/categories?post=68785"},{"taxonomy":"post_tag","embeddable":true,"href":"https:\/\/eltrabajo.cl\/portal\/wp-json\/wp\/v2\/tags?post=68785"}],"curies":[{"name":"wp","href":"https:\/\/api.w.org\/{rel}","templated":true}]}}