{"id":68800,"date":"2016-04-18T08:44:29","date_gmt":"2016-04-18T11:44:29","guid":{"rendered":"http:\/\/www.eltrabajo.cl\/portal\/?p=68800"},"modified":"2016-04-18T08:44:29","modified_gmt":"2016-04-18T11:44:29","slug":"municipio-entrega-generador-de-20-millones-al-apr-de-bellavista","status":"publish","type":"post","link":"https:\/\/eltrabajo.cl\/portal\/municipio-entrega-generador-de-20-millones-al-apr-de-bellavista\/","title":{"rendered":"Municipio entrega generador de $20 millones al APR de Bellavista"},"content":{"rendered":"<p>Con un valor cercano a los $20 millones y con una comunidad muy agradecida, este s\u00e1bado se inaugur\u00f3 una planta generadora de electricidad para la bomba del pozo del APR de Bellavista, lo que permitir\u00e1 a estas casi 600 personas contar con agua potable en caso de cat\u00e1strofes o de que el acueducto principal falle. Sin embargo, este proyecto implica reforzar a tres poblaciones, El Asiento, Bellavista y Barrancas, lo que implica una inversi\u00f3n total de $61.692.701.<\/p>\n<p><strong>SON 40 APR<\/strong><br \/>\n\u00abEsta es una inversi\u00f3n del MOP y de la DOH, tras haber postulado a un proyecto de la Subdere, para instalar un generador de 60 Kva para El Asiento (265 familias) y de 30 Kva para Barrancas (104 familias) y Bellavista (122 familias). Cada uno protegido debidamente dentro de una c\u00e1psula insonora y con caseta de resguardo\u00bb, explic\u00f3 el alcalde Patricio Freire al momento de entregar las llaves de la caseta al presidente del APR Bellavista, don Jos\u00e9 Manuel Arancibia, quien coment\u00f3 a nuestro medio que \u00abestamos muy agradecidos con este potente generador con su caseta, nuestro APR existe desde 1986, hasta ahora que tenemos este respaldo para casos de emergencia, agradecemos al Municipio y a Gobernaci\u00f3n por este apoyo tan importante\u00bb, dijo Arancibia.<br \/>\nEl gobernador Eduardo Le\u00f3n por su parte, coment\u00f3 que \u00abhace algunos meses inauguramos el sistema de la copa de agua en el sector, todo muy bonito, pero cuando se corta la luz el agua se va, por lo que estamos avanzando hacia aportar generadores a todos los APR de nuestra comuna, que son 40, por eso el Municipio postul\u00f3 este proyecto, que viene cumplir un compromiso de la presidente Bachelet, de lo cual tambi\u00e9n estamos agradecidos como Gobernaci\u00f3n\u00bb.<br \/>\nRoberto Gonz\u00e1lez Short<br \/>\nrgonzalez@eltrabajo.cl<\/p>\n<figure id=\"attachment_68802\" aria-describedby=\"caption-attachment-68802\" style=\"width: 300px\" class=\"wp-caption alignleft\"><a href=\"http:\/\/www.eltrabajo.cl\/portal\/municipio-entrega-generador-de-20-millones-al-apr-de-bellavista\/jose-arancibia\/\" rel=\"attachment wp-att-68802\"><img data-recalc-dims=\"1\" loading=\"lazy\" decoding=\"async\" class=\"size-medium wp-image-68802\" src=\"https:\/\/i0.wp.com\/www.eltrabajo.cl\/portal\/wp-content\/uploads\/2016\/04\/Jose-Arancibia-300x198.jpg?resize=300%2C198\" alt=\"Presidente del APR Bellavista, don Jos\u00e9 Manuel Arancibia.\" width=\"300\" height=\"198\" srcset=\"https:\/\/i0.wp.com\/eltrabajo.cl\/portal\/wp-content\/uploads\/2016\/04\/Jose-Arancibia.jpg?resize=300%2C198&amp;ssl=1 300w, https:\/\/i0.wp.com\/eltrabajo.cl\/portal\/wp-content\/uploads\/2016\/04\/Jose-Arancibia.jpg?resize=200%2C132&amp;ssl=1 200w, https:\/\/i0.wp.com\/eltrabajo.cl\/portal\/wp-content\/uploads\/2016\/04\/Jose-Arancibia.jpg?resize=227%2C150&amp;ssl=1 227w, https:\/\/i0.wp.com\/eltrabajo.cl\/portal\/wp-content\/uploads\/2016\/04\/Jose-Arancibia.jpg?resize=400%2C264&amp;ssl=1 400w, https:\/\/i0.wp.com\/eltrabajo.cl\/portal\/wp-content\/uploads\/2016\/04\/Jose-Arancibia.jpg?w=530&amp;ssl=1 530w\" sizes=\"auto, (max-width: 300px) 100vw, 300px\" \/><\/a><figcaption id=\"caption-attachment-68802\" class=\"wp-caption-text\">Presidente del APR Bellavista, don Jos\u00e9 Manuel Arancibia.<\/figcaption><\/figure>\n<figure id=\"attachment_68803\" aria-describedby=\"caption-attachment-68803\" style=\"width: 300px\" class=\"wp-caption alignleft\"><a href=\"http:\/\/www.eltrabajo.cl\/portal\/municipio-entrega-generador-de-20-millones-al-apr-de-bellavista\/mario-calderon\/\" rel=\"attachment wp-att-68803\"><img data-recalc-dims=\"1\" loading=\"lazy\" decoding=\"async\" class=\"size-medium wp-image-68803\" src=\"https:\/\/i0.wp.com\/www.eltrabajo.cl\/portal\/wp-content\/uploads\/2016\/04\/Mario-Calderon-300x198.jpg?resize=300%2C198\" alt=\"Mario Calder\u00f3n, vecino: \u00abMuy importante para nosotros la llegada de este generador, as\u00ed, no se nos repetir\u00e1 lo del terremoto de 2010\u00bb.\" width=\"300\" height=\"198\" srcset=\"https:\/\/i0.wp.com\/eltrabajo.cl\/portal\/wp-content\/uploads\/2016\/04\/Mario-Calderon.jpg?resize=300%2C198&amp;ssl=1 300w, https:\/\/i0.wp.com\/eltrabajo.cl\/portal\/wp-content\/uploads\/2016\/04\/Mario-Calderon.jpg?resize=200%2C132&amp;ssl=1 200w, https:\/\/i0.wp.com\/eltrabajo.cl\/portal\/wp-content\/uploads\/2016\/04\/Mario-Calderon.jpg?resize=228%2C150&amp;ssl=1 228w, https:\/\/i0.wp.com\/eltrabajo.cl\/portal\/wp-content\/uploads\/2016\/04\/Mario-Calderon.jpg?resize=400%2C263&amp;ssl=1 400w, https:\/\/i0.wp.com\/eltrabajo.cl\/portal\/wp-content\/uploads\/2016\/04\/Mario-Calderon.jpg?w=530&amp;ssl=1 530w\" sizes=\"auto, (max-width: 300px) 100vw, 300px\" \/><\/a><figcaption id=\"caption-attachment-68803\" class=\"wp-caption-text\">Mario Calder\u00f3n, vecino: \u00abMuy importante para nosotros la llegada de este generador, as\u00ed, no se nos repetir\u00e1 lo del terremoto de 2010\u00bb.<\/figcaption><\/figure>\n<figure id=\"attachment_68801\" aria-describedby=\"caption-attachment-68801\" style=\"width: 530px\" class=\"wp-caption alignleft\"><a href=\"http:\/\/www.eltrabajo.cl\/portal\/municipio-entrega-generador-de-20-millones-al-apr-de-bellavista\/raul-araya\/\" rel=\"attachment wp-att-68801\"><img data-recalc-dims=\"1\" loading=\"lazy\" decoding=\"async\" class=\"size-full wp-image-68801\" src=\"https:\/\/i0.wp.com\/www.eltrabajo.cl\/portal\/wp-content\/uploads\/2016\/04\/Raul-Araya.jpg?resize=530%2C349\" alt=\"GENERADOR NUEVO.- Don Ra\u00fal Araya muestra el generador a las c\u00e1maras de Diario El Trabaja, \u00e9l opera este equipo.\" width=\"530\" height=\"349\" srcset=\"https:\/\/i0.wp.com\/eltrabajo.cl\/portal\/wp-content\/uploads\/2016\/04\/Raul-Araya.jpg?w=530&amp;ssl=1 530w, https:\/\/i0.wp.com\/eltrabajo.cl\/portal\/wp-content\/uploads\/2016\/04\/Raul-Araya.jpg?resize=200%2C132&amp;ssl=1 200w, https:\/\/i0.wp.com\/eltrabajo.cl\/portal\/wp-content\/uploads\/2016\/04\/Raul-Araya.jpg?resize=300%2C198&amp;ssl=1 300w, https:\/\/i0.wp.com\/eltrabajo.cl\/portal\/wp-content\/uploads\/2016\/04\/Raul-Araya.jpg?resize=228%2C150&amp;ssl=1 228w, https:\/\/i0.wp.com\/eltrabajo.cl\/portal\/wp-content\/uploads\/2016\/04\/Raul-Araya.jpg?resize=400%2C263&amp;ssl=1 400w\" sizes=\"auto, (max-width: 530px) 100vw, 530px\" \/><\/a><figcaption id=\"caption-attachment-68801\" class=\"wp-caption-text\">GENERADOR NUEVO.- Don Ra\u00fal Araya muestra el generador a las c\u00e1maras de Diario El Trabaja, \u00e9l opera este equipo.<\/figcaption><\/figure>\n","protected":false},"excerpt":{"rendered":"<p>Con un valor cercano a los $20 millones y con una comunidad muy agradecida, este s\u00e1bado se inaugur\u00f3 una planta generadora de electricidad para la bomba del pozo del APR de Bellavista,&#8230;<\/p>\n","protected":false},"author":1,"featured_media":68801,"comment_status":"open","ping_status":"open","sticky":false,"template":"","format":"standard","meta":{"advanced_seo_description":"","jetpack_seo_html_title":"","jetpack_seo_noindex":false,"_jetpack_memberships_contains_paid_content":false,"footnotes":""},"categories":[1],"tags":[],"class_list":["post-68800","post","type-post","status-publish","format-standard","has-post-thumbnail","hentry","category-cronica"],"jetpack_featured_media_url":"https:\/\/i0.wp.com\/eltrabajo.cl\/portal\/wp-content\/uploads\/2016\/04\/Raul-Araya.jpg?fit=530%2C349&ssl=1","jetpack_sharing_enabled":true,"jetpack_likes_enabled":true,"jetpack-related-posts":[],"_links":{"self":[{"href":"https:\/\/eltrabajo.cl\/portal\/wp-json\/wp\/v2\/posts\/68800","targetHints":{"allow":["GET"]}}],"collection":[{"href":"https:\/\/eltrabajo.cl\/portal\/wp-json\/wp\/v2\/posts"}],"about":[{"href":"https:\/\/eltrabajo.cl\/portal\/wp-json\/wp\/v2\/types\/post"}],"author":[{"embeddable":true,"href":"https:\/\/eltrabajo.cl\/portal\/wp-json\/wp\/v2\/users\/1"}],"replies":[{"embeddable":true,"href":"https:\/\/eltrabajo.cl\/portal\/wp-json\/wp\/v2\/comments?post=68800"}],"version-history":[{"count":0,"href":"https:\/\/eltrabajo.cl\/portal\/wp-json\/wp\/v2\/posts\/68800\/revisions"}],"wp:featuredmedia":[{"embeddable":true,"href":"https:\/\/eltrabajo.cl\/portal\/wp-json\/wp\/v2\/media\/68801"}],"wp:attachment":[{"href":"https:\/\/eltrabajo.cl\/portal\/wp-json\/wp\/v2\/media?parent=68800"}],"wp:term":[{"taxonomy":"category","embeddable":true,"href":"https:\/\/eltrabajo.cl\/portal\/wp-json\/wp\/v2\/categories?post=68800"},{"taxonomy":"post_tag","embeddable":true,"href":"https:\/\/eltrabajo.cl\/portal\/wp-json\/wp\/v2\/tags?post=68800"}],"curies":[{"name":"wp","href":"https:\/\/api.w.org\/{rel}","templated":true}]}}