{"id":68806,"date":"2016-04-18T08:51:50","date_gmt":"2016-04-18T11:51:50","guid":{"rendered":"http:\/\/www.eltrabajo.cl\/portal\/?p=68806"},"modified":"2016-04-18T08:51:50","modified_gmt":"2016-04-18T11:51:50","slug":"tras-34-anos-el-orfeon-aconcagua-por-fin-tiene-sede-para-ensayar","status":"publish","type":"post","link":"https:\/\/eltrabajo.cl\/portal\/tras-34-anos-el-orfeon-aconcagua-por-fin-tiene-sede-para-ensayar\/","title":{"rendered":"Tras 34 a\u00f1os, el Orfe\u00f3n Aconcagua por fin tiene sede para ensayar"},"content":{"rendered":"<p>Despu\u00e9s de 34 a\u00f1os de existencia y sin contar con un lugar para realizar sus ensayos y guardar sus instrumentos, gracias a la iniciativa del Municipio la noche de este viernes se hizo entrega al Orfe\u00f3n Aconcagua de su propia sala de ensayos, instalaciones que est\u00e1n en Santo Domingo sector Estadio. Son 25 los m\u00fasicos aconcag\u00fcinos los que dan vida y fuerza a este tesoro art\u00edstico-cultural de nuestro valle, lo componen m\u00fasicos j\u00f3venes, adultos y adultos mayores.<br \/>\nPor su parte el alcalde Patricio Freire, coment\u00f3 que \u00abdesde que llegamos al municipio vimos que el Orfe\u00f3n Aconcagua andaban de un lado para otro, eso nos preocup\u00f3 y tambi\u00e9n nos hizo actuar, por eso estamos inaugurando este establecimiento, para que ellos puedan hacer sus ensayos de manera relajada y con sentido de pertenencia, la Municipalidad asume los gastos b\u00e1sicos de esta sede, luz, agua y mantenimiento\u00bb, explic\u00f3 el edil.<\/p>\n<p><strong>VOCES DEL ORFE\u00d3N<\/strong><br \/>\nDiario El Trabajo habl\u00f3 con el presidente del orfe\u00f3n, Luis Monge Sol\u00eds, quien coment\u00f3 a nuestro medio que \u00abesto es un sue\u00f1o hecho realidad despu\u00e9s de 34 a\u00f1os, ya no somos \u2018lolos\u2019 de 25 a\u00f1os que nos podamos mojar ni andar como gitanos de un lado para otro. Esperamos que m\u00e1s personas se interesen m\u00e1s en acercarse a nuestro orfe\u00f3n, las puertas est\u00e1n abiertas para todos\u00bb. Al acto de inauguraci\u00f3n asistieron concejales, el diputado Gaspar Rivas y otras figuras p\u00fablicas.<br \/>\nNuestro medio habl\u00f3 con el integrante del Orfe\u00f3n Aconcagua con mayor edad y experiencia, don Ra\u00fal Fredes Ahumada, de 78 a\u00f1os y quien integra este orfe\u00f3n desde hace 22 a\u00f1os, \u00e9l toca el tromb\u00f3n de vara, \u00aba todos les he podido ense\u00f1ar un poquito de lo que s\u00e9, estoy muy contento porque ahora tenemos sala de ensayos propia\u00bb, dijo Fredes a Diario El Trabajo.<br \/>\nUna de las mujeres que tambi\u00e9n dan vida y elegancia a esta agrupaci\u00f3n aconcag\u00fcina, Ver\u00f3nica Millas, violinista y quien es profesora en Santa Mar\u00eda, \u00abmaravilloso porque est\u00e1bamos cansados de estar ensayando en lugares que no nos pertenec\u00edan, desde muy chica estoy ensayando con el orfe\u00f3n, aunque de manera oficial milito desde hace dos a\u00f1os\u00bb.<br \/>\nJoaqu\u00edn Gallegos, el m\u00fasico m\u00e1s joven del orfe\u00f3n, estaba muy contento, \u00abtengo 15 a\u00f1os, soy alumno del Liceo Bicentenario Cordillera, a los j\u00f3venes del valle les quiero invitar a disfrutar de acercarse al orfe\u00f3n, hay aqu\u00ed grandes personas y vivimos un gran compa\u00f1erismo\u00bb.<br \/>\nRoberto Gonz\u00e1lez Short<br \/>\nrgonzalez@eltrabajo.cl<\/p>\n<div class=\"tiled-gallery type-rectangular tiled-gallery-unresized\" data-original-width=\"640\" data-carousel-extra='null' itemscope itemtype=\"http:\/\/schema.org\/ImageGallery\" > <div class=\"gallery-row\" style=\"width: 640px; height: 283px;\" data-original-width=\"640\" data-original-height=\"283\" > <div class=\"gallery-group images-1\" style=\"width: 427px; height: 283px;\" data-original-width=\"427\" data-original-height=\"283\" > <div class=\"tiled-gallery-item tiled-gallery-item-large\" itemprop=\"associatedMedia\" itemscope itemtype=\"http:\/\/schema.org\/ImageObject\"> <a href=\"https:\/\/eltrabajo.cl\/portal\/tras-34-anos-el-orfeon-aconcagua-por-fin-tiene-sede-para-ensayar\/raul-fredes-ahumada\/\" border=\"0\" itemprop=\"url\"> <meta itemprop=\"width\" content=\"423\"> <meta itemprop=\"height\" content=\"279\"> <img decoding=\"async\" class=\"\" data-attachment-id=\"68814\" data-orig-file=\"https:\/\/eltrabajo.cl\/portal\/wp-content\/uploads\/2016\/04\/Raul-Fredes-Ahumada.jpg\" data-orig-size=\"530,349\" data-comments-opened=\"1\" data-image-meta=\"{&quot;aperture&quot;:&quot;0&quot;,&quot;credit&quot;:&quot;&quot;,&quot;camera&quot;:&quot;&quot;,&quot;caption&quot;:&quot;&quot;,&quot;created_timestamp&quot;:&quot;0&quot;,&quot;copyright&quot;:&quot;&quot;,&quot;focal_length&quot;:&quot;0&quot;,&quot;iso&quot;:&quot;0&quot;,&quot;shutter_speed&quot;:&quot;0&quot;,&quot;title&quot;:&quot;&quot;,&quot;orientation&quot;:&quot;0&quot;}\" data-image-title=\"Ra\u00fal Fredes Ahumada, de 78 a\u00f1os, es el m\u00fasico de mayor edad y experiencia.\" data-image-description=\"&lt;p&gt;Ra\u00fal Fredes Ahumada, de 78 a\u00f1os, es el m\u00fasico de mayor edad y experiencia.&lt;\/p&gt; \" data-medium-file=\"https:\/\/i0.wp.com\/eltrabajo.cl\/portal\/wp-content\/uploads\/2016\/04\/Raul-Fredes-Ahumada.jpg?fit=300%2C198&#038;ssl=1\" data-large-file=\"https:\/\/i0.wp.com\/eltrabajo.cl\/portal\/wp-content\/uploads\/2016\/04\/Raul-Fredes-Ahumada.jpg?fit=530%2C349&#038;ssl=1\" src=\"https:\/\/i0.wp.com\/eltrabajo.cl\/portal\/wp-content\/uploads\/2016\/04\/Raul-Fredes-Ahumada.jpg?w=423&#038;h=279&#038;ssl=1\" srcset=\"https:\/\/i0.wp.com\/eltrabajo.cl\/portal\/wp-content\/uploads\/2016\/04\/Raul-Fredes-Ahumada.jpg?w=530&amp;ssl=1 530w, https:\/\/i0.wp.com\/eltrabajo.cl\/portal\/wp-content\/uploads\/2016\/04\/Raul-Fredes-Ahumada.jpg?resize=200%2C132&amp;ssl=1 200w, https:\/\/i0.wp.com\/eltrabajo.cl\/portal\/wp-content\/uploads\/2016\/04\/Raul-Fredes-Ahumada.jpg?resize=300%2C198&amp;ssl=1 300w, https:\/\/i0.wp.com\/eltrabajo.cl\/portal\/wp-content\/uploads\/2016\/04\/Raul-Fredes-Ahumada.jpg?resize=228%2C150&amp;ssl=1 228w, https:\/\/i0.wp.com\/eltrabajo.cl\/portal\/wp-content\/uploads\/2016\/04\/Raul-Fredes-Ahumada.jpg?resize=400%2C263&amp;ssl=1 400w\" width=\"423\" height=\"279\" loading=\"lazy\" data-original-width=\"423\" data-original-height=\"279\" itemprop=\"http:\/\/schema.org\/image\" title=\"Ra\u00fal Fredes Ahumada, de 78 a\u00f1os, es el m\u00fasico de mayor edad y experiencia.\" alt=\"Ra\u00fal Fredes Ahumada, de 78 a\u00f1os, es el m\u00fasico de mayor edad y experiencia.\" style=\"width: 423px; height: 279px;\" \/> <\/a> <div class=\"tiled-gallery-caption\" itemprop=\"caption description\"> Ra\u00fal Fredes Ahumada, de 78 a\u00f1os, es el m\u00fasico de mayor edad y experiencia. <\/div> <\/div> <\/div> <!-- close group --> <div class=\"gallery-group images-2\" style=\"width: 213px; height: 283px;\" data-original-width=\"213\" data-original-height=\"283\" > <div class=\"tiled-gallery-item tiled-gallery-item-small\" itemprop=\"associatedMedia\" itemscope itemtype=\"http:\/\/schema.org\/ImageObject\"> <a href=\"https:\/\/eltrabajo.cl\/portal\/tras-34-anos-el-orfeon-aconcagua-por-fin-tiene-sede-para-ensayar\/veronica-millas\/\" border=\"0\" itemprop=\"url\"> <meta itemprop=\"width\" content=\"209\"> <meta itemprop=\"height\" content=\"138\"> <img decoding=\"async\" class=\"\" data-attachment-id=\"68815\" data-orig-file=\"https:\/\/eltrabajo.cl\/portal\/wp-content\/uploads\/2016\/04\/Veronica-Millas.jpg\" data-orig-size=\"530,349\" data-comments-opened=\"1\" data-image-meta=\"{&quot;aperture&quot;:&quot;0&quot;,&quot;credit&quot;:&quot;&quot;,&quot;camera&quot;:&quot;&quot;,&quot;caption&quot;:&quot;&quot;,&quot;created_timestamp&quot;:&quot;0&quot;,&quot;copyright&quot;:&quot;&quot;,&quot;focal_length&quot;:&quot;0&quot;,&quot;iso&quot;:&quot;0&quot;,&quot;shutter_speed&quot;:&quot;0&quot;,&quot;title&quot;:&quot;&quot;,&quot;orientation&quot;:&quot;0&quot;}\" data-image-title=\"Ver\u00f3nica Millas, violinista del Orfe\u00f3n Aconcagua.\" data-image-description=\"&lt;p&gt;Ver\u00f3nica Millas, violinista del Orfe\u00f3n Aconcagua.&lt;\/p&gt; \" data-medium-file=\"https:\/\/i0.wp.com\/eltrabajo.cl\/portal\/wp-content\/uploads\/2016\/04\/Veronica-Millas.jpg?fit=300%2C198&#038;ssl=1\" data-large-file=\"https:\/\/i0.wp.com\/eltrabajo.cl\/portal\/wp-content\/uploads\/2016\/04\/Veronica-Millas.jpg?fit=530%2C349&#038;ssl=1\" src=\"https:\/\/i0.wp.com\/eltrabajo.cl\/portal\/wp-content\/uploads\/2016\/04\/Veronica-Millas.jpg?w=209&#038;h=138&#038;ssl=1\" srcset=\"https:\/\/i0.wp.com\/eltrabajo.cl\/portal\/wp-content\/uploads\/2016\/04\/Veronica-Millas.jpg?w=530&amp;ssl=1 530w, https:\/\/i0.wp.com\/eltrabajo.cl\/portal\/wp-content\/uploads\/2016\/04\/Veronica-Millas.jpg?resize=200%2C132&amp;ssl=1 200w, https:\/\/i0.wp.com\/eltrabajo.cl\/portal\/wp-content\/uploads\/2016\/04\/Veronica-Millas.jpg?resize=300%2C198&amp;ssl=1 300w, https:\/\/i0.wp.com\/eltrabajo.cl\/portal\/wp-content\/uploads\/2016\/04\/Veronica-Millas.jpg?resize=228%2C150&amp;ssl=1 228w, https:\/\/i0.wp.com\/eltrabajo.cl\/portal\/wp-content\/uploads\/2016\/04\/Veronica-Millas.jpg?resize=400%2C263&amp;ssl=1 400w\" width=\"209\" height=\"138\" loading=\"lazy\" data-original-width=\"209\" data-original-height=\"138\" itemprop=\"http:\/\/schema.org\/image\" title=\"Ver\u00f3nica Millas, violinista del Orfe\u00f3n Aconcagua.\" alt=\"Ver\u00f3nica Millas, violinista del Orfe\u00f3n Aconcagua.\" style=\"width: 209px; height: 138px;\" \/> <\/a> <div class=\"tiled-gallery-caption\" itemprop=\"caption description\"> Ver\u00f3nica Millas, violinista del Orfe\u00f3n Aconcagua. <\/div> <\/div> <div class=\"tiled-gallery-item tiled-gallery-item-small\" itemprop=\"associatedMedia\" itemscope itemtype=\"http:\/\/schema.org\/ImageObject\"> <a href=\"https:\/\/eltrabajo.cl\/portal\/tras-34-anos-el-orfeon-aconcagua-por-fin-tiene-sede-para-ensayar\/orfeon4\/\" border=\"0\" itemprop=\"url\"> <meta itemprop=\"width\" content=\"209\"> <meta itemprop=\"height\" content=\"137\"> <img decoding=\"async\" class=\"\" data-attachment-id=\"68813\" data-orig-file=\"https:\/\/eltrabajo.cl\/portal\/wp-content\/uploads\/2016\/04\/Orfeon4.jpg\" data-orig-size=\"530,349\" data-comments-opened=\"1\" data-image-meta=\"{&quot;aperture&quot;:&quot;0&quot;,&quot;credit&quot;:&quot;&quot;,&quot;camera&quot;:&quot;&quot;,&quot;caption&quot;:&quot;&quot;,&quot;created_timestamp&quot;:&quot;0&quot;,&quot;copyright&quot;:&quot;&quot;,&quot;focal_length&quot;:&quot;0&quot;,&quot;iso&quot;:&quot;0&quot;,&quot;shutter_speed&quot;:&quot;0&quot;,&quot;title&quot;:&quot;&quot;,&quot;orientation&quot;:&quot;0&quot;}\" data-image-title=\"SIEMPRE EL ORFE\u00d3N.- Cada vez que veamos al Orfe\u00f3n Aconcagua actuar en nuestras comunas, podemos estar seguros de que ellos est\u00e1n alegres de hacer su trabajo.\" data-image-description=\"&lt;p&gt;SIEMPRE EL ORFE\u00d3N.- Cada vez que veamos al Orfe\u00f3n Aconcagua actuar en nuestras comunas, podemos estar seguros de que ellos est\u00e1n alegres de hacer su trabajo.&lt;\/p&gt; \" data-medium-file=\"https:\/\/i0.wp.com\/eltrabajo.cl\/portal\/wp-content\/uploads\/2016\/04\/Orfeon4.jpg?fit=300%2C198&#038;ssl=1\" data-large-file=\"https:\/\/i0.wp.com\/eltrabajo.cl\/portal\/wp-content\/uploads\/2016\/04\/Orfeon4.jpg?fit=530%2C349&#038;ssl=1\" src=\"https:\/\/i0.wp.com\/eltrabajo.cl\/portal\/wp-content\/uploads\/2016\/04\/Orfeon4.jpg?w=209&#038;h=137&#038;ssl=1\" srcset=\"https:\/\/i0.wp.com\/eltrabajo.cl\/portal\/wp-content\/uploads\/2016\/04\/Orfeon4.jpg?w=530&amp;ssl=1 530w, https:\/\/i0.wp.com\/eltrabajo.cl\/portal\/wp-content\/uploads\/2016\/04\/Orfeon4.jpg?resize=200%2C132&amp;ssl=1 200w, https:\/\/i0.wp.com\/eltrabajo.cl\/portal\/wp-content\/uploads\/2016\/04\/Orfeon4.jpg?resize=300%2C198&amp;ssl=1 300w, https:\/\/i0.wp.com\/eltrabajo.cl\/portal\/wp-content\/uploads\/2016\/04\/Orfeon4.jpg?resize=228%2C150&amp;ssl=1 228w, https:\/\/i0.wp.com\/eltrabajo.cl\/portal\/wp-content\/uploads\/2016\/04\/Orfeon4.jpg?resize=400%2C263&amp;ssl=1 400w\" width=\"209\" height=\"137\" loading=\"lazy\" data-original-width=\"209\" data-original-height=\"137\" itemprop=\"http:\/\/schema.org\/image\" title=\"SIEMPRE EL ORFE\u00d3N.- Cada vez que veamos al Orfe\u00f3n Aconcagua actuar en nuestras comunas, podemos estar seguros de que ellos est\u00e1n alegres de hacer su trabajo.\" alt=\"SIEMPRE EL ORFE\u00d3N.- Cada vez que veamos al Orfe\u00f3n Aconcagua actuar en nuestras comunas, podemos estar seguros de que ellos est\u00e1n alegres de hacer su trabajo.\" style=\"width: 209px; height: 137px;\" \/> <\/a> <div class=\"tiled-gallery-caption\" itemprop=\"caption description\"> SIEMPRE EL ORFE\u00d3N.- Cada vez que veamos al Orfe\u00f3n Aconcagua actuar en nuestras comunas, podemos estar seguros de que ellos est\u00e1n alegres de hacer su trabajo. <\/div> <\/div> <\/div> <!-- close group --> <\/div> <!-- close row --> <div class=\"gallery-row\" style=\"width: 640px; height: 283px;\" data-original-width=\"640\" data-original-height=\"283\" > <div class=\"gallery-group images-2\" style=\"width: 212px; height: 283px;\" data-original-width=\"212\" data-original-height=\"283\" > <div class=\"tiled-gallery-item tiled-gallery-item-small\" itemprop=\"associatedMedia\" itemscope itemtype=\"http:\/\/schema.org\/ImageObject\"> <a href=\"https:\/\/eltrabajo.cl\/portal\/tras-34-anos-el-orfeon-aconcagua-por-fin-tiene-sede-para-ensayar\/orfeon3\/\" border=\"0\" itemprop=\"url\"> <meta itemprop=\"width\" content=\"208\"> <meta itemprop=\"height\" content=\"138\"> <img decoding=\"async\" class=\"\" data-attachment-id=\"68812\" data-orig-file=\"https:\/\/eltrabajo.cl\/portal\/wp-content\/uploads\/2016\/04\/Orfeon3.jpg\" data-orig-size=\"530,350\" data-comments-opened=\"1\" data-image-meta=\"{&quot;aperture&quot;:&quot;0&quot;,&quot;credit&quot;:&quot;&quot;,&quot;camera&quot;:&quot;&quot;,&quot;caption&quot;:&quot;&quot;,&quot;created_timestamp&quot;:&quot;0&quot;,&quot;copyright&quot;:&quot;&quot;,&quot;focal_length&quot;:&quot;0&quot;,&quot;iso&quot;:&quot;0&quot;,&quot;shutter_speed&quot;:&quot;0&quot;,&quot;title&quot;:&quot;&quot;,&quot;orientation&quot;:&quot;0&quot;}\" data-image-title=\"BELLAS M\u00daSICOS.- Las damas tambi\u00e9n saben hacerlo bien, como dijo el mismo alcalde Freire, \u2018con las damas ahora el orfe\u00f3n se ve m\u00e1s bonito\u2019.\" data-image-description=\"&lt;p&gt;BELLAS M\u00daSICOS.- Las damas tambi\u00e9n saben hacerlo bien, como dijo el mismo alcalde Freire, \u2018con las damas ahora el orfe\u00f3n se ve m\u00e1s bonito\u2019.&lt;\/p&gt; \" data-medium-file=\"https:\/\/i0.wp.com\/eltrabajo.cl\/portal\/wp-content\/uploads\/2016\/04\/Orfeon3.jpg?fit=300%2C198&#038;ssl=1\" data-large-file=\"https:\/\/i0.wp.com\/eltrabajo.cl\/portal\/wp-content\/uploads\/2016\/04\/Orfeon3.jpg?fit=530%2C350&#038;ssl=1\" src=\"https:\/\/i0.wp.com\/eltrabajo.cl\/portal\/wp-content\/uploads\/2016\/04\/Orfeon3.jpg?w=208&#038;h=138&#038;ssl=1\" srcset=\"https:\/\/i0.wp.com\/eltrabajo.cl\/portal\/wp-content\/uploads\/2016\/04\/Orfeon3.jpg?w=530&amp;ssl=1 530w, https:\/\/i0.wp.com\/eltrabajo.cl\/portal\/wp-content\/uploads\/2016\/04\/Orfeon3.jpg?resize=200%2C132&amp;ssl=1 200w, https:\/\/i0.wp.com\/eltrabajo.cl\/portal\/wp-content\/uploads\/2016\/04\/Orfeon3.jpg?resize=300%2C198&amp;ssl=1 300w, https:\/\/i0.wp.com\/eltrabajo.cl\/portal\/wp-content\/uploads\/2016\/04\/Orfeon3.jpg?resize=227%2C150&amp;ssl=1 227w, https:\/\/i0.wp.com\/eltrabajo.cl\/portal\/wp-content\/uploads\/2016\/04\/Orfeon3.jpg?resize=400%2C264&amp;ssl=1 400w\" width=\"208\" height=\"138\" loading=\"lazy\" data-original-width=\"208\" data-original-height=\"138\" itemprop=\"http:\/\/schema.org\/image\" title=\"BELLAS M\u00daSICOS.- Las damas tambi\u00e9n saben hacerlo bien, como dijo el mismo alcalde Freire, \u2018con las damas ahora el orfe\u00f3n se ve m\u00e1s bonito\u2019.\" alt=\"BELLAS M\u00daSICOS.- Las damas tambi\u00e9n saben hacerlo bien, como dijo el mismo alcalde Freire, \u2018con las damas ahora el orfe\u00f3n se ve m\u00e1s bonito\u2019.\" style=\"width: 208px; height: 138px;\" \/> <\/a> <div class=\"tiled-gallery-caption\" itemprop=\"caption description\"> BELLAS M\u00daSICOS.- Las damas tambi\u00e9n saben hacerlo bien, como dijo el mismo alcalde Freire, \u2018con las damas ahora el orfe\u00f3n se ve m\u00e1s bonito\u2019. <\/div> <\/div> <div class=\"tiled-gallery-item tiled-gallery-item-small\" itemprop=\"associatedMedia\" itemscope itemtype=\"http:\/\/schema.org\/ImageObject\"> <a href=\"https:\/\/eltrabajo.cl\/portal\/tras-34-anos-el-orfeon-aconcagua-por-fin-tiene-sede-para-ensayar\/orfeon2\/\" border=\"0\" itemprop=\"url\"> <meta itemprop=\"width\" content=\"208\"> <meta itemprop=\"height\" content=\"137\"> <img decoding=\"async\" class=\"\" data-attachment-id=\"68811\" data-orig-file=\"https:\/\/eltrabajo.cl\/portal\/wp-content\/uploads\/2016\/04\/Orfeon2.jpg\" data-orig-size=\"530,350\" data-comments-opened=\"1\" data-image-meta=\"{&quot;aperture&quot;:&quot;0&quot;,&quot;credit&quot;:&quot;&quot;,&quot;camera&quot;:&quot;&quot;,&quot;caption&quot;:&quot;&quot;,&quot;created_timestamp&quot;:&quot;0&quot;,&quot;copyright&quot;:&quot;&quot;,&quot;focal_length&quot;:&quot;0&quot;,&quot;iso&quot;:&quot;0&quot;,&quot;shutter_speed&quot;:&quot;0&quot;,&quot;title&quot;:&quot;&quot;,&quot;orientation&quot;:&quot;0&quot;}\" data-image-title=\"MAGISTRAL.- No importa la edad, aqu\u00ed lo que vale es el talento y las ganas de alegrar a los dem\u00e1s con su talento.\" data-image-description=\"&lt;p&gt;MAGISTRAL.- No importa la edad, aqu\u00ed lo que vale es el talento y las ganas de alegrar a los dem\u00e1s con su talento.&lt;\/p&gt; \" data-medium-file=\"https:\/\/i0.wp.com\/eltrabajo.cl\/portal\/wp-content\/uploads\/2016\/04\/Orfeon2.jpg?fit=300%2C198&#038;ssl=1\" data-large-file=\"https:\/\/i0.wp.com\/eltrabajo.cl\/portal\/wp-content\/uploads\/2016\/04\/Orfeon2.jpg?fit=530%2C350&#038;ssl=1\" src=\"https:\/\/i0.wp.com\/eltrabajo.cl\/portal\/wp-content\/uploads\/2016\/04\/Orfeon2.jpg?w=208&#038;h=137&#038;ssl=1\" srcset=\"https:\/\/i0.wp.com\/eltrabajo.cl\/portal\/wp-content\/uploads\/2016\/04\/Orfeon2.jpg?w=530&amp;ssl=1 530w, https:\/\/i0.wp.com\/eltrabajo.cl\/portal\/wp-content\/uploads\/2016\/04\/Orfeon2.jpg?resize=200%2C132&amp;ssl=1 200w, https:\/\/i0.wp.com\/eltrabajo.cl\/portal\/wp-content\/uploads\/2016\/04\/Orfeon2.jpg?resize=300%2C198&amp;ssl=1 300w, https:\/\/i0.wp.com\/eltrabajo.cl\/portal\/wp-content\/uploads\/2016\/04\/Orfeon2.jpg?resize=227%2C150&amp;ssl=1 227w, https:\/\/i0.wp.com\/eltrabajo.cl\/portal\/wp-content\/uploads\/2016\/04\/Orfeon2.jpg?resize=400%2C264&amp;ssl=1 400w\" width=\"208\" height=\"137\" loading=\"lazy\" data-original-width=\"208\" data-original-height=\"137\" itemprop=\"http:\/\/schema.org\/image\" title=\"MAGISTRAL.- No importa la edad, aqu\u00ed lo que vale es el talento y las ganas de alegrar a los dem\u00e1s con su talento.\" alt=\"MAGISTRAL.- No importa la edad, aqu\u00ed lo que vale es el talento y las ganas de alegrar a los dem\u00e1s con su talento.\" style=\"width: 208px; height: 137px;\" \/> <\/a> <div class=\"tiled-gallery-caption\" itemprop=\"caption description\"> MAGISTRAL.- No importa la edad, aqu\u00ed lo que vale es el talento y las ganas de alegrar a los dem\u00e1s con su talento. <\/div> <\/div> <\/div> <!-- close group --> <div class=\"gallery-group images-1\" style=\"width: 428px; height: 283px;\" data-original-width=\"428\" data-original-height=\"283\" > <div class=\"tiled-gallery-item tiled-gallery-item-large\" itemprop=\"associatedMedia\" itemscope itemtype=\"http:\/\/schema.org\/ImageObject\"> <a href=\"https:\/\/eltrabajo.cl\/portal\/tras-34-anos-el-orfeon-aconcagua-por-fin-tiene-sede-para-ensayar\/orfeon1-5\/\" border=\"0\" itemprop=\"url\"> <meta itemprop=\"width\" content=\"424\"> <meta itemprop=\"height\" content=\"279\"> <img decoding=\"async\" class=\"\" data-attachment-id=\"68810\" data-orig-file=\"https:\/\/eltrabajo.cl\/portal\/wp-content\/uploads\/2016\/04\/Orfeon1.jpg\" data-orig-size=\"530,349\" data-comments-opened=\"1\" data-image-meta=\"{&quot;aperture&quot;:&quot;0&quot;,&quot;credit&quot;:&quot;&quot;,&quot;camera&quot;:&quot;&quot;,&quot;caption&quot;:&quot;&quot;,&quot;created_timestamp&quot;:&quot;0&quot;,&quot;copyright&quot;:&quot;&quot;,&quot;focal_length&quot;:&quot;0&quot;,&quot;iso&quot;:&quot;0&quot;,&quot;shutter_speed&quot;:&quot;0&quot;,&quot;title&quot;:&quot;&quot;,&quot;orientation&quot;:&quot;0&quot;}\" data-image-title=\"LOS DUE\u00d1OS.- En ese mismo lugar, en plena gala de inauguraci\u00f3n, el Orfe\u00f3n Aconcagua hizo de manera oficial su primera presentaci\u00f3n ante las autoridades.\" data-image-description=\"&lt;p&gt;LOS DUE\u00d1OS.- En ese mismo lugar, en plena gala de inauguraci\u00f3n, el Orfe\u00f3n Aconcagua hizo de manera oficial su primera presentaci\u00f3n ante las autoridades.&lt;\/p&gt; \" data-medium-file=\"https:\/\/i0.wp.com\/eltrabajo.cl\/portal\/wp-content\/uploads\/2016\/04\/Orfeon1.jpg?fit=300%2C198&#038;ssl=1\" data-large-file=\"https:\/\/i0.wp.com\/eltrabajo.cl\/portal\/wp-content\/uploads\/2016\/04\/Orfeon1.jpg?fit=530%2C349&#038;ssl=1\" src=\"https:\/\/i0.wp.com\/eltrabajo.cl\/portal\/wp-content\/uploads\/2016\/04\/Orfeon1.jpg?w=424&#038;h=279&#038;ssl=1\" srcset=\"https:\/\/i0.wp.com\/eltrabajo.cl\/portal\/wp-content\/uploads\/2016\/04\/Orfeon1.jpg?w=530&amp;ssl=1 530w, https:\/\/i0.wp.com\/eltrabajo.cl\/portal\/wp-content\/uploads\/2016\/04\/Orfeon1.jpg?resize=200%2C132&amp;ssl=1 200w, https:\/\/i0.wp.com\/eltrabajo.cl\/portal\/wp-content\/uploads\/2016\/04\/Orfeon1.jpg?resize=300%2C198&amp;ssl=1 300w, https:\/\/i0.wp.com\/eltrabajo.cl\/portal\/wp-content\/uploads\/2016\/04\/Orfeon1.jpg?resize=228%2C150&amp;ssl=1 228w, https:\/\/i0.wp.com\/eltrabajo.cl\/portal\/wp-content\/uploads\/2016\/04\/Orfeon1.jpg?resize=400%2C263&amp;ssl=1 400w\" width=\"424\" height=\"279\" loading=\"lazy\" data-original-width=\"424\" data-original-height=\"279\" itemprop=\"http:\/\/schema.org\/image\" title=\"LOS DUE\u00d1OS.- En ese mismo lugar, en plena gala de inauguraci\u00f3n, el Orfe\u00f3n Aconcagua hizo de manera oficial su primera presentaci\u00f3n ante las autoridades.\" alt=\"LOS DUE\u00d1OS.- En ese mismo lugar, en plena gala de inauguraci\u00f3n, el Orfe\u00f3n Aconcagua hizo de manera oficial su primera presentaci\u00f3n ante las autoridades.\" style=\"width: 424px; height: 279px;\" \/> <\/a> <div class=\"tiled-gallery-caption\" itemprop=\"caption description\"> LOS DUE\u00d1OS.- En ese mismo lugar, en plena gala de inauguraci\u00f3n, el Orfe\u00f3n Aconcagua hizo de manera oficial su primera presentaci\u00f3n ante las autoridades. <\/div> <\/div> <\/div> <!-- close group --> <\/div> <!-- close row --> <div class=\"gallery-row\" style=\"width: 640px; height: 212px;\" data-original-width=\"640\" data-original-height=\"212\" > <div class=\"gallery-group images-1\" style=\"width: 320px; height: 212px;\" data-original-width=\"320\" data-original-height=\"212\" > <div class=\"tiled-gallery-item tiled-gallery-item-large\" itemprop=\"associatedMedia\" itemscope itemtype=\"http:\/\/schema.org\/ImageObject\"> <a href=\"https:\/\/eltrabajo.cl\/portal\/tras-34-anos-el-orfeon-aconcagua-por-fin-tiene-sede-para-ensayar\/luis-monge-solis\/\" border=\"0\" itemprop=\"url\"> <meta itemprop=\"width\" content=\"316\"> <meta itemprop=\"height\" content=\"208\"> <img decoding=\"async\" class=\"\" data-attachment-id=\"68809\" data-orig-file=\"https:\/\/eltrabajo.cl\/portal\/wp-content\/uploads\/2016\/04\/Luis-Monge-Solis.jpg\" data-orig-size=\"530,349\" data-comments-opened=\"1\" data-image-meta=\"{&quot;aperture&quot;:&quot;0&quot;,&quot;credit&quot;:&quot;&quot;,&quot;camera&quot;:&quot;&quot;,&quot;caption&quot;:&quot;&quot;,&quot;created_timestamp&quot;:&quot;0&quot;,&quot;copyright&quot;:&quot;&quot;,&quot;focal_length&quot;:&quot;0&quot;,&quot;iso&quot;:&quot;0&quot;,&quot;shutter_speed&quot;:&quot;0&quot;,&quot;title&quot;:&quot;&quot;,&quot;orientation&quot;:&quot;0&quot;}\" data-image-title=\"Presidente del orfe\u00f3n, Luis Monge Sol\u00eds.\" data-image-description=\"&lt;p&gt;Presidente del orfe\u00f3n, Luis Monge Sol\u00eds.&lt;\/p&gt; \" data-medium-file=\"https:\/\/i0.wp.com\/eltrabajo.cl\/portal\/wp-content\/uploads\/2016\/04\/Luis-Monge-Solis.jpg?fit=300%2C198&#038;ssl=1\" data-large-file=\"https:\/\/i0.wp.com\/eltrabajo.cl\/portal\/wp-content\/uploads\/2016\/04\/Luis-Monge-Solis.jpg?fit=530%2C349&#038;ssl=1\" src=\"https:\/\/i0.wp.com\/eltrabajo.cl\/portal\/wp-content\/uploads\/2016\/04\/Luis-Monge-Solis.jpg?w=316&#038;h=208&#038;ssl=1\" srcset=\"https:\/\/i0.wp.com\/eltrabajo.cl\/portal\/wp-content\/uploads\/2016\/04\/Luis-Monge-Solis.jpg?w=530&amp;ssl=1 530w, https:\/\/i0.wp.com\/eltrabajo.cl\/portal\/wp-content\/uploads\/2016\/04\/Luis-Monge-Solis.jpg?resize=200%2C132&amp;ssl=1 200w, https:\/\/i0.wp.com\/eltrabajo.cl\/portal\/wp-content\/uploads\/2016\/04\/Luis-Monge-Solis.jpg?resize=300%2C198&amp;ssl=1 300w, https:\/\/i0.wp.com\/eltrabajo.cl\/portal\/wp-content\/uploads\/2016\/04\/Luis-Monge-Solis.jpg?resize=228%2C150&amp;ssl=1 228w, https:\/\/i0.wp.com\/eltrabajo.cl\/portal\/wp-content\/uploads\/2016\/04\/Luis-Monge-Solis.jpg?resize=400%2C263&amp;ssl=1 400w\" width=\"316\" height=\"208\" loading=\"lazy\" data-original-width=\"316\" data-original-height=\"208\" itemprop=\"http:\/\/schema.org\/image\" title=\"Presidente del orfe\u00f3n, Luis Monge Sol\u00eds.\" alt=\"Presidente del orfe\u00f3n, Luis Monge Sol\u00eds.\" style=\"width: 316px; height: 208px;\" \/> <\/a> <div class=\"tiled-gallery-caption\" itemprop=\"caption description\"> Presidente del orfe\u00f3n, Luis Monge Sol\u00eds. <\/div> <\/div> <\/div> <!-- close group --> <div class=\"gallery-group images-1\" style=\"width: 320px; height: 212px;\" data-original-width=\"320\" data-original-height=\"212\" > <div class=\"tiled-gallery-item tiled-gallery-item-large\" itemprop=\"associatedMedia\" itemscope itemtype=\"http:\/\/schema.org\/ImageObject\"> <a href=\"https:\/\/eltrabajo.cl\/portal\/tras-34-anos-el-orfeon-aconcagua-por-fin-tiene-sede-para-ensayar\/joaquin-gallegos\/\" border=\"0\" itemprop=\"url\"> <meta itemprop=\"width\" content=\"316\"> <meta itemprop=\"height\" content=\"208\"> <img decoding=\"async\" class=\"\" data-attachment-id=\"68808\" data-orig-file=\"https:\/\/eltrabajo.cl\/portal\/wp-content\/uploads\/2016\/04\/Joaquin-Gallegos.jpg\" data-orig-size=\"530,349\" data-comments-opened=\"1\" data-image-meta=\"{&quot;aperture&quot;:&quot;0&quot;,&quot;credit&quot;:&quot;&quot;,&quot;camera&quot;:&quot;&quot;,&quot;caption&quot;:&quot;&quot;,&quot;created_timestamp&quot;:&quot;0&quot;,&quot;copyright&quot;:&quot;&quot;,&quot;focal_length&quot;:&quot;0&quot;,&quot;iso&quot;:&quot;0&quot;,&quot;shutter_speed&quot;:&quot;0&quot;,&quot;title&quot;:&quot;&quot;,&quot;orientation&quot;:&quot;0&quot;}\" data-image-title=\"Joaqu\u00edn Gallegos, el m\u00fasico m\u00e1s joven del grupo.\" data-image-description=\"&lt;p&gt;Joaqu\u00edn Gallegos, el m\u00fasico m\u00e1s joven del grupo.&lt;\/p&gt; \" data-medium-file=\"https:\/\/i0.wp.com\/eltrabajo.cl\/portal\/wp-content\/uploads\/2016\/04\/Joaquin-Gallegos.jpg?fit=300%2C198&#038;ssl=1\" data-large-file=\"https:\/\/i0.wp.com\/eltrabajo.cl\/portal\/wp-content\/uploads\/2016\/04\/Joaquin-Gallegos.jpg?fit=530%2C349&#038;ssl=1\" src=\"https:\/\/i0.wp.com\/eltrabajo.cl\/portal\/wp-content\/uploads\/2016\/04\/Joaquin-Gallegos.jpg?w=316&#038;h=208&#038;ssl=1\" srcset=\"https:\/\/i0.wp.com\/eltrabajo.cl\/portal\/wp-content\/uploads\/2016\/04\/Joaquin-Gallegos.jpg?w=530&amp;ssl=1 530w, https:\/\/i0.wp.com\/eltrabajo.cl\/portal\/wp-content\/uploads\/2016\/04\/Joaquin-Gallegos.jpg?resize=200%2C132&amp;ssl=1 200w, https:\/\/i0.wp.com\/eltrabajo.cl\/portal\/wp-content\/uploads\/2016\/04\/Joaquin-Gallegos.jpg?resize=300%2C198&amp;ssl=1 300w, https:\/\/i0.wp.com\/eltrabajo.cl\/portal\/wp-content\/uploads\/2016\/04\/Joaquin-Gallegos.jpg?resize=228%2C150&amp;ssl=1 228w, https:\/\/i0.wp.com\/eltrabajo.cl\/portal\/wp-content\/uploads\/2016\/04\/Joaquin-Gallegos.jpg?resize=400%2C263&amp;ssl=1 400w\" width=\"316\" height=\"208\" loading=\"lazy\" data-original-width=\"316\" data-original-height=\"208\" itemprop=\"http:\/\/schema.org\/image\" title=\"Joaqu\u00edn Gallegos, el m\u00fasico m\u00e1s joven del grupo.\" alt=\"Joaqu\u00edn Gallegos, el m\u00fasico m\u00e1s joven del grupo.\" style=\"width: 316px; height: 208px;\" \/> <\/a> <div class=\"tiled-gallery-caption\" itemprop=\"caption description\"> Joaqu\u00edn Gallegos, el m\u00fasico m\u00e1s joven del grupo. <\/div> <\/div> <\/div> <!-- close group --> <\/div> <!-- close row --> <div class=\"gallery-row\" style=\"width: 640px; height: 424px;\" data-original-width=\"640\" data-original-height=\"424\" > <div class=\"gallery-group images-1\" style=\"width: 640px; height: 424px;\" data-original-width=\"640\" data-original-height=\"424\" > <div class=\"tiled-gallery-item tiled-gallery-item-large\" itemprop=\"associatedMedia\" itemscope itemtype=\"http:\/\/schema.org\/ImageObject\"> <a href=\"https:\/\/eltrabajo.cl\/portal\/tras-34-anos-el-orfeon-aconcagua-por-fin-tiene-sede-para-ensayar\/cinta33\/\" border=\"0\" itemprop=\"url\"> <meta itemprop=\"width\" content=\"636\"> <meta itemprop=\"height\" content=\"420\"> <img decoding=\"async\" class=\"\" data-attachment-id=\"68807\" data-orig-file=\"https:\/\/eltrabajo.cl\/portal\/wp-content\/uploads\/2016\/04\/Cinta33.jpg\" data-orig-size=\"530,350\" data-comments-opened=\"1\" data-image-meta=\"{&quot;aperture&quot;:&quot;0&quot;,&quot;credit&quot;:&quot;&quot;,&quot;camera&quot;:&quot;&quot;,&quot;caption&quot;:&quot;&quot;,&quot;created_timestamp&quot;:&quot;0&quot;,&quot;copyright&quot;:&quot;&quot;,&quot;focal_length&quot;:&quot;0&quot;,&quot;iso&quot;:&quot;0&quot;,&quot;shutter_speed&quot;:&quot;0&quot;,&quot;title&quot;:&quot;&quot;,&quot;orientation&quot;:&quot;0&quot;}\" data-image-title=\"NO M\u00c1S ERRANTES.- Autoridades en el tradicional corte de cinta de esta sala de ensayos que es la casa propia del Orfe\u00f3n Aconcagua.\" data-image-description=\"&lt;p&gt;NO M\u00c1S ERRANTES.- Autoridades en el tradicional corte de cinta de esta sala de ensayos que es la casa propia del Orfe\u00f3n Aconcagua.&lt;\/p&gt; \" data-medium-file=\"https:\/\/i0.wp.com\/eltrabajo.cl\/portal\/wp-content\/uploads\/2016\/04\/Cinta33.jpg?fit=300%2C198&#038;ssl=1\" data-large-file=\"https:\/\/i0.wp.com\/eltrabajo.cl\/portal\/wp-content\/uploads\/2016\/04\/Cinta33.jpg?fit=530%2C350&#038;ssl=1\" src=\"https:\/\/i0.wp.com\/eltrabajo.cl\/portal\/wp-content\/uploads\/2016\/04\/Cinta33.jpg?w=636&#038;h=420&#038;ssl=1\" srcset=\"https:\/\/i0.wp.com\/eltrabajo.cl\/portal\/wp-content\/uploads\/2016\/04\/Cinta33.jpg?w=530&amp;ssl=1 530w, https:\/\/i0.wp.com\/eltrabajo.cl\/portal\/wp-content\/uploads\/2016\/04\/Cinta33.jpg?resize=200%2C132&amp;ssl=1 200w, https:\/\/i0.wp.com\/eltrabajo.cl\/portal\/wp-content\/uploads\/2016\/04\/Cinta33.jpg?resize=300%2C198&amp;ssl=1 300w, https:\/\/i0.wp.com\/eltrabajo.cl\/portal\/wp-content\/uploads\/2016\/04\/Cinta33.jpg?resize=227%2C150&amp;ssl=1 227w, https:\/\/i0.wp.com\/eltrabajo.cl\/portal\/wp-content\/uploads\/2016\/04\/Cinta33.jpg?resize=400%2C264&amp;ssl=1 400w\" width=\"636\" height=\"420\" loading=\"lazy\" data-original-width=\"636\" data-original-height=\"420\" itemprop=\"http:\/\/schema.org\/image\" title=\"NO M\u00c1S ERRANTES.- Autoridades en el tradicional corte de cinta de esta sala de ensayos que es la casa propia del Orfe\u00f3n Aconcagua.\" alt=\"NO M\u00c1S ERRANTES.- Autoridades en el tradicional corte de cinta de esta sala de ensayos que es la casa propia del Orfe\u00f3n Aconcagua.\" style=\"width: 636px; height: 420px;\" \/> <\/a> <div class=\"tiled-gallery-caption\" itemprop=\"caption description\"> NO M\u00c1S ERRANTES.- Autoridades en el tradicional corte de cinta de esta sala de ensayos que es la casa propia del Orfe\u00f3n Aconcagua. <\/div> <\/div> <\/div> <!-- close group --> <\/div> <!-- close row --> <\/div>\n","protected":false},"excerpt":{"rendered":"<p>Despu\u00e9s de 34 a\u00f1os de existencia y sin contar con un lugar para realizar sus ensayos y guardar sus instrumentos, gracias a la iniciativa del Municipio la noche de este viernes se&#8230;<\/p>\n","protected":false},"author":1,"featured_media":68813,"comment_status":"open","ping_status":"open","sticky":false,"template":"","format":"standard","meta":{"advanced_seo_description":"","jetpack_seo_html_title":"","jetpack_seo_noindex":false,"_jetpack_memberships_contains_paid_content":false,"footnotes":""},"categories":[15],"tags":[],"class_list":["post-68806","post","type-post","status-publish","format-standard","has-post-thumbnail","hentry","category-comunidad"],"jetpack_featured_media_url":"https:\/\/i0.wp.com\/eltrabajo.cl\/portal\/wp-content\/uploads\/2016\/04\/Orfeon4.jpg?fit=530%2C349&ssl=1","jetpack_sharing_enabled":true,"jetpack_likes_enabled":true,"jetpack-related-posts":[],"_links":{"self":[{"href":"https:\/\/eltrabajo.cl\/portal\/wp-json\/wp\/v2\/posts\/68806","targetHints":{"allow":["GET"]}}],"collection":[{"href":"https:\/\/eltrabajo.cl\/portal\/wp-json\/wp\/v2\/posts"}],"about":[{"href":"https:\/\/eltrabajo.cl\/portal\/wp-json\/wp\/v2\/types\/post"}],"author":[{"embeddable":true,"href":"https:\/\/eltrabajo.cl\/portal\/wp-json\/wp\/v2\/users\/1"}],"replies":[{"embeddable":true,"href":"https:\/\/eltrabajo.cl\/portal\/wp-json\/wp\/v2\/comments?post=68806"}],"version-history":[{"count":0,"href":"https:\/\/eltrabajo.cl\/portal\/wp-json\/wp\/v2\/posts\/68806\/revisions"}],"wp:featuredmedia":[{"embeddable":true,"href":"https:\/\/eltrabajo.cl\/portal\/wp-json\/wp\/v2\/media\/68813"}],"wp:attachment":[{"href":"https:\/\/eltrabajo.cl\/portal\/wp-json\/wp\/v2\/media?parent=68806"}],"wp:term":[{"taxonomy":"category","embeddable":true,"href":"https:\/\/eltrabajo.cl\/portal\/wp-json\/wp\/v2\/categories?post=68806"},{"taxonomy":"post_tag","embeddable":true,"href":"https:\/\/eltrabajo.cl\/portal\/wp-json\/wp\/v2\/tags?post=68806"}],"curies":[{"name":"wp","href":"https:\/\/api.w.org\/{rel}","templated":true}]}}