{"id":68817,"date":"2016-04-18T08:56:58","date_gmt":"2016-04-18T11:56:58","guid":{"rendered":"http:\/\/www.eltrabajo.cl\/portal\/?p=68817"},"modified":"2016-04-18T08:56:58","modified_gmt":"2016-04-18T11:56:58","slug":"de-nacionalidad-boliviana-era-joven-que-murio-baleado-en-san-rafael","status":"publish","type":"post","link":"https:\/\/eltrabajo.cl\/portal\/de-nacionalidad-boliviana-era-joven-que-murio-baleado-en-san-rafael\/","title":{"rendered":"De nacionalidad boliviana era joven que muri\u00f3 baleado en San Rafael"},"content":{"rendered":"<p><strong>Familiares lo habr\u00eda reconocido por las fotograf\u00edas y d\u00edas antes del crimen ingres\u00f3 al pa\u00eds con visa de turista.<\/strong><br \/>\nDe nacionalidad boliviana ser\u00eda el joven que fue hallado muerto la ma\u00f1ana del pasado mi\u00e9rcoles 23 de marzo en un predio ubicado al interior del callej\u00f3n Lo Videla en el sector de San Rafael.<br \/>\nAs\u00ed lo ratific\u00f3 el jefe de la Brigada de Homicidios de la PDI, Comisario Gino Guti\u00e9rrez, se\u00f1alando que la identidad preliminar que se maneja de la v\u00edctima es de Bernardo Condori Valdivieso, de unos 28 a\u00f1os, quien habr\u00eda ingresado al pa\u00eds d\u00edas antes por el paso de Colchane en la regi\u00f3n de Tarapac\u00e1 con visa de turista.<br \/>\nEl oficial dijo que a trav\u00e9s de Interpol se pudo establecer contacto con polic\u00eda de Bolivia y por medio de las fotograf\u00eda se ubic\u00f3 a familiares del occiso en la ciudad de Cochabamba, pero aun falta confirmar la informaci\u00f3n de manera cient\u00edfica.<br \/>\nEl Comisario Guti\u00e9rrez indic\u00f3 que conforme a la autopsia del Servicio M\u00e9dico legal su muerte se produjo por un desangramiento tras recibir un disparo de escopeta en su pierna izquierda y los restos de sangre hallados en las inmediaciones dan cuenta que la v\u00edctima se moviliz\u00f3 herido por el lugar.<br \/>\nTambi\u00e9n inform\u00f3 que cerca del cuerpo se hall\u00f3 una bolsa con coca\u00edna lo que podr\u00eda dar luces a la din\u00e1mica de c\u00f3mo ocurrieron los hechos, ya que se presume que junto a otros sujetos intent\u00f3 ingresar a robar a una vivienda del sector, siendo esto repelido a escopetazos por el due\u00f1o del inmueble.<br \/>\nNo obstante el arma fue incautada y est\u00e1 siendo periciada para ver si corresponde a la que hiri\u00f3 mortalmente al hombre.<br \/>\nAsimismo, el Comisario Guti\u00e9rrez remarc\u00f3 que est\u00e1n trabajando en establecer cu\u00e1les fueron sus movimientos previos al d\u00eda del crimen y en qu\u00e9 calidad realmente se encontraba.<\/p>\n<figure id=\"attachment_68818\" aria-describedby=\"caption-attachment-68818\" style=\"width: 530px\" class=\"wp-caption alignleft\"><a href=\"http:\/\/www.eltrabajo.cl\/portal\/de-nacionalidad-boliviana-era-joven-que-murio-baleado-en-san-rafael\/joven-baleado\/\" rel=\"attachment wp-att-68818\"><img data-recalc-dims=\"1\" loading=\"lazy\" decoding=\"async\" class=\"size-full wp-image-68818\" src=\"https:\/\/i0.wp.com\/www.eltrabajo.cl\/portal\/wp-content\/uploads\/2016\/04\/joven-baleado.jpg?resize=530%2C349\" alt=\"Preliminarmente, el joven fue identificado como Bernardo Condori Valdivieso, quien habr\u00eda ingresado al pa\u00eds por el paso de Colchane en la regi\u00f3n de Tarapac\u00e1.\" width=\"530\" height=\"349\" srcset=\"https:\/\/i0.wp.com\/eltrabajo.cl\/portal\/wp-content\/uploads\/2016\/04\/joven-baleado.jpg?w=530&amp;ssl=1 530w, https:\/\/i0.wp.com\/eltrabajo.cl\/portal\/wp-content\/uploads\/2016\/04\/joven-baleado.jpg?resize=200%2C132&amp;ssl=1 200w, https:\/\/i0.wp.com\/eltrabajo.cl\/portal\/wp-content\/uploads\/2016\/04\/joven-baleado.jpg?resize=300%2C198&amp;ssl=1 300w, https:\/\/i0.wp.com\/eltrabajo.cl\/portal\/wp-content\/uploads\/2016\/04\/joven-baleado.jpg?resize=228%2C150&amp;ssl=1 228w, https:\/\/i0.wp.com\/eltrabajo.cl\/portal\/wp-content\/uploads\/2016\/04\/joven-baleado.jpg?resize=400%2C263&amp;ssl=1 400w\" sizes=\"auto, (max-width: 530px) 100vw, 530px\" \/><\/a><figcaption id=\"caption-attachment-68818\" class=\"wp-caption-text\">Preliminarmente, el joven fue identificado como Bernardo Condori Valdivieso, quien habr\u00eda ingresado al pa\u00eds por el paso de Colchane en la regi\u00f3n de Tarapac\u00e1.<\/figcaption><\/figure>\n","protected":false},"excerpt":{"rendered":"<p>Familiares lo habr\u00eda reconocido por las fotograf\u00edas y d\u00edas antes del crimen ingres\u00f3 al pa\u00eds con visa de turista. De nacionalidad boliviana ser\u00eda el joven que fue hallado muerto la ma\u00f1ana del&#8230;<\/p>\n","protected":false},"author":1,"featured_media":68818,"comment_status":"open","ping_status":"open","sticky":false,"template":"","format":"standard","meta":{"advanced_seo_description":"","jetpack_seo_html_title":"","jetpack_seo_noindex":false,"_jetpack_memberships_contains_paid_content":false,"footnotes":""},"categories":[21],"tags":[],"class_list":["post-68817","post","type-post","status-publish","format-standard","has-post-thumbnail","hentry","category-policial"],"jetpack_featured_media_url":"https:\/\/i0.wp.com\/eltrabajo.cl\/portal\/wp-content\/uploads\/2016\/04\/joven-baleado.jpg?fit=530%2C349&ssl=1","jetpack_sharing_enabled":true,"jetpack_likes_enabled":true,"jetpack-related-posts":[],"_links":{"self":[{"href":"https:\/\/eltrabajo.cl\/portal\/wp-json\/wp\/v2\/posts\/68817","targetHints":{"allow":["GET"]}}],"collection":[{"href":"https:\/\/eltrabajo.cl\/portal\/wp-json\/wp\/v2\/posts"}],"about":[{"href":"https:\/\/eltrabajo.cl\/portal\/wp-json\/wp\/v2\/types\/post"}],"author":[{"embeddable":true,"href":"https:\/\/eltrabajo.cl\/portal\/wp-json\/wp\/v2\/users\/1"}],"replies":[{"embeddable":true,"href":"https:\/\/eltrabajo.cl\/portal\/wp-json\/wp\/v2\/comments?post=68817"}],"version-history":[{"count":0,"href":"https:\/\/eltrabajo.cl\/portal\/wp-json\/wp\/v2\/posts\/68817\/revisions"}],"wp:featuredmedia":[{"embeddable":true,"href":"https:\/\/eltrabajo.cl\/portal\/wp-json\/wp\/v2\/media\/68818"}],"wp:attachment":[{"href":"https:\/\/eltrabajo.cl\/portal\/wp-json\/wp\/v2\/media?parent=68817"}],"wp:term":[{"taxonomy":"category","embeddable":true,"href":"https:\/\/eltrabajo.cl\/portal\/wp-json\/wp\/v2\/categories?post=68817"},{"taxonomy":"post_tag","embeddable":true,"href":"https:\/\/eltrabajo.cl\/portal\/wp-json\/wp\/v2\/tags?post=68817"}],"curies":[{"name":"wp","href":"https:\/\/api.w.org\/{rel}","templated":true}]}}