{"id":68825,"date":"2016-04-18T08:59:57","date_gmt":"2016-04-18T11:59:57","guid":{"rendered":"http:\/\/www.eltrabajo.cl\/portal\/?p=68825"},"modified":"2016-04-18T08:59:57","modified_gmt":"2016-04-18T11:59:57","slug":"agricultores-de-la-hormiga-viven-tenso-fin-de-semana-por-posible-rebalse","status":"publish","type":"post","link":"https:\/\/eltrabajo.cl\/portal\/agricultores-de-la-hormiga-viven-tenso-fin-de-semana-por-posible-rebalse\/","title":{"rendered":"Agricultores de La Hormiga viven tenso fin de semana por posible rebalse"},"content":{"rendered":"<p>Un fin de semana tenso y vigilante debieron vivir los hermanos Olmedo, quienes son propietarios de las parcelas estero abajo del vertedero La Hormiga de San Felipe.<br \/>\nRecordemos que en agosto del a\u00f1o pasado, los hermanos Olmedo sufrieron por una inundaci\u00f3n que llevaba desperdicios del relleno sanitario a sus tierras agr\u00edcolas y tem\u00edan que con estas lluvias sucediera lo mismo. En una visita en terreno se pudo constatar que efectivamente un gran caudal bajaba la quebrada desde el relleno y se incorporaba al canal de regad\u00edo, que a su vez llevaba esa agua de dudosa calidad a los diferentes predios del sector El Algarrobal y Hacienda Quilpu\u00e9.<br \/>\nSu preocupaci\u00f3n radica en que esa agua podr\u00eda venir contaminada con l\u00edquidos percolados que bajan del vertedero, siendo una gran interrogante las medidas precautorias que debieran tomarse. De hecho, Francisco Olmedo hace menci\u00f3n de un canal de desag\u00fce de la quebrada del vertedero que deber\u00eda correr paralelo e independiente del canal de regad\u00edo, conduciendo esas aguas hacia el estero Quilpu\u00e9.<br \/>\nOlmedo acus\u00f3 directamente a la falta de acci\u00f3n y fiscalizaci\u00f3n de los organismos pertinentes. \u201cLindo fin de semana que pas\u00e9 yo, mientras la mayor\u00eda estaba en casita al lado de una salamandra, nosotros tenemos que pasar aqu\u00ed en la lluvia y en vigilia porque el canal no debiera ser receptor de las aguas de la quebrada, para eso en el proyecto debiera haber un canal independiente de evacuaci\u00f3n de estas aguas contaminadas y me gustar\u00eda que vinieran las autoridades a mostr\u00e1rmelo porque figura como construido; as\u00ed que seguimos esperando que las autoridades cumplan su funci\u00f3n. Actualmente nosotros vigilamos para tapar cualquier desborde del canal de regad\u00edo, donde van las mismas aguas que vienen del vertedero. Con esas aguas de l\u00edquidos percolados se riegan hortalizas, se riegan verduras. Y realmente no s\u00e9 c\u00f3mo pensar que es esto lo que quieren las autoridades para San Felipe\u201d, declar\u00f3 muy molesto el agricultor.<br \/>\nEn la inspecci\u00f3n ocular, se ve\u00eda que en el tubo de 80 cm. que utiliza el canal sobrecargado para seguir su curso, el agua estaba a punto de desbordarse y se entend\u00eda la preocupaci\u00f3n de los hermanos Olmedo.<br \/>\nRoberto Mercado Aced<\/p>\n<figure id=\"attachment_68826\" aria-describedby=\"caption-attachment-68826\" style=\"width: 530px\" class=\"wp-caption alignleft\"><a href=\"http:\/\/www.eltrabajo.cl\/portal\/agricultores-de-la-hormiga-viven-tenso-fin-de-semana-por-posible-rebalse\/foto-1-francisco-omedo-visiblemente-molesto-ante-la-mala-administracion-de-las-aguas-contaminadas\/\" rel=\"attachment wp-att-68826\"><img data-recalc-dims=\"1\" loading=\"lazy\" decoding=\"async\" class=\"size-full wp-image-68826\" src=\"https:\/\/i0.wp.com\/www.eltrabajo.cl\/portal\/wp-content\/uploads\/2016\/04\/FOTO-1-Francisco-Omedo-visiblemente-molesto-ante-la-mala-administracion-de-las-aguas-contaminadas.jpg?resize=530%2C350\" alt=\"Francisco Olmedo, visiblemente molesto ante la administraci\u00f3n de las aguas contaminadas.\" width=\"530\" height=\"350\" srcset=\"https:\/\/i0.wp.com\/eltrabajo.cl\/portal\/wp-content\/uploads\/2016\/04\/FOTO-1-Francisco-Omedo-visiblemente-molesto-ante-la-mala-administracion-de-las-aguas-contaminadas.jpg?w=530&amp;ssl=1 530w, https:\/\/i0.wp.com\/eltrabajo.cl\/portal\/wp-content\/uploads\/2016\/04\/FOTO-1-Francisco-Omedo-visiblemente-molesto-ante-la-mala-administracion-de-las-aguas-contaminadas.jpg?resize=200%2C132&amp;ssl=1 200w, https:\/\/i0.wp.com\/eltrabajo.cl\/portal\/wp-content\/uploads\/2016\/04\/FOTO-1-Francisco-Omedo-visiblemente-molesto-ante-la-mala-administracion-de-las-aguas-contaminadas.jpg?resize=300%2C198&amp;ssl=1 300w, https:\/\/i0.wp.com\/eltrabajo.cl\/portal\/wp-content\/uploads\/2016\/04\/FOTO-1-Francisco-Omedo-visiblemente-molesto-ante-la-mala-administracion-de-las-aguas-contaminadas.jpg?resize=227%2C150&amp;ssl=1 227w, https:\/\/i0.wp.com\/eltrabajo.cl\/portal\/wp-content\/uploads\/2016\/04\/FOTO-1-Francisco-Omedo-visiblemente-molesto-ante-la-mala-administracion-de-las-aguas-contaminadas.jpg?resize=400%2C264&amp;ssl=1 400w\" sizes=\"auto, (max-width: 530px) 100vw, 530px\" \/><\/a><figcaption id=\"caption-attachment-68826\" class=\"wp-caption-text\">Francisco Olmedo, visiblemente molesto ante la administraci\u00f3n de las aguas contaminadas.<\/figcaption><\/figure>\n","protected":false},"excerpt":{"rendered":"<p>Un fin de semana tenso y vigilante debieron vivir los hermanos Olmedo, quienes son propietarios de las parcelas estero abajo del vertedero La Hormiga de San Felipe. Recordemos que en agosto del&#8230;<\/p>\n","protected":false},"author":1,"featured_media":68826,"comment_status":"open","ping_status":"open","sticky":false,"template":"","format":"standard","meta":{"advanced_seo_description":"","jetpack_seo_html_title":"","jetpack_seo_noindex":false,"_jetpack_memberships_contains_paid_content":false,"footnotes":""},"categories":[15],"tags":[],"class_list":["post-68825","post","type-post","status-publish","format-standard","has-post-thumbnail","hentry","category-comunidad"],"jetpack_featured_media_url":"https:\/\/i0.wp.com\/eltrabajo.cl\/portal\/wp-content\/uploads\/2016\/04\/FOTO-1-Francisco-Omedo-visiblemente-molesto-ante-la-mala-administracion-de-las-aguas-contaminadas.jpg?fit=530%2C350&ssl=1","jetpack_sharing_enabled":true,"jetpack_likes_enabled":true,"jetpack-related-posts":[],"_links":{"self":[{"href":"https:\/\/eltrabajo.cl\/portal\/wp-json\/wp\/v2\/posts\/68825","targetHints":{"allow":["GET"]}}],"collection":[{"href":"https:\/\/eltrabajo.cl\/portal\/wp-json\/wp\/v2\/posts"}],"about":[{"href":"https:\/\/eltrabajo.cl\/portal\/wp-json\/wp\/v2\/types\/post"}],"author":[{"embeddable":true,"href":"https:\/\/eltrabajo.cl\/portal\/wp-json\/wp\/v2\/users\/1"}],"replies":[{"embeddable":true,"href":"https:\/\/eltrabajo.cl\/portal\/wp-json\/wp\/v2\/comments?post=68825"}],"version-history":[{"count":0,"href":"https:\/\/eltrabajo.cl\/portal\/wp-json\/wp\/v2\/posts\/68825\/revisions"}],"wp:featuredmedia":[{"embeddable":true,"href":"https:\/\/eltrabajo.cl\/portal\/wp-json\/wp\/v2\/media\/68826"}],"wp:attachment":[{"href":"https:\/\/eltrabajo.cl\/portal\/wp-json\/wp\/v2\/media?parent=68825"}],"wp:term":[{"taxonomy":"category","embeddable":true,"href":"https:\/\/eltrabajo.cl\/portal\/wp-json\/wp\/v2\/categories?post=68825"},{"taxonomy":"post_tag","embeddable":true,"href":"https:\/\/eltrabajo.cl\/portal\/wp-json\/wp\/v2\/tags?post=68825"}],"curies":[{"name":"wp","href":"https:\/\/api.w.org\/{rel}","templated":true}]}}