{"id":6883,"date":"2011-11-30T08:55:35","date_gmt":"2011-11-30T12:55:35","guid":{"rendered":"http:\/\/www.eltrabajo.cl\/portal\/?p=6883"},"modified":"2011-11-30T08:55:35","modified_gmt":"2011-11-30T12:55:35","slug":"culpan-a-alcalde-de-san-esteban-por-falta-de-cierre-de-canal-de-regadio","status":"publish","type":"post","link":"https:\/\/eltrabajo.cl\/portal\/culpan-a-alcalde-de-san-esteban-por-falta-de-cierre-de-canal-de-regadio\/","title":{"rendered":"Culpan a alcalde de San Esteban por falta de cierre de canal de regad\u00edo"},"content":{"rendered":"<p><a href=\"http:\/\/www.eltrabajo.cl\/portal\/archives\/6883\/denuncia-restorant2\" rel=\"attachment wp-att-6884\"><img data-recalc-dims=\"1\" loading=\"lazy\" decoding=\"async\" class=\"alignnone size-full wp-image-6884\" title=\"denuncia-restorant2\" src=\"https:\/\/i0.wp.com\/www.eltrabajo.cl\/portal\/wp-content\/uploads\/2011\/11\/denuncia-restorant2.jpg?resize=600%2C433\" alt=\"\" width=\"600\" height=\"433\" srcset=\"https:\/\/i0.wp.com\/eltrabajo.cl\/portal\/wp-content\/uploads\/2011\/11\/denuncia-restorant2.jpg?w=600&amp;ssl=1 600w, https:\/\/i0.wp.com\/eltrabajo.cl\/portal\/wp-content\/uploads\/2011\/11\/denuncia-restorant2.jpg?resize=200%2C144&amp;ssl=1 200w, https:\/\/i0.wp.com\/eltrabajo.cl\/portal\/wp-content\/uploads\/2011\/11\/denuncia-restorant2.jpg?resize=300%2C216&amp;ssl=1 300w, https:\/\/i0.wp.com\/eltrabajo.cl\/portal\/wp-content\/uploads\/2011\/11\/denuncia-restorant2.jpg?resize=150%2C108&amp;ssl=1 150w, https:\/\/i0.wp.com\/eltrabajo.cl\/portal\/wp-content\/uploads\/2011\/11\/denuncia-restorant2.jpg?resize=400%2C288&amp;ssl=1 400w\" sizes=\"auto, (max-width: 600px) 100vw, 600px\" \/><\/a><\/p>\n<ul>\n<li><strong>Vecinos hab\u00edan colocado muros de hormig\u00f3n con puentes de durmientes para evitar ca\u00eddas, pero fueron sacados por edil y concejal \u201cpor entorpecer las labores de limpieza del cauce\u201d.<\/strong><\/li>\n<\/ul>\n<p><strong>LOS ANDES.-<\/strong> Vecinos del sector Primera Quebrada en el camino internacional responsabilizaron a la Municipalidad de San Esteban por mantener sin protecci\u00f3n un canal de regad\u00edo que corre paralelo a la ruta internacional, poniendo en riesgo la seguridad no s\u00f3lo de peatones, sino tambi\u00e9n de conductores.<\/p>\n<p>Manuel Molina Lara, due\u00f1o del restor\u00e1n \u201cOasis\u201d que se ubica en ese lugar, dijo que al estar abierto el canal cualquier persona podr\u00eda caer y sufrir una grave lesi\u00f3n.<\/p>\n<p>Record\u00f3 que \u00e9l levant\u00f3 un muro de cemento sobre el cual puso durmientes de ferrocarril a modo de puente para evitar riesgos de ca\u00eddas, pero el municipio en una cuestionable decisi\u00f3n los sac\u00f3 y dej\u00f3 todo abierto.<\/p>\n<p>\u00abAqu\u00ed vino un d\u00eda el alcalde Mardones con el Concejal Gabriel Bianchini y sacaron todo lo que hab\u00edamos construido argumentando que las obras que hab\u00edamos hecho entorpec\u00edan las labores de limpieza del canal\u00bb, fustig\u00f3 el comerciante.<\/p>\n<p>Acus\u00f3 que fue el mismo concejal Bianchini el que trajo una tabla para colocar a modo de puente para que las personas pudieran cruzar, \u00aby cuando le pregunt\u00e9 c\u00f3mo iban a entrar los clientes a mi negocio que est\u00e1 m\u00e1s ac\u00e1, me dijo que saltando, entonces no s\u00e9 si esa respuesta fue en broma o en serio, pero aqu\u00ed hay un riesgo evidente para los vecinos\u00bb.<\/p>\n<p>Molina se\u00f1al\u00f3 que realiz\u00f3 las reclamaciones correspondientes a la Direcci\u00f3n de Vialidad y le dieron raz\u00f3n, \u00abpues el canal tiene que estar cubierto en este lugar por el peligro de accidentes que existe\u00bb.<\/p>\n<p>Agreg\u00f3 que su negocio se ha visto muy perjudicado, ya que no puede atender a los pasajeros de los buses que se paran en las noches, \u00abincluso en una ocasi\u00f3n se le cay\u00f3 una rueda a un veh\u00edculo, entonces queremos que este canal sea cubierto\u00bb.<\/p>\n<p>Precis\u00f3 que a los canalistas les queda un plazo de siete d\u00edas para solucionar a este problema, \u00abpero hasta ahora no han hecho nada\u00bb.<\/p>\n<p>Indic\u00f3 que despu\u00e9s de 18 a\u00f1os a los canalistas apoyados por el municipio de San Esteban se les ocurri\u00f3 dejar abierto el cauce del canal.<\/p>\n","protected":false},"excerpt":{"rendered":"<p>Vecinos hab\u00edan colocado muros de hormig\u00f3n con puentes de durmientes para evitar ca\u00eddas, pero fueron sacados por edil y concejal \u201cpor entorpecer las labores de limpieza del cauce\u201d. LOS ANDES.- Vecinos del&#8230;<\/p>\n","protected":false},"author":482,"featured_media":6884,"comment_status":"open","ping_status":"open","sticky":false,"template":"","format":"standard","meta":{"advanced_seo_description":"","jetpack_seo_html_title":"","jetpack_seo_noindex":false,"_jetpack_memberships_contains_paid_content":false,"footnotes":""},"categories":[15],"tags":[],"class_list":["post-6883","post","type-post","status-publish","format-standard","has-post-thumbnail","hentry","category-comunidad"],"jetpack_featured_media_url":"https:\/\/i0.wp.com\/eltrabajo.cl\/portal\/wp-content\/uploads\/2011\/11\/denuncia-restorant2.jpg?fit=600%2C433&ssl=1","jetpack_sharing_enabled":true,"jetpack_likes_enabled":true,"jetpack-related-posts":[],"_links":{"self":[{"href":"https:\/\/eltrabajo.cl\/portal\/wp-json\/wp\/v2\/posts\/6883","targetHints":{"allow":["GET"]}}],"collection":[{"href":"https:\/\/eltrabajo.cl\/portal\/wp-json\/wp\/v2\/posts"}],"about":[{"href":"https:\/\/eltrabajo.cl\/portal\/wp-json\/wp\/v2\/types\/post"}],"author":[{"embeddable":true,"href":"https:\/\/eltrabajo.cl\/portal\/wp-json\/wp\/v2\/users\/482"}],"replies":[{"embeddable":true,"href":"https:\/\/eltrabajo.cl\/portal\/wp-json\/wp\/v2\/comments?post=6883"}],"version-history":[{"count":0,"href":"https:\/\/eltrabajo.cl\/portal\/wp-json\/wp\/v2\/posts\/6883\/revisions"}],"wp:featuredmedia":[{"embeddable":true,"href":"https:\/\/eltrabajo.cl\/portal\/wp-json\/wp\/v2\/media\/6884"}],"wp:attachment":[{"href":"https:\/\/eltrabajo.cl\/portal\/wp-json\/wp\/v2\/media?parent=6883"}],"wp:term":[{"taxonomy":"category","embeddable":true,"href":"https:\/\/eltrabajo.cl\/portal\/wp-json\/wp\/v2\/categories?post=6883"},{"taxonomy":"post_tag","embeddable":true,"href":"https:\/\/eltrabajo.cl\/portal\/wp-json\/wp\/v2\/tags?post=6883"}],"curies":[{"name":"wp","href":"https:\/\/api.w.org\/{rel}","templated":true}]}}