{"id":68830,"date":"2016-04-18T09:02:56","date_gmt":"2016-04-18T12:02:56","guid":{"rendered":"http:\/\/www.eltrabajo.cl\/portal\/?p=68830"},"modified":"2016-04-18T09:02:57","modified_gmt":"2016-04-18T12:02:57","slug":"vecinos-de-las-coimas-pasaron-serios-aprietos-con-crecida-de-esteros","status":"publish","type":"post","link":"https:\/\/eltrabajo.cl\/portal\/vecinos-de-las-coimas-pasaron-serios-aprietos-con-crecida-de-esteros\/","title":{"rendered":"Vecinos de Las Coimas pasaron serios aprietos con crecida de esteros"},"content":{"rendered":"<p><strong>Viviendas del sector estuvieron cerca de inundarse debido al brusco aumento en el caudal tras las intensas precipitaciones.<\/strong><\/p>\n<p>Una preocupante situaci\u00f3n alert\u00f3 a los vecinos de Las Coimas durante las primeras horas de este domingo, puntualmente en las cercan\u00edas del sector La Cancha, luego que debido a las fuertes precipitaciones que comenzaron a sentirse desde la noche del s\u00e1bado, se registrara una abrupta crecida de los esteros de la zona.<br \/>\nSeg\u00fan informaron varios vecinos, la brusca crecida del caudal de los esteros provoc\u00f3 que el agua estuviera cerca de ingresar a algunos domicilios, y en primera instancia los residentes de la localidad trataron de desviar el cauce e incluso instalaron improvisadas defensas con piedras y otros elementos para impedir el paso del agua.<br \/>\nAl lugar acudi\u00f3 el Alcalde Guillermo Reyes junto a la Oficina de Emergencias de la Municipalidad de Putaendo y funcionarios que ayudaron en los trabajos de despeje de parte del estero.<br \/>\nHace algunos d\u00edas el municipio local realiz\u00f3 labores de limpieza de los esteros del sector Las Coimas durante dos d\u00edas, en la cual sacaron bastante basura, y de acuerdo a lo informado por el encargado de la Oficina de Emergencias de la Municipalidad de Putaendo, Jorge Reyes, esta acci\u00f3n evit\u00f3 que se registraran eventos como aludes o complicaciones a\u00fan mayores.<br \/>\nEl alcalde de Putaendo confirm\u00f3 que pasado este frente de mal tiempo efectuar\u00e1n una nueva evaluaci\u00f3n de las condiciones de los esteros en Las Coimas, adelantando que ya definieron algunos puntos cr\u00edticos, lo que derivar\u00e1 en la ejecuci\u00f3n de trabajos con maquinaria pesada.<\/p>\n<p><strong>M\u00e1s de 30 mil\u00edmetros de agua lluvia dej\u00f3 sistema frontal en Putaendo<\/strong><br \/>\nHasta las 14:35 horas de este domingo, de acuerdo a medici\u00f3n entregada por la Junta de Vigilancia del R\u00edo Putaendo, en las \u00faltimas 24 horas se han registrado 30,02 mil\u00edmetros de agua lluvia ca\u00edda, lo que en total suman 35,7 mm de agua lluvia ca\u00edda en lo que va de 2016.<br \/>\nSobre este tema, Miguel Vega, Presidente de la JVRP, asegur\u00f3 que en un a\u00f1o normal a igual fecha se registran 10 mil\u00edmetros de agua lluvia ca\u00edda, lo que fue ampliamente superado este a\u00f1o, traduci\u00e9ndose en un hecho positivo pues permite registrar un super\u00e1vit.<br \/>\nEl dirigente declar\u00f3 que el caudal del R\u00edo Putaendo registr\u00f3 5000 litros por segundo este domingo, mientras que el Embalse Chacrillas logr\u00f3 acumular un mill\u00f3n de metros c\u00fabicos.<br \/>\nVega precis\u00f3 que el plan de contingencia preventivo implementado por la Junta de Vigilancia del R\u00edo Putaendo dio excelentes resultados, pues no se registraron desbordes de canales ni aniegos y se cont\u00f3 con un equipo en terreno durante las 24 horas del d\u00eda.<br \/>\n<strong>Patricio Gallardo M.<\/strong><\/p>\n<figure id=\"attachment_68831\" aria-describedby=\"caption-attachment-68831\" style=\"width: 530px\" class=\"wp-caption alignleft\"><a href=\"http:\/\/www.eltrabajo.cl\/portal\/vecinos-de-las-coimas-pasaron-serios-aprietos-con-crecida-de-esteros\/las-coimas-inundacion\/\" rel=\"attachment wp-att-68831\"><img data-recalc-dims=\"1\" loading=\"lazy\" decoding=\"async\" class=\"size-full wp-image-68831\" src=\"https:\/\/i0.wp.com\/www.eltrabajo.cl\/portal\/wp-content\/uploads\/2016\/04\/las-coimas-inundacion.jpg?resize=530%2C348\" alt=\"Brusco aumento en el caudal tras intensas precipitaciones pudo haber originado una emergencia mayor con personas damnificadas.\" width=\"530\" height=\"348\" srcset=\"https:\/\/i0.wp.com\/eltrabajo.cl\/portal\/wp-content\/uploads\/2016\/04\/las-coimas-inundacion.jpg?w=530&amp;ssl=1 530w, https:\/\/i0.wp.com\/eltrabajo.cl\/portal\/wp-content\/uploads\/2016\/04\/las-coimas-inundacion.jpg?resize=200%2C131&amp;ssl=1 200w, https:\/\/i0.wp.com\/eltrabajo.cl\/portal\/wp-content\/uploads\/2016\/04\/las-coimas-inundacion.jpg?resize=300%2C197&amp;ssl=1 300w, https:\/\/i0.wp.com\/eltrabajo.cl\/portal\/wp-content\/uploads\/2016\/04\/las-coimas-inundacion.jpg?resize=228%2C150&amp;ssl=1 228w, https:\/\/i0.wp.com\/eltrabajo.cl\/portal\/wp-content\/uploads\/2016\/04\/las-coimas-inundacion.jpg?resize=400%2C263&amp;ssl=1 400w\" sizes=\"auto, (max-width: 530px) 100vw, 530px\" \/><\/a><figcaption id=\"caption-attachment-68831\" class=\"wp-caption-text\">Brusco aumento en el caudal tras intensas precipitaciones pudo haber originado una emergencia mayor con personas damnificadas.<\/figcaption><\/figure>\n","protected":false},"excerpt":{"rendered":"<p>Viviendas del sector estuvieron cerca de inundarse debido al brusco aumento en el caudal tras las intensas precipitaciones. Una preocupante situaci\u00f3n alert\u00f3 a los vecinos de Las Coimas durante las primeras horas&#8230;<\/p>\n","protected":false},"author":1,"featured_media":68831,"comment_status":"open","ping_status":"open","sticky":false,"template":"","format":"standard","meta":{"advanced_seo_description":"","jetpack_seo_html_title":"","jetpack_seo_noindex":false,"_jetpack_memberships_contains_paid_content":false,"footnotes":""},"categories":[1],"tags":[],"class_list":["post-68830","post","type-post","status-publish","format-standard","has-post-thumbnail","hentry","category-cronica"],"jetpack_featured_media_url":"https:\/\/i0.wp.com\/eltrabajo.cl\/portal\/wp-content\/uploads\/2016\/04\/las-coimas-inundacion.jpg?fit=530%2C348&ssl=1","jetpack_sharing_enabled":true,"jetpack_likes_enabled":true,"jetpack-related-posts":[],"_links":{"self":[{"href":"https:\/\/eltrabajo.cl\/portal\/wp-json\/wp\/v2\/posts\/68830","targetHints":{"allow":["GET"]}}],"collection":[{"href":"https:\/\/eltrabajo.cl\/portal\/wp-json\/wp\/v2\/posts"}],"about":[{"href":"https:\/\/eltrabajo.cl\/portal\/wp-json\/wp\/v2\/types\/post"}],"author":[{"embeddable":true,"href":"https:\/\/eltrabajo.cl\/portal\/wp-json\/wp\/v2\/users\/1"}],"replies":[{"embeddable":true,"href":"https:\/\/eltrabajo.cl\/portal\/wp-json\/wp\/v2\/comments?post=68830"}],"version-history":[{"count":0,"href":"https:\/\/eltrabajo.cl\/portal\/wp-json\/wp\/v2\/posts\/68830\/revisions"}],"wp:featuredmedia":[{"embeddable":true,"href":"https:\/\/eltrabajo.cl\/portal\/wp-json\/wp\/v2\/media\/68831"}],"wp:attachment":[{"href":"https:\/\/eltrabajo.cl\/portal\/wp-json\/wp\/v2\/media?parent=68830"}],"wp:term":[{"taxonomy":"category","embeddable":true,"href":"https:\/\/eltrabajo.cl\/portal\/wp-json\/wp\/v2\/categories?post=68830"},{"taxonomy":"post_tag","embeddable":true,"href":"https:\/\/eltrabajo.cl\/portal\/wp-json\/wp\/v2\/tags?post=68830"}],"curies":[{"name":"wp","href":"https:\/\/api.w.org\/{rel}","templated":true}]}}