{"id":68834,"date":"2016-04-18T09:05:44","date_gmt":"2016-04-18T12:05:44","guid":{"rendered":"http:\/\/www.eltrabajo.cl\/portal\/?p=68834"},"modified":"2016-04-18T09:05:44","modified_gmt":"2016-04-18T12:05:44","slug":"sesenta-viviendas-del-sector-el-pedrero-resultan-anegadas-en-calle-larga","status":"publish","type":"post","link":"https:\/\/eltrabajo.cl\/portal\/sesenta-viviendas-del-sector-el-pedrero-resultan-anegadas-en-calle-larga\/","title":{"rendered":"Sesenta viviendas del sector El Pedrero resultan anegadas en Calle Larga"},"content":{"rendered":"<p><strong>LOS ANDES.-<\/strong> La comuna de Calle Larga fue la m\u00e1s afectada por las intensas precipitaciones, tormentas el\u00e9ctricas y granizadas registradas en la provincia desde la noche del s\u00e1bado.<br \/>\nEn un balance la gobernadora Mar\u00eda Victoria Rodr\u00edguez dijo que la situaci\u00f3n m\u00e1s compleja se produjo en el sector El Pedrero con el alud ocurrido en la Quebrada Algarrobal que provoc\u00f3 la inundaci\u00f3n de sesenta viviendas: \u00abadem\u00e1s de roturas de puentes de acceso, ya que hay familias que se encuentran aisladas, casas inundadas con sus accesos destruidos y estamos viendo junto a la Municipalidad de Calle larga la forma de reponer lo perdido\u00bb.<br \/>\nAgreg\u00f3 que se coordin\u00f3 con el regimiento Reforzado Yungay para que efectivos de esa unidad militar acudan a colaborar con los residentes del sector para poder llenar sacos de arena que sirvan para evitar el ingreso de agua a las casas y la limpieza escombros.<br \/>\nAsimismo, indic\u00f3 que se produjo rotura del asfalto en ese mismo sector de El Pedrero, \u00abpor lo que estamos viendo junto a Vialidad para que una vez que pasen las lluvias pueda ser reparado y as\u00ed r\u00e1pidamente vuelva a estar en buenas condiciones, ya que este fue un sue\u00f1o largamente esperado por los vecinos del sector\u00bb.<br \/>\nLa autoridad provincial comunic\u00f3 que en Rinconada se produjo un aluvi\u00f3n en el sector de Mina Caracoles donde una familia result\u00f3 afectada debiendo ser albergada, mientras que en la comuna de Los Andes quince familias sufrieron el anegamiento de sus viviendas en diferentes sectores, siendo asistidas por personal de la Unidad de Emergencia municipal.<br \/>\nAl mismo tiempo en la comuna de San Esteban tambi\u00e9n hubo algunos anegamientos puntuales que fueron resueltos por personal municipal.<br \/>\nEn cuanto a la situaci\u00f3n del camino internacional, la gobernadora inform\u00f3 que el paso Cristo Redentor permanece cerrado e hizo un llamado a los vecinos a evitar en lo posible circular por la ruta, sobre todo en la noche, \u00abya que el camino se encuentra en muy malas condiciones por el desprendimiento de roca y material, sectores con aluviones y barro, y eso significa que podr\u00eda tener consecuencia para los veh\u00edculos\u00bb.<br \/>\nPrecis\u00f3 que el paso internacional no est\u00e1 en condiciones de ser abierto hasta que no se realicen trabajos que permitan el tr\u00e1nsito seguro y es por ello que maquinaria y personal de Vialidad trabaja en su rehabilitaci\u00f3n.<br \/>\nFinalmente la gobernadora agradeci\u00f3 y destac\u00f3 el trabajo realizado por todos los organismos de emergencia durante el temporal.<\/p>\n<p><strong>Suspensi\u00f3n de clases<\/strong><br \/>\nPor su parte, el director regional de la Onemi, Guillermo de la Maza, inform\u00f3 que a ra\u00edz de los desbordes de esteros y canales, se suspenden las clases de este lunes en la comuna de Calle Larga, provincia de Los Andes.<br \/>\nDe la Maza explic\u00f3 que a ra\u00edz de las intensas lluvias se desbordaron los canales de regad\u00edo y esteros secundarios anegando las v\u00edas de circulaci\u00f3n peatonal que presentan serios deterioros<br \/>\nA fin de brindar seguridad en el desplazamiento de los alumnos a los recintos educacionales, se dispuso la suspensi\u00f3n de las clases para la jornada del d\u00eda de hoy lunes 18.<\/p>\n<figure id=\"attachment_68835\" aria-describedby=\"caption-attachment-68835\" style=\"width: 530px\" class=\"wp-caption alignleft\"><a href=\"http:\/\/www.eltrabajo.cl\/portal\/sesenta-viviendas-del-sector-el-pedrero-resultan-anegadas-en-calle-larga\/estero_pocuro12\/\" rel=\"attachment wp-att-68835\"><img data-recalc-dims=\"1\" loading=\"lazy\" decoding=\"async\" class=\"size-full wp-image-68835\" src=\"https:\/\/i0.wp.com\/www.eltrabajo.cl\/portal\/wp-content\/uploads\/2016\/04\/estero_pocuro12.jpg?resize=530%2C350\" alt=\"En horas de la ma\u00f1ana se produjo el desborde del estero Pocuro, provocando temor en los vecinos ante posible inundaci\u00f3n de sus viviendas (Foto Alejandro Escudero \/Coe).\" width=\"530\" height=\"350\" srcset=\"https:\/\/i0.wp.com\/eltrabajo.cl\/portal\/wp-content\/uploads\/2016\/04\/estero_pocuro12.jpg?w=530&amp;ssl=1 530w, https:\/\/i0.wp.com\/eltrabajo.cl\/portal\/wp-content\/uploads\/2016\/04\/estero_pocuro12.jpg?resize=200%2C132&amp;ssl=1 200w, https:\/\/i0.wp.com\/eltrabajo.cl\/portal\/wp-content\/uploads\/2016\/04\/estero_pocuro12.jpg?resize=300%2C198&amp;ssl=1 300w, https:\/\/i0.wp.com\/eltrabajo.cl\/portal\/wp-content\/uploads\/2016\/04\/estero_pocuro12.jpg?resize=227%2C150&amp;ssl=1 227w, https:\/\/i0.wp.com\/eltrabajo.cl\/portal\/wp-content\/uploads\/2016\/04\/estero_pocuro12.jpg?resize=400%2C264&amp;ssl=1 400w\" sizes=\"auto, (max-width: 530px) 100vw, 530px\" \/><\/a><figcaption id=\"caption-attachment-68835\" class=\"wp-caption-text\">En horas de la ma\u00f1ana se produjo el desborde del estero Pocuro, provocando temor en los vecinos ante posible inundaci\u00f3n de sus viviendas (Foto Alejandro Escudero \/Coe).<\/figcaption><\/figure>\n","protected":false},"excerpt":{"rendered":"<p>LOS ANDES.- La comuna de Calle Larga fue la m\u00e1s afectada por las intensas precipitaciones, tormentas el\u00e9ctricas y granizadas registradas en la provincia desde la noche del s\u00e1bado. En un balance la&#8230;<\/p>\n","protected":false},"author":1,"featured_media":68835,"comment_status":"open","ping_status":"open","sticky":false,"template":"","format":"standard","meta":{"advanced_seo_description":"","jetpack_seo_html_title":"","jetpack_seo_noindex":false,"_jetpack_memberships_contains_paid_content":false,"footnotes":""},"categories":[1],"tags":[],"class_list":["post-68834","post","type-post","status-publish","format-standard","has-post-thumbnail","hentry","category-cronica"],"jetpack_featured_media_url":"https:\/\/i0.wp.com\/eltrabajo.cl\/portal\/wp-content\/uploads\/2016\/04\/estero_pocuro12.jpg?fit=530%2C350&ssl=1","jetpack_sharing_enabled":true,"jetpack_likes_enabled":true,"jetpack-related-posts":[],"_links":{"self":[{"href":"https:\/\/eltrabajo.cl\/portal\/wp-json\/wp\/v2\/posts\/68834","targetHints":{"allow":["GET"]}}],"collection":[{"href":"https:\/\/eltrabajo.cl\/portal\/wp-json\/wp\/v2\/posts"}],"about":[{"href":"https:\/\/eltrabajo.cl\/portal\/wp-json\/wp\/v2\/types\/post"}],"author":[{"embeddable":true,"href":"https:\/\/eltrabajo.cl\/portal\/wp-json\/wp\/v2\/users\/1"}],"replies":[{"embeddable":true,"href":"https:\/\/eltrabajo.cl\/portal\/wp-json\/wp\/v2\/comments?post=68834"}],"version-history":[{"count":0,"href":"https:\/\/eltrabajo.cl\/portal\/wp-json\/wp\/v2\/posts\/68834\/revisions"}],"wp:featuredmedia":[{"embeddable":true,"href":"https:\/\/eltrabajo.cl\/portal\/wp-json\/wp\/v2\/media\/68835"}],"wp:attachment":[{"href":"https:\/\/eltrabajo.cl\/portal\/wp-json\/wp\/v2\/media?parent=68834"}],"wp:term":[{"taxonomy":"category","embeddable":true,"href":"https:\/\/eltrabajo.cl\/portal\/wp-json\/wp\/v2\/categories?post=68834"},{"taxonomy":"post_tag","embeddable":true,"href":"https:\/\/eltrabajo.cl\/portal\/wp-json\/wp\/v2\/tags?post=68834"}],"curies":[{"name":"wp","href":"https:\/\/api.w.org\/{rel}","templated":true}]}}