{"id":68838,"date":"2016-04-18T09:14:32","date_gmt":"2016-04-18T12:14:32","guid":{"rendered":"http:\/\/www.eltrabajo.cl\/portal\/?p=68838"},"modified":"2016-04-18T09:14:32","modified_gmt":"2016-04-18T12:14:32","slug":"sector-poniente-de-san-felipe-sufrio-colapso-de-sus-avenidas-principales","status":"publish","type":"post","link":"https:\/\/eltrabajo.cl\/portal\/sector-poniente-de-san-felipe-sufrio-colapso-de-sus-avenidas-principales\/","title":{"rendered":"Sector Poniente de San Felipe sufri\u00f3 colapso de sus avenidas principales"},"content":{"rendered":"<p>Hasta la tarde de ayer hab\u00edan ca\u00eddo 35 mm de agua en la provincia de San Felipe. Sistema frontal y tormenta el\u00e9ctrica provocaron interrupci\u00f3n en servicios b\u00e1sicos, inundaci\u00f3n de calles y suspensi\u00f3n de clases en Liceo Bicentenario Cordillera.<br \/>\nEl Liceo Bicentenario Cordillera fue el \u00fanico establecimiento educacional municipalizado de la comuna de San Felipe que debi\u00f3 suspender sus clases durante la jornada de hoy lunes, producto de las intensas precipitaciones que azotaron el Valle de Aconcagua durante el fin de semana y que a las 17 horas de ayer registraban un total de 35 mil\u00edmetros de agua ca\u00edda en la Provincia de San Felipe, cifra que implica un super\u00e1vit de un 72 % respecto de los 15 mm, precipitados a la fecha en 2015.<br \/>\nDe acuerdo a lo informado por la Gobernaci\u00f3n de la Provincia de San Felipe, hasta la tarde de ayer no se registraron situaciones de anegamiento graves, sin embargo, es importante destacar que el sistema frontal provoc\u00f3 varias alteraciones en los servicios b\u00e1sicos durante el fin de semana, como por ejemplo, en las comunas de Los Andes y Calle Larga, donde Esval tuvo que suspender el servicio de agua potable, desde la tarde del s\u00e1bado hasta la ma\u00f1ana de ayer, producto de la turbiedad de las aguas del R\u00edo Aconcagua. Adem\u00e1s, debido a la tormenta de truenos y rel\u00e1mpagos que se hizo sentir con potencia durante la madrugada del domingo, varias comunas del Valle de Aconcagua sufrieron el corte transitorio de suministro el\u00e9ctrico.<br \/>\nEn el caso espec\u00edfico de la comuna de San Felipe, pese a todas las acciones preventivas realizadas durante la semana pasada por personal municipal, -como lo fue por ejemplo la limpieza de canales y redes de evacuaci\u00f3n de aguas lluvias-, uno de los sectores que sigue sufriendo en el plano vial y peatonal, es el extremo poniente de la ciudad, espec\u00edficamente las villas Juan Pablo II, El Totoral, El Esplendor y Pedro de Valdivia.<br \/>\nS\u00f3lo un par de horas de precipitaciones, provoca que a los vecinos del lugar se les haga pr\u00e1cticamente imposible cruzar de una acera a otra, pues sus principales arterias e intersecciones se inundan de extremo a extremo y en algunos puntos superan la altura de las bermas, hecho que se repite cada invierno (oto\u00f1o en este caso) y que, sin duda, tendr\u00e1 que ser analizado por las autoridades responsables. A continuaci\u00f3n, una galer\u00eda de los puntos cr\u00edticos de la comuna, donde los peatones sanfelipe\u00f1os, m\u00e1s que transitar, pr\u00e1cticamente deben navegar al salir de sus hogares.<\/p>\n<div class=\"tiled-gallery type-rectangular tiled-gallery-unresized\" data-original-width=\"640\" data-carousel-extra='null' itemscope itemtype=\"http:\/\/schema.org\/ImageGallery\" > <div class=\"gallery-row\" style=\"width: 640px; height: 283px;\" data-original-width=\"640\" data-original-height=\"283\" > <div class=\"gallery-group images-1\" style=\"width: 427px; height: 283px;\" data-original-width=\"427\" data-original-height=\"283\" > <div class=\"tiled-gallery-item tiled-gallery-item-large\" itemprop=\"associatedMedia\" itemscope itemtype=\"http:\/\/schema.org\/ImageObject\"> <a href=\"https:\/\/eltrabajo.cl\/portal\/sector-poniente-de-san-felipe-sufrio-colapso-de-sus-avenidas-principales\/foto-1-a-nivel-de-la-berma-de-un-lado-a-otro-de-la-calle-escurria-el-agua-desde-la-interseccion-de-avenida-pedro-de-valdiva-con-jose-maria-caro-limite-entre-villa-juan-pablo-ii-y-el-totoral\/\" border=\"0\" itemprop=\"url\"> <meta itemprop=\"width\" content=\"423\"> <meta itemprop=\"height\" content=\"279\"> <img decoding=\"async\" class=\"\" data-attachment-id=\"68839\" data-orig-file=\"https:\/\/eltrabajo.cl\/portal\/wp-content\/uploads\/2016\/04\/FOTO-1-A-NIVEL-DE-LA-BERMA-DE-UN-LADO-A-OTRO-DE-LA-CALLE-ESCURRIA-EL-AGUA-DESDE-LA-INTERSECCION-DE-AVENIDA-PEDRO-DE-VALDIVA-CON-JOSE-MARIA-CARO-LIMITE-ENTRE-VILLA-JUAN-PABLO-II-Y-EL-TOTORAL.jpg\" data-orig-size=\"530,350\" data-comments-opened=\"1\" data-image-meta=\"{&quot;aperture&quot;:&quot;0&quot;,&quot;credit&quot;:&quot;&quot;,&quot;camera&quot;:&quot;&quot;,&quot;caption&quot;:&quot;&quot;,&quot;created_timestamp&quot;:&quot;0&quot;,&quot;copyright&quot;:&quot;Copyright 2012&quot;,&quot;focal_length&quot;:&quot;0&quot;,&quot;iso&quot;:&quot;0&quot;,&quot;shutter_speed&quot;:&quot;0&quot;,&quot;title&quot;:&quot;&quot;,&quot;orientation&quot;:&quot;0&quot;}\" data-image-title=\"A nivel de la berma, de un lado a otro de la calle, escurr\u00eda el agua desde la intersecci\u00f3n de avenida Pedro de Valdiva con Jos\u00e9 Mar\u00eda Caro, l\u00edmite entre villa Juan Pablo II y El Totoral en el sector poniente de San Felipe.\" data-image-description=\"&lt;p&gt;A nivel de la berma, de un lado a otro de la calle, escurr\u00eda el agua desde la intersecci\u00f3n de avenida Pedro de Valdiva con Jos\u00e9 Mar\u00eda Caro, l\u00edmite entre villa Juan Pablo II y El Totoral en el sector poniente de San Felipe.&lt;\/p&gt; \" data-medium-file=\"https:\/\/i0.wp.com\/eltrabajo.cl\/portal\/wp-content\/uploads\/2016\/04\/FOTO-1-A-NIVEL-DE-LA-BERMA-DE-UN-LADO-A-OTRO-DE-LA-CALLE-ESCURRIA-EL-AGUA-DESDE-LA-INTERSECCION-DE-AVENIDA-PEDRO-DE-VALDIVA-CON-JOSE-MARIA-CARO-LIMITE-ENTRE-VILLA-JUAN-PABLO-II-Y-EL-TOTORAL.jpg?fit=300%2C198&#038;ssl=1\" data-large-file=\"https:\/\/i0.wp.com\/eltrabajo.cl\/portal\/wp-content\/uploads\/2016\/04\/FOTO-1-A-NIVEL-DE-LA-BERMA-DE-UN-LADO-A-OTRO-DE-LA-CALLE-ESCURRIA-EL-AGUA-DESDE-LA-INTERSECCION-DE-AVENIDA-PEDRO-DE-VALDIVA-CON-JOSE-MARIA-CARO-LIMITE-ENTRE-VILLA-JUAN-PABLO-II-Y-EL-TOTORAL.jpg?fit=530%2C350&#038;ssl=1\" src=\"https:\/\/i0.wp.com\/eltrabajo.cl\/portal\/wp-content\/uploads\/2016\/04\/FOTO-1-A-NIVEL-DE-LA-BERMA-DE-UN-LADO-A-OTRO-DE-LA-CALLE-ESCURRIA-EL-AGUA-DESDE-LA-INTERSECCION-DE-AVENIDA-PEDRO-DE-VALDIVA-CON-JOSE-MARIA-CARO-LIMITE-ENTRE-VILLA-JUAN-PABLO-II-Y-EL-TOTORAL.jpg?w=423&#038;h=279&#038;ssl=1\" srcset=\"https:\/\/i0.wp.com\/eltrabajo.cl\/portal\/wp-content\/uploads\/2016\/04\/FOTO-1-A-NIVEL-DE-LA-BERMA-DE-UN-LADO-A-OTRO-DE-LA-CALLE-ESCURRIA-EL-AGUA-DESDE-LA-INTERSECCION-DE-AVENIDA-PEDRO-DE-VALDIVA-CON-JOSE-MARIA-CARO-LIMITE-ENTRE-VILLA-JUAN-PABLO-II-Y-EL-TOTORAL.jpg?w=530&amp;ssl=1 530w, https:\/\/i0.wp.com\/eltrabajo.cl\/portal\/wp-content\/uploads\/2016\/04\/FOTO-1-A-NIVEL-DE-LA-BERMA-DE-UN-LADO-A-OTRO-DE-LA-CALLE-ESCURRIA-EL-AGUA-DESDE-LA-INTERSECCION-DE-AVENIDA-PEDRO-DE-VALDIVA-CON-JOSE-MARIA-CARO-LIMITE-ENTRE-VILLA-JUAN-PABLO-II-Y-EL-TOTORAL.jpg?resize=200%2C132&amp;ssl=1 200w, https:\/\/i0.wp.com\/eltrabajo.cl\/portal\/wp-content\/uploads\/2016\/04\/FOTO-1-A-NIVEL-DE-LA-BERMA-DE-UN-LADO-A-OTRO-DE-LA-CALLE-ESCURRIA-EL-AGUA-DESDE-LA-INTERSECCION-DE-AVENIDA-PEDRO-DE-VALDIVA-CON-JOSE-MARIA-CARO-LIMITE-ENTRE-VILLA-JUAN-PABLO-II-Y-EL-TOTORAL.jpg?resize=300%2C198&amp;ssl=1 300w, https:\/\/i0.wp.com\/eltrabajo.cl\/portal\/wp-content\/uploads\/2016\/04\/FOTO-1-A-NIVEL-DE-LA-BERMA-DE-UN-LADO-A-OTRO-DE-LA-CALLE-ESCURRIA-EL-AGUA-DESDE-LA-INTERSECCION-DE-AVENIDA-PEDRO-DE-VALDIVA-CON-JOSE-MARIA-CARO-LIMITE-ENTRE-VILLA-JUAN-PABLO-II-Y-EL-TOTORAL.jpg?resize=227%2C150&amp;ssl=1 227w, https:\/\/i0.wp.com\/eltrabajo.cl\/portal\/wp-content\/uploads\/2016\/04\/FOTO-1-A-NIVEL-DE-LA-BERMA-DE-UN-LADO-A-OTRO-DE-LA-CALLE-ESCURRIA-EL-AGUA-DESDE-LA-INTERSECCION-DE-AVENIDA-PEDRO-DE-VALDIVA-CON-JOSE-MARIA-CARO-LIMITE-ENTRE-VILLA-JUAN-PABLO-II-Y-EL-TOTORAL.jpg?resize=400%2C264&amp;ssl=1 400w\" width=\"423\" height=\"279\" loading=\"lazy\" data-original-width=\"423\" data-original-height=\"279\" itemprop=\"http:\/\/schema.org\/image\" title=\"A nivel de la berma, de un lado a otro de la calle, escurr\u00eda el agua desde la intersecci\u00f3n de avenida Pedro de Valdiva con Jos\u00e9 Mar\u00eda Caro, l\u00edmite entre villa Juan Pablo II y El Totoral en el sector poniente de San Felipe.\" alt=\"A nivel de la berma, de un lado a otro de la calle, escurr\u00eda el agua desde la intersecci\u00f3n de avenida Pedro de Valdiva con Jos\u00e9 Mar\u00eda Caro, l\u00edmite entre villa Juan Pablo II y El Totoral en el sector poniente de San Felipe.\" style=\"width: 423px; height: 279px;\" \/> <\/a> <div class=\"tiled-gallery-caption\" itemprop=\"caption description\"> A nivel de la berma, de un lado a otro de la calle, escurr\u00eda el agua desde la intersecci\u00f3n de avenida Pedro de Valdiva con Jos\u00e9 Mar\u00eda Caro, l\u00edmite entre villa Juan Pablo II y El Totoral en el sector poniente de San Felipe. <\/div> <\/div> <\/div> <!-- close group --> <div class=\"gallery-group images-2\" style=\"width: 213px; height: 283px;\" data-original-width=\"213\" data-original-height=\"283\" > <div class=\"tiled-gallery-item tiled-gallery-item-small\" itemprop=\"associatedMedia\" itemscope itemtype=\"http:\/\/schema.org\/ImageObject\"> <a href=\"https:\/\/eltrabajo.cl\/portal\/sector-poniente-de-san-felipe-sufrio-colapso-de-sus-avenidas-principales\/foto-2-el-acceso-caminando-a-los-pasajes-de-villa-juan-pablo-ii-obligaba-a-los-peatones\/\" border=\"0\" itemprop=\"url\"> <meta itemprop=\"width\" content=\"209\"> <meta itemprop=\"height\" content=\"138\"> <img decoding=\"async\" class=\"\" data-attachment-id=\"68840\" data-orig-file=\"https:\/\/eltrabajo.cl\/portal\/wp-content\/uploads\/2016\/04\/FOTO-2-EL-ACCESO-CAMINANDO-A-LOS-PASAJES-DE-VILLA-JUAN-PABLO-II-OBLIGABA-A-LOS-PEATONES.jpg\" data-orig-size=\"530,349\" data-comments-opened=\"1\" data-image-meta=\"{&quot;aperture&quot;:&quot;0&quot;,&quot;credit&quot;:&quot;&quot;,&quot;camera&quot;:&quot;&quot;,&quot;caption&quot;:&quot;&quot;,&quot;created_timestamp&quot;:&quot;0&quot;,&quot;copyright&quot;:&quot;Copyright 2012&quot;,&quot;focal_length&quot;:&quot;0&quot;,&quot;iso&quot;:&quot;0&quot;,&quot;shutter_speed&quot;:&quot;0&quot;,&quot;title&quot;:&quot;&quot;,&quot;orientation&quot;:&quot;0&quot;}\" data-image-title=\"La intersecci\u00f3n de Pedro de Valdivia con pasaje Papa V\u00edctor a las 12 del d\u00eda de ayer completamente inundada. El acceso caminando a los pasajes de villa Juan Pablo II obligaba a los peatones a mojarse hasta los tobillos al salir de sus hogares o regresar a ellos.\" data-image-description=\"&lt;p&gt;La intersecci\u00f3n de Pedro de Valdivia con pasaje Papa V\u00edctor a las 12 del d\u00eda de ayer completamente inundada. El acceso caminando a los pasajes de villa Juan Pablo II obligaba a los peatones a mojarse hasta los tobillos al salir de sus hogares o regresar a ellos.&lt;\/p&gt; \" data-medium-file=\"https:\/\/i0.wp.com\/eltrabajo.cl\/portal\/wp-content\/uploads\/2016\/04\/FOTO-2-EL-ACCESO-CAMINANDO-A-LOS-PASAJES-DE-VILLA-JUAN-PABLO-II-OBLIGABA-A-LOS-PEATONES.jpg?fit=300%2C198&#038;ssl=1\" data-large-file=\"https:\/\/i0.wp.com\/eltrabajo.cl\/portal\/wp-content\/uploads\/2016\/04\/FOTO-2-EL-ACCESO-CAMINANDO-A-LOS-PASAJES-DE-VILLA-JUAN-PABLO-II-OBLIGABA-A-LOS-PEATONES.jpg?fit=530%2C349&#038;ssl=1\" src=\"https:\/\/i0.wp.com\/eltrabajo.cl\/portal\/wp-content\/uploads\/2016\/04\/FOTO-2-EL-ACCESO-CAMINANDO-A-LOS-PASAJES-DE-VILLA-JUAN-PABLO-II-OBLIGABA-A-LOS-PEATONES.jpg?w=209&#038;h=138&#038;ssl=1\" srcset=\"https:\/\/i0.wp.com\/eltrabajo.cl\/portal\/wp-content\/uploads\/2016\/04\/FOTO-2-EL-ACCESO-CAMINANDO-A-LOS-PASAJES-DE-VILLA-JUAN-PABLO-II-OBLIGABA-A-LOS-PEATONES.jpg?w=530&amp;ssl=1 530w, https:\/\/i0.wp.com\/eltrabajo.cl\/portal\/wp-content\/uploads\/2016\/04\/FOTO-2-EL-ACCESO-CAMINANDO-A-LOS-PASAJES-DE-VILLA-JUAN-PABLO-II-OBLIGABA-A-LOS-PEATONES.jpg?resize=200%2C132&amp;ssl=1 200w, https:\/\/i0.wp.com\/eltrabajo.cl\/portal\/wp-content\/uploads\/2016\/04\/FOTO-2-EL-ACCESO-CAMINANDO-A-LOS-PASAJES-DE-VILLA-JUAN-PABLO-II-OBLIGABA-A-LOS-PEATONES.jpg?resize=300%2C198&amp;ssl=1 300w, https:\/\/i0.wp.com\/eltrabajo.cl\/portal\/wp-content\/uploads\/2016\/04\/FOTO-2-EL-ACCESO-CAMINANDO-A-LOS-PASAJES-DE-VILLA-JUAN-PABLO-II-OBLIGABA-A-LOS-PEATONES.jpg?resize=228%2C150&amp;ssl=1 228w, https:\/\/i0.wp.com\/eltrabajo.cl\/portal\/wp-content\/uploads\/2016\/04\/FOTO-2-EL-ACCESO-CAMINANDO-A-LOS-PASAJES-DE-VILLA-JUAN-PABLO-II-OBLIGABA-A-LOS-PEATONES.jpg?resize=400%2C263&amp;ssl=1 400w\" width=\"209\" height=\"138\" loading=\"lazy\" data-original-width=\"209\" data-original-height=\"138\" itemprop=\"http:\/\/schema.org\/image\" title=\"La intersecci\u00f3n de Pedro de Valdivia con pasaje Papa V\u00edctor a las 12 del d\u00eda de ayer completamente inundada. El acceso caminando a los pasajes de villa Juan Pablo II obligaba a los peatones a mojarse hasta los tobillos al salir de sus hogares o regresar a ellos.\" alt=\"La intersecci\u00f3n de Pedro de Valdivia con pasaje Papa V\u00edctor a las 12 del d\u00eda de ayer completamente inundada. El acceso caminando a los pasajes de villa Juan Pablo II obligaba a los peatones a mojarse hasta los tobillos al salir de sus hogares o regresar a ellos.\" style=\"width: 209px; height: 138px;\" \/> <\/a> <div class=\"tiled-gallery-caption\" itemprop=\"caption description\"> La intersecci\u00f3n de Pedro de Valdivia con pasaje Papa V\u00edctor a las 12 del d\u00eda de ayer completamente inundada. El acceso caminando a los pasajes de villa Juan Pablo II obligaba a los peatones a mojarse hasta los tobillos al salir de sus hogares o regresar a ellos. <\/div> <\/div> <div class=\"tiled-gallery-item tiled-gallery-item-small\" itemprop=\"associatedMedia\" itemscope itemtype=\"http:\/\/schema.org\/ImageObject\"> <a href=\"https:\/\/eltrabajo.cl\/portal\/sector-poniente-de-san-felipe-sufrio-colapso-de-sus-avenidas-principales\/foto-3-interseccion-de-pedro-de-valdivia-con-calle-papa-leon-v-en-villa-juan-pablo-ii-mas-que-una-calle-pareciera-estar-en-presencia-de-un-canal-de-venecia\/\" border=\"0\" itemprop=\"url\"> <meta itemprop=\"width\" content=\"209\"> <meta itemprop=\"height\" content=\"137\"> <img decoding=\"async\" class=\"\" data-attachment-id=\"68841\" data-orig-file=\"https:\/\/eltrabajo.cl\/portal\/wp-content\/uploads\/2016\/04\/FOTO-3-INTERSECCION-DE-PEDRO-DE-VALDIVIA-CON-CALLE-PAPA-LEON-V-EN-VILLA-JUAN-PABLO-II-MAS-QUE-UNA-CALLE-PARECIERA-ESTAR-EN-PRESENCIA-DE-UN-CANAL-DE-VENECIA.jpg\" data-orig-size=\"530,349\" data-comments-opened=\"1\" data-image-meta=\"{&quot;aperture&quot;:&quot;0&quot;,&quot;credit&quot;:&quot;&quot;,&quot;camera&quot;:&quot;&quot;,&quot;caption&quot;:&quot;&quot;,&quot;created_timestamp&quot;:&quot;0&quot;,&quot;copyright&quot;:&quot;Copyright 2012&quot;,&quot;focal_length&quot;:&quot;0&quot;,&quot;iso&quot;:&quot;0&quot;,&quot;shutter_speed&quot;:&quot;0&quot;,&quot;title&quot;:&quot;&quot;,&quot;orientation&quot;:&quot;0&quot;}\" data-image-title=\"La esquina de Pedro de Valdivia con calle Papa Le\u00f3n V, en villa Juan Pablo II, m\u00e1s que calzada, se asemeja a uno de los canales que conectan las islas venecianas.\" data-image-description=\"&lt;p&gt;La esquina de Pedro de Valdivia con calle Papa Le\u00f3n V, en villa Juan Pablo II, m\u00e1s que calzada, se asemeja a uno de los canales que conectan las islas venecianas.&lt;\/p&gt; \" data-medium-file=\"https:\/\/i0.wp.com\/eltrabajo.cl\/portal\/wp-content\/uploads\/2016\/04\/FOTO-3-INTERSECCION-DE-PEDRO-DE-VALDIVIA-CON-CALLE-PAPA-LEON-V-EN-VILLA-JUAN-PABLO-II-MAS-QUE-UNA-CALLE-PARECIERA-ESTAR-EN-PRESENCIA-DE-UN-CANAL-DE-VENECIA.jpg?fit=300%2C198&#038;ssl=1\" data-large-file=\"https:\/\/i0.wp.com\/eltrabajo.cl\/portal\/wp-content\/uploads\/2016\/04\/FOTO-3-INTERSECCION-DE-PEDRO-DE-VALDIVIA-CON-CALLE-PAPA-LEON-V-EN-VILLA-JUAN-PABLO-II-MAS-QUE-UNA-CALLE-PARECIERA-ESTAR-EN-PRESENCIA-DE-UN-CANAL-DE-VENECIA.jpg?fit=530%2C349&#038;ssl=1\" src=\"https:\/\/i0.wp.com\/eltrabajo.cl\/portal\/wp-content\/uploads\/2016\/04\/FOTO-3-INTERSECCION-DE-PEDRO-DE-VALDIVIA-CON-CALLE-PAPA-LEON-V-EN-VILLA-JUAN-PABLO-II-MAS-QUE-UNA-CALLE-PARECIERA-ESTAR-EN-PRESENCIA-DE-UN-CANAL-DE-VENECIA.jpg?w=209&#038;h=137&#038;ssl=1\" srcset=\"https:\/\/i0.wp.com\/eltrabajo.cl\/portal\/wp-content\/uploads\/2016\/04\/FOTO-3-INTERSECCION-DE-PEDRO-DE-VALDIVIA-CON-CALLE-PAPA-LEON-V-EN-VILLA-JUAN-PABLO-II-MAS-QUE-UNA-CALLE-PARECIERA-ESTAR-EN-PRESENCIA-DE-UN-CANAL-DE-VENECIA.jpg?w=530&amp;ssl=1 530w, https:\/\/i0.wp.com\/eltrabajo.cl\/portal\/wp-content\/uploads\/2016\/04\/FOTO-3-INTERSECCION-DE-PEDRO-DE-VALDIVIA-CON-CALLE-PAPA-LEON-V-EN-VILLA-JUAN-PABLO-II-MAS-QUE-UNA-CALLE-PARECIERA-ESTAR-EN-PRESENCIA-DE-UN-CANAL-DE-VENECIA.jpg?resize=200%2C132&amp;ssl=1 200w, https:\/\/i0.wp.com\/eltrabajo.cl\/portal\/wp-content\/uploads\/2016\/04\/FOTO-3-INTERSECCION-DE-PEDRO-DE-VALDIVIA-CON-CALLE-PAPA-LEON-V-EN-VILLA-JUAN-PABLO-II-MAS-QUE-UNA-CALLE-PARECIERA-ESTAR-EN-PRESENCIA-DE-UN-CANAL-DE-VENECIA.jpg?resize=300%2C198&amp;ssl=1 300w, https:\/\/i0.wp.com\/eltrabajo.cl\/portal\/wp-content\/uploads\/2016\/04\/FOTO-3-INTERSECCION-DE-PEDRO-DE-VALDIVIA-CON-CALLE-PAPA-LEON-V-EN-VILLA-JUAN-PABLO-II-MAS-QUE-UNA-CALLE-PARECIERA-ESTAR-EN-PRESENCIA-DE-UN-CANAL-DE-VENECIA.jpg?resize=228%2C150&amp;ssl=1 228w, https:\/\/i0.wp.com\/eltrabajo.cl\/portal\/wp-content\/uploads\/2016\/04\/FOTO-3-INTERSECCION-DE-PEDRO-DE-VALDIVIA-CON-CALLE-PAPA-LEON-V-EN-VILLA-JUAN-PABLO-II-MAS-QUE-UNA-CALLE-PARECIERA-ESTAR-EN-PRESENCIA-DE-UN-CANAL-DE-VENECIA.jpg?resize=400%2C263&amp;ssl=1 400w\" width=\"209\" height=\"137\" loading=\"lazy\" data-original-width=\"209\" data-original-height=\"137\" itemprop=\"http:\/\/schema.org\/image\" title=\"La esquina de Pedro de Valdivia con calle Papa Le\u00f3n V, en villa Juan Pablo II, m\u00e1s que calzada, se asemeja a uno de los canales que conectan las islas venecianas.\" alt=\"La esquina de Pedro de Valdivia con calle Papa Le\u00f3n V, en villa Juan Pablo II, m\u00e1s que calzada, se asemeja a uno de los canales que conectan las islas venecianas.\" style=\"width: 209px; height: 137px;\" \/> <\/a> <div class=\"tiled-gallery-caption\" itemprop=\"caption description\"> La esquina de Pedro de Valdivia con calle Papa Le\u00f3n V, en villa Juan Pablo II, m\u00e1s que calzada, se asemeja a uno de los canales que conectan las islas venecianas. <\/div> <\/div> <\/div> <!-- close group --> <\/div> <!-- close row --> <div class=\"gallery-row\" style=\"width: 640px; height: 283px;\" data-original-width=\"640\" data-original-height=\"283\" > <div class=\"gallery-group images-2\" style=\"width: 213px; height: 283px;\" data-original-width=\"213\" data-original-height=\"283\" > <div class=\"tiled-gallery-item tiled-gallery-item-small\" itemprop=\"associatedMedia\" itemscope itemtype=\"http:\/\/schema.org\/ImageObject\"> <a href=\"https:\/\/eltrabajo.cl\/portal\/sector-poniente-de-san-felipe-sufrio-colapso-de-sus-avenidas-principales\/foto-5-en-teresa-de-la-torre-con-diego-de-almagro-villa-esplendor-los-vecinos-sufrieron-el-colapso-de-esta-camara-de-alcantarillado-que-comenzo-al-mediodia-de-ayer-a-devolver-aguas-servidas\/\" border=\"0\" itemprop=\"url\"> <meta itemprop=\"width\" content=\"209\"> <meta itemprop=\"height\" content=\"138\"> <img decoding=\"async\" class=\"\" data-attachment-id=\"68842\" data-orig-file=\"https:\/\/eltrabajo.cl\/portal\/wp-content\/uploads\/2016\/04\/FOTO-5-EN-TERESA-DE-LA-TORRE-CON-DIEGO-DE-ALMAGRO-VILLA-ESPLENDOR-LOS-VECINOS-SUFRIERON-EL-COLAPSO-DE-ESTA-CAMARA-DE-ALCANTARILLADO-QUE-COMENZO-AL-MEDIODIA-DE-AYER-A-DEVOLVER-AGUAS-SERVIDAS.jpg\" data-orig-size=\"530,350\" data-comments-opened=\"1\" data-image-meta=\"{&quot;aperture&quot;:&quot;0&quot;,&quot;credit&quot;:&quot;&quot;,&quot;camera&quot;:&quot;&quot;,&quot;caption&quot;:&quot;&quot;,&quot;created_timestamp&quot;:&quot;0&quot;,&quot;copyright&quot;:&quot;Copyright 2012&quot;,&quot;focal_length&quot;:&quot;0&quot;,&quot;iso&quot;:&quot;0&quot;,&quot;shutter_speed&quot;:&quot;0&quot;,&quot;title&quot;:&quot;&quot;,&quot;orientation&quot;:&quot;0&quot;}\" data-image-title=\"En Teresa de la Torre con Diego de Almagro, villa Esplendor, los vecinos sufrieron el colapso de esta c\u00e1mara de alcantarillado, que comenz\u00f3 al mediod\u00eda de ayer a devolver aguas servidas.\" data-image-description=\"&lt;p&gt;En Teresa de la Torre con Diego de Almagro, villa Esplendor, los vecinos sufrieron el colapso de esta c\u00e1mara de alcantarillado, que comenz\u00f3 al mediod\u00eda de ayer a devolver aguas servidas.&lt;\/p&gt; \" data-medium-file=\"https:\/\/i0.wp.com\/eltrabajo.cl\/portal\/wp-content\/uploads\/2016\/04\/FOTO-5-EN-TERESA-DE-LA-TORRE-CON-DIEGO-DE-ALMAGRO-VILLA-ESPLENDOR-LOS-VECINOS-SUFRIERON-EL-COLAPSO-DE-ESTA-CAMARA-DE-ALCANTARILLADO-QUE-COMENZO-AL-MEDIODIA-DE-AYER-A-DEVOLVER-AGUAS-SERVIDAS.jpg?fit=300%2C198&#038;ssl=1\" data-large-file=\"https:\/\/i0.wp.com\/eltrabajo.cl\/portal\/wp-content\/uploads\/2016\/04\/FOTO-5-EN-TERESA-DE-LA-TORRE-CON-DIEGO-DE-ALMAGRO-VILLA-ESPLENDOR-LOS-VECINOS-SUFRIERON-EL-COLAPSO-DE-ESTA-CAMARA-DE-ALCANTARILLADO-QUE-COMENZO-AL-MEDIODIA-DE-AYER-A-DEVOLVER-AGUAS-SERVIDAS.jpg?fit=530%2C350&#038;ssl=1\" src=\"https:\/\/i0.wp.com\/eltrabajo.cl\/portal\/wp-content\/uploads\/2016\/04\/FOTO-5-EN-TERESA-DE-LA-TORRE-CON-DIEGO-DE-ALMAGRO-VILLA-ESPLENDOR-LOS-VECINOS-SUFRIERON-EL-COLAPSO-DE-ESTA-CAMARA-DE-ALCANTARILLADO-QUE-COMENZO-AL-MEDIODIA-DE-AYER-A-DEVOLVER-AGUAS-SERVIDAS.jpg?w=209&#038;h=138&#038;ssl=1\" srcset=\"https:\/\/i0.wp.com\/eltrabajo.cl\/portal\/wp-content\/uploads\/2016\/04\/FOTO-5-EN-TERESA-DE-LA-TORRE-CON-DIEGO-DE-ALMAGRO-VILLA-ESPLENDOR-LOS-VECINOS-SUFRIERON-EL-COLAPSO-DE-ESTA-CAMARA-DE-ALCANTARILLADO-QUE-COMENZO-AL-MEDIODIA-DE-AYER-A-DEVOLVER-AGUAS-SERVIDAS.jpg?w=530&amp;ssl=1 530w, https:\/\/i0.wp.com\/eltrabajo.cl\/portal\/wp-content\/uploads\/2016\/04\/FOTO-5-EN-TERESA-DE-LA-TORRE-CON-DIEGO-DE-ALMAGRO-VILLA-ESPLENDOR-LOS-VECINOS-SUFRIERON-EL-COLAPSO-DE-ESTA-CAMARA-DE-ALCANTARILLADO-QUE-COMENZO-AL-MEDIODIA-DE-AYER-A-DEVOLVER-AGUAS-SERVIDAS.jpg?resize=200%2C132&amp;ssl=1 200w, https:\/\/i0.wp.com\/eltrabajo.cl\/portal\/wp-content\/uploads\/2016\/04\/FOTO-5-EN-TERESA-DE-LA-TORRE-CON-DIEGO-DE-ALMAGRO-VILLA-ESPLENDOR-LOS-VECINOS-SUFRIERON-EL-COLAPSO-DE-ESTA-CAMARA-DE-ALCANTARILLADO-QUE-COMENZO-AL-MEDIODIA-DE-AYER-A-DEVOLVER-AGUAS-SERVIDAS.jpg?resize=300%2C198&amp;ssl=1 300w, https:\/\/i0.wp.com\/eltrabajo.cl\/portal\/wp-content\/uploads\/2016\/04\/FOTO-5-EN-TERESA-DE-LA-TORRE-CON-DIEGO-DE-ALMAGRO-VILLA-ESPLENDOR-LOS-VECINOS-SUFRIERON-EL-COLAPSO-DE-ESTA-CAMARA-DE-ALCANTARILLADO-QUE-COMENZO-AL-MEDIODIA-DE-AYER-A-DEVOLVER-AGUAS-SERVIDAS.jpg?resize=227%2C150&amp;ssl=1 227w, https:\/\/i0.wp.com\/eltrabajo.cl\/portal\/wp-content\/uploads\/2016\/04\/FOTO-5-EN-TERESA-DE-LA-TORRE-CON-DIEGO-DE-ALMAGRO-VILLA-ESPLENDOR-LOS-VECINOS-SUFRIERON-EL-COLAPSO-DE-ESTA-CAMARA-DE-ALCANTARILLADO-QUE-COMENZO-AL-MEDIODIA-DE-AYER-A-DEVOLVER-AGUAS-SERVIDAS.jpg?resize=400%2C264&amp;ssl=1 400w\" width=\"209\" height=\"138\" loading=\"lazy\" data-original-width=\"209\" data-original-height=\"138\" itemprop=\"http:\/\/schema.org\/image\" title=\"En Teresa de la Torre con Diego de Almagro, villa Esplendor, los vecinos sufrieron el colapso de esta c\u00e1mara de alcantarillado, que comenz\u00f3 al mediod\u00eda de ayer a devolver aguas servidas.\" alt=\"En Teresa de la Torre con Diego de Almagro, villa Esplendor, los vecinos sufrieron el colapso de esta c\u00e1mara de alcantarillado, que comenz\u00f3 al mediod\u00eda de ayer a devolver aguas servidas.\" style=\"width: 209px; height: 138px;\" \/> <\/a> <div class=\"tiled-gallery-caption\" itemprop=\"caption description\"> En Teresa de la Torre con Diego de Almagro, villa Esplendor, los vecinos sufrieron el colapso de esta c\u00e1mara de alcantarillado, que comenz\u00f3 al mediod\u00eda de ayer a devolver aguas servidas. <\/div> <\/div> <div class=\"tiled-gallery-item tiled-gallery-item-small\" itemprop=\"associatedMedia\" itemscope itemtype=\"http:\/\/schema.org\/ImageObject\"> <a href=\"https:\/\/eltrabajo.cl\/portal\/sector-poniente-de-san-felipe-sufrio-colapso-de-sus-avenidas-principales\/foto-7-esta-es-la-panoramica-que-se-aprecia-en-poblacion-pedro-de-valdivia-interseccion-pedro-de-valdiviapeatones\/\" border=\"0\" itemprop=\"url\"> <meta itemprop=\"width\" content=\"209\"> <meta itemprop=\"height\" content=\"137\"> <img decoding=\"async\" class=\"\" data-attachment-id=\"68847\" data-orig-file=\"https:\/\/eltrabajo.cl\/portal\/wp-content\/uploads\/2016\/04\/FOTO-7-ESTA-ES-LA-PANORAMICA-QUE-SE-APRECIA-EN-POBLACION-PEDRO-DE-VALDIVIA-INTERSECCION-PEDRO-DE-VALDIVIAPEATONES.jpg\" data-orig-size=\"530,349\" data-comments-opened=\"1\" data-image-meta=\"{&quot;aperture&quot;:&quot;0&quot;,&quot;credit&quot;:&quot;&quot;,&quot;camera&quot;:&quot;&quot;,&quot;caption&quot;:&quot;&quot;,&quot;created_timestamp&quot;:&quot;0&quot;,&quot;copyright&quot;:&quot;Copyright 2012&quot;,&quot;focal_length&quot;:&quot;0&quot;,&quot;iso&quot;:&quot;0&quot;,&quot;shutter_speed&quot;:&quot;0&quot;,&quot;title&quot;:&quot;&quot;,&quot;orientation&quot;:&quot;0&quot;}\" data-image-title=\"Esta es la panor\u00e1mica que se aprecia en poblaci\u00f3n Pedro de Valdivia, intersecci\u00f3n Pedro de Valdivia con Ram\u00f3n Munita. Cada vez que precipita, la avenida se torna intransitable para los peatones.\" data-image-description=\"&lt;p&gt;Esta es la panor\u00e1mica que se aprecia en poblaci\u00f3n Pedro de Valdivia, intersecci\u00f3n Pedro de Valdivia con Ram\u00f3n Munita. Cada vez que precipita, la avenida se torna intransitable para los peatones.&lt;\/p&gt; \" data-medium-file=\"https:\/\/i0.wp.com\/eltrabajo.cl\/portal\/wp-content\/uploads\/2016\/04\/FOTO-7-ESTA-ES-LA-PANORAMICA-QUE-SE-APRECIA-EN-POBLACION-PEDRO-DE-VALDIVIA-INTERSECCION-PEDRO-DE-VALDIVIAPEATONES.jpg?fit=300%2C198&#038;ssl=1\" data-large-file=\"https:\/\/i0.wp.com\/eltrabajo.cl\/portal\/wp-content\/uploads\/2016\/04\/FOTO-7-ESTA-ES-LA-PANORAMICA-QUE-SE-APRECIA-EN-POBLACION-PEDRO-DE-VALDIVIA-INTERSECCION-PEDRO-DE-VALDIVIAPEATONES.jpg?fit=530%2C349&#038;ssl=1\" src=\"https:\/\/i0.wp.com\/eltrabajo.cl\/portal\/wp-content\/uploads\/2016\/04\/FOTO-7-ESTA-ES-LA-PANORAMICA-QUE-SE-APRECIA-EN-POBLACION-PEDRO-DE-VALDIVIA-INTERSECCION-PEDRO-DE-VALDIVIAPEATONES.jpg?w=209&#038;h=137&#038;ssl=1\" srcset=\"https:\/\/i0.wp.com\/eltrabajo.cl\/portal\/wp-content\/uploads\/2016\/04\/FOTO-7-ESTA-ES-LA-PANORAMICA-QUE-SE-APRECIA-EN-POBLACION-PEDRO-DE-VALDIVIA-INTERSECCION-PEDRO-DE-VALDIVIAPEATONES.jpg?w=530&amp;ssl=1 530w, https:\/\/i0.wp.com\/eltrabajo.cl\/portal\/wp-content\/uploads\/2016\/04\/FOTO-7-ESTA-ES-LA-PANORAMICA-QUE-SE-APRECIA-EN-POBLACION-PEDRO-DE-VALDIVIA-INTERSECCION-PEDRO-DE-VALDIVIAPEATONES.jpg?resize=200%2C132&amp;ssl=1 200w, https:\/\/i0.wp.com\/eltrabajo.cl\/portal\/wp-content\/uploads\/2016\/04\/FOTO-7-ESTA-ES-LA-PANORAMICA-QUE-SE-APRECIA-EN-POBLACION-PEDRO-DE-VALDIVIA-INTERSECCION-PEDRO-DE-VALDIVIAPEATONES.jpg?resize=300%2C198&amp;ssl=1 300w, https:\/\/i0.wp.com\/eltrabajo.cl\/portal\/wp-content\/uploads\/2016\/04\/FOTO-7-ESTA-ES-LA-PANORAMICA-QUE-SE-APRECIA-EN-POBLACION-PEDRO-DE-VALDIVIA-INTERSECCION-PEDRO-DE-VALDIVIAPEATONES.jpg?resize=228%2C150&amp;ssl=1 228w, https:\/\/i0.wp.com\/eltrabajo.cl\/portal\/wp-content\/uploads\/2016\/04\/FOTO-7-ESTA-ES-LA-PANORAMICA-QUE-SE-APRECIA-EN-POBLACION-PEDRO-DE-VALDIVIA-INTERSECCION-PEDRO-DE-VALDIVIAPEATONES.jpg?resize=400%2C263&amp;ssl=1 400w\" width=\"209\" height=\"137\" loading=\"lazy\" data-original-width=\"209\" data-original-height=\"137\" itemprop=\"http:\/\/schema.org\/image\" title=\"Esta es la panor\u00e1mica que se aprecia en poblaci\u00f3n Pedro de Valdivia, intersecci\u00f3n Pedro de Valdivia con Ram\u00f3n Munita. Cada vez que precipita, la avenida se torna intransitable para los peatones.\" alt=\"Esta es la panor\u00e1mica que se aprecia en poblaci\u00f3n Pedro de Valdivia, intersecci\u00f3n Pedro de Valdivia con Ram\u00f3n Munita. Cada vez que precipita, la avenida se torna intransitable para los peatones.\" style=\"width: 209px; height: 137px;\" \/> <\/a> <div class=\"tiled-gallery-caption\" itemprop=\"caption description\"> Esta es la panor\u00e1mica que se aprecia en poblaci\u00f3n Pedro de Valdivia, intersecci\u00f3n Pedro de Valdivia con Ram\u00f3n Munita. Cada vez que precipita, la avenida se torna intransitable para los peatones. <\/div> <\/div> <\/div> <!-- close group --> <div class=\"gallery-group images-1\" style=\"width: 427px; height: 283px;\" data-original-width=\"427\" data-original-height=\"283\" > <div class=\"tiled-gallery-item tiled-gallery-item-large\" itemprop=\"associatedMedia\" itemscope itemtype=\"http:\/\/schema.org\/ImageObject\"> <a href=\"https:\/\/eltrabajo.cl\/portal\/sector-poniente-de-san-felipe-sufrio-colapso-de-sus-avenidas-principales\/vecinos-de-curimon-solucionando-junto-a-equipo-municipal-problema-de-inundacion-en-pasajes\/\" border=\"0\" itemprop=\"url\"> <meta itemprop=\"width\" content=\"423\"> <meta itemprop=\"height\" content=\"279\"> <img decoding=\"async\" class=\"\" data-attachment-id=\"68846\" data-orig-file=\"https:\/\/eltrabajo.cl\/portal\/wp-content\/uploads\/2016\/04\/vecinos-de-Curim\u00f3n-solucionando-junto-a-equipo-municipal-problema-de-inundaci\u00f3n-en-pasajes.jpg\" data-orig-size=\"530,350\" data-comments-opened=\"1\" data-image-meta=\"{&quot;aperture&quot;:&quot;0&quot;,&quot;credit&quot;:&quot;&quot;,&quot;camera&quot;:&quot;&quot;,&quot;caption&quot;:&quot;&quot;,&quot;created_timestamp&quot;:&quot;0&quot;,&quot;copyright&quot;:&quot;&quot;,&quot;focal_length&quot;:&quot;0&quot;,&quot;iso&quot;:&quot;0&quot;,&quot;shutter_speed&quot;:&quot;0&quot;,&quot;title&quot;:&quot;&quot;,&quot;orientation&quot;:&quot;0&quot;}\" data-image-title=\"La Municipalidad tambi\u00e9n debi\u00f3 concurrir a resolver problemas de pasajes inundados en Curim\u00f3n.\" data-image-description=\"&lt;p&gt;La Municipalidad tambi\u00e9n debi\u00f3 concurrir a resolver problemas de pasajes inundados en Curim\u00f3n.&lt;\/p&gt; \" data-medium-file=\"https:\/\/i0.wp.com\/eltrabajo.cl\/portal\/wp-content\/uploads\/2016\/04\/vecinos-de-Curim%C3%B3n-solucionando-junto-a-equipo-municipal-problema-de-inundaci%C3%B3n-en-pasajes.jpg?fit=300%2C198&#038;ssl=1\" data-large-file=\"https:\/\/i0.wp.com\/eltrabajo.cl\/portal\/wp-content\/uploads\/2016\/04\/vecinos-de-Curim%C3%B3n-solucionando-junto-a-equipo-municipal-problema-de-inundaci%C3%B3n-en-pasajes.jpg?fit=530%2C350&#038;ssl=1\" src=\"https:\/\/i0.wp.com\/eltrabajo.cl\/portal\/wp-content\/uploads\/2016\/04\/vecinos-de-Curim%C3%B3n-solucionando-junto-a-equipo-municipal-problema-de-inundaci%C3%B3n-en-pasajes.jpg?w=423&#038;h=279&#038;ssl=1\" width=\"423\" height=\"279\" loading=\"lazy\" data-original-width=\"423\" data-original-height=\"279\" itemprop=\"http:\/\/schema.org\/image\" title=\"La Municipalidad tambi\u00e9n debi\u00f3 concurrir a resolver problemas de pasajes inundados en Curim\u00f3n.\" alt=\"La Municipalidad tambi\u00e9n debi\u00f3 concurrir a resolver problemas de pasajes inundados en Curim\u00f3n.\" style=\"width: 423px; height: 279px;\" \/> <\/a> <div class=\"tiled-gallery-caption\" itemprop=\"caption description\"> La Municipalidad tambi\u00e9n debi\u00f3 concurrir a resolver problemas de pasajes inundados en Curim\u00f3n. <\/div> <\/div> <\/div> <!-- close group --> <\/div> <!-- close row --> <div class=\"gallery-row\" style=\"width: 640px; height: 212px;\" data-original-width=\"640\" data-original-height=\"212\" > <div class=\"gallery-group images-1\" style=\"width: 320px; height: 212px;\" data-original-width=\"320\" data-original-height=\"212\" > <div class=\"tiled-gallery-item tiled-gallery-item-large\" itemprop=\"associatedMedia\" itemscope itemtype=\"http:\/\/schema.org\/ImageObject\"> <a href=\"https:\/\/eltrabajo.cl\/portal\/sector-poniente-de-san-felipe-sufrio-colapso-de-sus-avenidas-principales\/equipos-municipales-ahora-en-sector-tierras-blancas-trabajando-en-control-de-desborde-de-estero-pocuro\/\" border=\"0\" itemprop=\"url\"> <meta itemprop=\"width\" content=\"316\"> <meta itemprop=\"height\" content=\"208\"> <img decoding=\"async\" class=\"\" data-attachment-id=\"68845\" data-orig-file=\"https:\/\/eltrabajo.cl\/portal\/wp-content\/uploads\/2016\/04\/Equipos-municipales-ahora-en-sector-Tierras-Blancas-trabajando-en-control-de-desborde-de-estero-Pocuro.jpg\" data-orig-size=\"530,350\" data-comments-opened=\"1\" data-image-meta=\"{&quot;aperture&quot;:&quot;0&quot;,&quot;credit&quot;:&quot;&quot;,&quot;camera&quot;:&quot;&quot;,&quot;caption&quot;:&quot;&quot;,&quot;created_timestamp&quot;:&quot;0&quot;,&quot;copyright&quot;:&quot;&quot;,&quot;focal_length&quot;:&quot;0&quot;,&quot;iso&quot;:&quot;0&quot;,&quot;shutter_speed&quot;:&quot;0&quot;,&quot;title&quot;:&quot;&quot;,&quot;orientation&quot;:&quot;0&quot;}\" data-image-title=\"En el sector Tierras Blancas equipos municipales debieron concurrir a controlar desborde del estero Pocuro.\" data-image-description=\"&lt;p&gt;En el sector Tierras Blancas equipos municipales debieron concurrir a controlar desborde del estero Pocuro.&lt;\/p&gt; \" data-medium-file=\"https:\/\/i0.wp.com\/eltrabajo.cl\/portal\/wp-content\/uploads\/2016\/04\/Equipos-municipales-ahora-en-sector-Tierras-Blancas-trabajando-en-control-de-desborde-de-estero-Pocuro.jpg?fit=300%2C198&#038;ssl=1\" data-large-file=\"https:\/\/i0.wp.com\/eltrabajo.cl\/portal\/wp-content\/uploads\/2016\/04\/Equipos-municipales-ahora-en-sector-Tierras-Blancas-trabajando-en-control-de-desborde-de-estero-Pocuro.jpg?fit=530%2C350&#038;ssl=1\" src=\"https:\/\/i0.wp.com\/eltrabajo.cl\/portal\/wp-content\/uploads\/2016\/04\/Equipos-municipales-ahora-en-sector-Tierras-Blancas-trabajando-en-control-de-desborde-de-estero-Pocuro.jpg?w=316&#038;h=208&#038;ssl=1\" srcset=\"https:\/\/i0.wp.com\/eltrabajo.cl\/portal\/wp-content\/uploads\/2016\/04\/Equipos-municipales-ahora-en-sector-Tierras-Blancas-trabajando-en-control-de-desborde-de-estero-Pocuro.jpg?w=530&amp;ssl=1 530w, https:\/\/i0.wp.com\/eltrabajo.cl\/portal\/wp-content\/uploads\/2016\/04\/Equipos-municipales-ahora-en-sector-Tierras-Blancas-trabajando-en-control-de-desborde-de-estero-Pocuro.jpg?resize=200%2C132&amp;ssl=1 200w, https:\/\/i0.wp.com\/eltrabajo.cl\/portal\/wp-content\/uploads\/2016\/04\/Equipos-municipales-ahora-en-sector-Tierras-Blancas-trabajando-en-control-de-desborde-de-estero-Pocuro.jpg?resize=300%2C198&amp;ssl=1 300w, https:\/\/i0.wp.com\/eltrabajo.cl\/portal\/wp-content\/uploads\/2016\/04\/Equipos-municipales-ahora-en-sector-Tierras-Blancas-trabajando-en-control-de-desborde-de-estero-Pocuro.jpg?resize=227%2C150&amp;ssl=1 227w, https:\/\/i0.wp.com\/eltrabajo.cl\/portal\/wp-content\/uploads\/2016\/04\/Equipos-municipales-ahora-en-sector-Tierras-Blancas-trabajando-en-control-de-desborde-de-estero-Pocuro.jpg?resize=400%2C264&amp;ssl=1 400w\" width=\"316\" height=\"208\" loading=\"lazy\" data-original-width=\"316\" data-original-height=\"208\" itemprop=\"http:\/\/schema.org\/image\" title=\"En el sector Tierras Blancas equipos municipales debieron concurrir a controlar desborde del estero Pocuro.\" alt=\"En el sector Tierras Blancas equipos municipales debieron concurrir a controlar desborde del estero Pocuro.\" style=\"width: 316px; height: 208px;\" \/> <\/a> <div class=\"tiled-gallery-caption\" itemprop=\"caption description\"> En el sector Tierras Blancas equipos municipales debieron concurrir a controlar desborde del estero Pocuro. <\/div> <\/div> <\/div> <!-- close group --> <div class=\"gallery-group images-1\" style=\"width: 320px; height: 212px;\" data-original-width=\"320\" data-original-height=\"212\" > <div class=\"tiled-gallery-item tiled-gallery-item-large\" itemprop=\"associatedMedia\" itemscope itemtype=\"http:\/\/schema.org\/ImageObject\"> <a href=\"https:\/\/eltrabajo.cl\/portal\/sector-poniente-de-san-felipe-sufrio-colapso-de-sus-avenidas-principales\/foto-9-remodelacion-benigno-caldera\/\" border=\"0\" itemprop=\"url\"> <meta itemprop=\"width\" content=\"316\"> <meta itemprop=\"height\" content=\"208\"> <img decoding=\"async\" class=\"\" data-attachment-id=\"68844\" data-orig-file=\"https:\/\/eltrabajo.cl\/portal\/wp-content\/uploads\/2016\/04\/FOTO-9-Remodelacion-Benigno-Caldera.jpg\" data-orig-size=\"530,349\" data-comments-opened=\"1\" data-image-meta=\"{&quot;aperture&quot;:&quot;0&quot;,&quot;credit&quot;:&quot;&quot;,&quot;camera&quot;:&quot;&quot;,&quot;caption&quot;:&quot;&quot;,&quot;created_timestamp&quot;:&quot;0&quot;,&quot;copyright&quot;:&quot;&quot;,&quot;focal_length&quot;:&quot;0&quot;,&quot;iso&quot;:&quot;0&quot;,&quot;shutter_speed&quot;:&quot;0&quot;,&quot;title&quot;:&quot;&quot;,&quot;orientation&quot;:&quot;0&quot;}\" data-image-title=\"Remodelaci\u00f3n de calle Benigno Caldera soport\u00f3 de buena forma la intensidad del sistema frontal de las \u00faltimas horas y no sufri\u00f3 anegamiento grave. (Foto Jael D\u00edaz)\" data-image-description=\"&lt;p&gt;Remodelaci\u00f3n de calle Benigno Caldera soport\u00f3 de buena forma la intensidad del sistema frontal de las \u00faltimas horas y no sufri\u00f3 anegamiento grave. (Foto Jael D\u00edaz)&lt;\/p&gt; \" data-medium-file=\"https:\/\/i0.wp.com\/eltrabajo.cl\/portal\/wp-content\/uploads\/2016\/04\/FOTO-9-Remodelacion-Benigno-Caldera.jpg?fit=300%2C198&#038;ssl=1\" data-large-file=\"https:\/\/i0.wp.com\/eltrabajo.cl\/portal\/wp-content\/uploads\/2016\/04\/FOTO-9-Remodelacion-Benigno-Caldera.jpg?fit=530%2C349&#038;ssl=1\" src=\"https:\/\/i0.wp.com\/eltrabajo.cl\/portal\/wp-content\/uploads\/2016\/04\/FOTO-9-Remodelacion-Benigno-Caldera.jpg?w=316&#038;h=208&#038;ssl=1\" srcset=\"https:\/\/i0.wp.com\/eltrabajo.cl\/portal\/wp-content\/uploads\/2016\/04\/FOTO-9-Remodelacion-Benigno-Caldera.jpg?w=530&amp;ssl=1 530w, https:\/\/i0.wp.com\/eltrabajo.cl\/portal\/wp-content\/uploads\/2016\/04\/FOTO-9-Remodelacion-Benigno-Caldera.jpg?resize=200%2C132&amp;ssl=1 200w, https:\/\/i0.wp.com\/eltrabajo.cl\/portal\/wp-content\/uploads\/2016\/04\/FOTO-9-Remodelacion-Benigno-Caldera.jpg?resize=300%2C198&amp;ssl=1 300w, https:\/\/i0.wp.com\/eltrabajo.cl\/portal\/wp-content\/uploads\/2016\/04\/FOTO-9-Remodelacion-Benigno-Caldera.jpg?resize=228%2C150&amp;ssl=1 228w, https:\/\/i0.wp.com\/eltrabajo.cl\/portal\/wp-content\/uploads\/2016\/04\/FOTO-9-Remodelacion-Benigno-Caldera.jpg?resize=400%2C263&amp;ssl=1 400w\" width=\"316\" height=\"208\" loading=\"lazy\" data-original-width=\"316\" data-original-height=\"208\" itemprop=\"http:\/\/schema.org\/image\" title=\"Remodelaci\u00f3n de calle Benigno Caldera soport\u00f3 de buena forma la intensidad del sistema frontal de las \u00faltimas horas y no sufri\u00f3 anegamiento grave. (Foto Jael D\u00edaz)\" alt=\"Remodelaci\u00f3n de calle Benigno Caldera soport\u00f3 de buena forma la intensidad del sistema frontal de las \u00faltimas horas y no sufri\u00f3 anegamiento grave. (Foto Jael D\u00edaz)\" style=\"width: 316px; height: 208px;\" \/> <\/a> <div class=\"tiled-gallery-caption\" itemprop=\"caption description\"> Remodelaci\u00f3n de calle Benigno Caldera soport\u00f3 de buena forma la intensidad del sistema frontal de las \u00faltimas horas y no sufri\u00f3 anegamiento grave. (Foto Jael D\u00edaz) <\/div> <\/div> <\/div> <!-- close group --> <\/div> <!-- close row --> <div class=\"gallery-row\" style=\"width: 640px; height: 423px;\" data-original-width=\"640\" data-original-height=\"423\" > <div class=\"gallery-group images-1\" style=\"width: 640px; height: 423px;\" data-original-width=\"640\" data-original-height=\"423\" > <div class=\"tiled-gallery-item tiled-gallery-item-large\" itemprop=\"associatedMedia\" itemscope itemtype=\"http:\/\/schema.org\/ImageObject\"> <a href=\"https:\/\/eltrabajo.cl\/portal\/sector-poniente-de-san-felipe-sufrio-colapso-de-sus-avenidas-principales\/foto-6-en-la-esquina-de-justo-estay-con-teresa-de-la-torre-el-agua-hizo-desparecer-la-calzada-y-el-borde-de-las-veredes-se-mimetiza-con-el-torrente\/\" border=\"0\" itemprop=\"url\"> <meta itemprop=\"width\" content=\"636\"> <meta itemprop=\"height\" content=\"419\"> <img decoding=\"async\" class=\"\" data-attachment-id=\"68843\" data-orig-file=\"https:\/\/eltrabajo.cl\/portal\/wp-content\/uploads\/2016\/04\/FOTO-6-EN-LA-ESQUINA-DE-JUSTO-ESTAY-CON-TERESA-DE-LA-TORRE-EL-AGUA-HIZO-DESPARECER-LA-CALZADA-Y-EL-BORDE-DE-LAS-VEREDES-SE-MIMETIZA-CON-EL-TORRENTE.jpg\" data-orig-size=\"530,349\" data-comments-opened=\"1\" data-image-meta=\"{&quot;aperture&quot;:&quot;0&quot;,&quot;credit&quot;:&quot;&quot;,&quot;camera&quot;:&quot;&quot;,&quot;caption&quot;:&quot;&quot;,&quot;created_timestamp&quot;:&quot;0&quot;,&quot;copyright&quot;:&quot;Copyright 2012&quot;,&quot;focal_length&quot;:&quot;0&quot;,&quot;iso&quot;:&quot;0&quot;,&quot;shutter_speed&quot;:&quot;0&quot;,&quot;title&quot;:&quot;&quot;,&quot;orientation&quot;:&quot;0&quot;}\" data-image-title=\"En la esquina de Justo Estay con Teresa de la Torre, el agua hizo desparecer la calzada y el borde de las veredas se mimetiz\u00f3 con el torrente.\" data-image-description=\"&lt;p&gt;En la esquina de Justo Estay con Teresa de la Torre, el agua hizo desparecer la calzada y el borde de las veredas se mimetiz\u00f3 con el torrente.&lt;\/p&gt; \" data-medium-file=\"https:\/\/i0.wp.com\/eltrabajo.cl\/portal\/wp-content\/uploads\/2016\/04\/FOTO-6-EN-LA-ESQUINA-DE-JUSTO-ESTAY-CON-TERESA-DE-LA-TORRE-EL-AGUA-HIZO-DESPARECER-LA-CALZADA-Y-EL-BORDE-DE-LAS-VEREDES-SE-MIMETIZA-CON-EL-TORRENTE.jpg?fit=300%2C198&#038;ssl=1\" data-large-file=\"https:\/\/i0.wp.com\/eltrabajo.cl\/portal\/wp-content\/uploads\/2016\/04\/FOTO-6-EN-LA-ESQUINA-DE-JUSTO-ESTAY-CON-TERESA-DE-LA-TORRE-EL-AGUA-HIZO-DESPARECER-LA-CALZADA-Y-EL-BORDE-DE-LAS-VEREDES-SE-MIMETIZA-CON-EL-TORRENTE.jpg?fit=530%2C349&#038;ssl=1\" src=\"https:\/\/i0.wp.com\/eltrabajo.cl\/portal\/wp-content\/uploads\/2016\/04\/FOTO-6-EN-LA-ESQUINA-DE-JUSTO-ESTAY-CON-TERESA-DE-LA-TORRE-EL-AGUA-HIZO-DESPARECER-LA-CALZADA-Y-EL-BORDE-DE-LAS-VEREDES-SE-MIMETIZA-CON-EL-TORRENTE.jpg?w=636&#038;h=419&#038;ssl=1\" srcset=\"https:\/\/i0.wp.com\/eltrabajo.cl\/portal\/wp-content\/uploads\/2016\/04\/FOTO-6-EN-LA-ESQUINA-DE-JUSTO-ESTAY-CON-TERESA-DE-LA-TORRE-EL-AGUA-HIZO-DESPARECER-LA-CALZADA-Y-EL-BORDE-DE-LAS-VEREDES-SE-MIMETIZA-CON-EL-TORRENTE.jpg?w=530&amp;ssl=1 530w, https:\/\/i0.wp.com\/eltrabajo.cl\/portal\/wp-content\/uploads\/2016\/04\/FOTO-6-EN-LA-ESQUINA-DE-JUSTO-ESTAY-CON-TERESA-DE-LA-TORRE-EL-AGUA-HIZO-DESPARECER-LA-CALZADA-Y-EL-BORDE-DE-LAS-VEREDES-SE-MIMETIZA-CON-EL-TORRENTE.jpg?resize=200%2C132&amp;ssl=1 200w, https:\/\/i0.wp.com\/eltrabajo.cl\/portal\/wp-content\/uploads\/2016\/04\/FOTO-6-EN-LA-ESQUINA-DE-JUSTO-ESTAY-CON-TERESA-DE-LA-TORRE-EL-AGUA-HIZO-DESPARECER-LA-CALZADA-Y-EL-BORDE-DE-LAS-VEREDES-SE-MIMETIZA-CON-EL-TORRENTE.jpg?resize=300%2C198&amp;ssl=1 300w, https:\/\/i0.wp.com\/eltrabajo.cl\/portal\/wp-content\/uploads\/2016\/04\/FOTO-6-EN-LA-ESQUINA-DE-JUSTO-ESTAY-CON-TERESA-DE-LA-TORRE-EL-AGUA-HIZO-DESPARECER-LA-CALZADA-Y-EL-BORDE-DE-LAS-VEREDES-SE-MIMETIZA-CON-EL-TORRENTE.jpg?resize=228%2C150&amp;ssl=1 228w, https:\/\/i0.wp.com\/eltrabajo.cl\/portal\/wp-content\/uploads\/2016\/04\/FOTO-6-EN-LA-ESQUINA-DE-JUSTO-ESTAY-CON-TERESA-DE-LA-TORRE-EL-AGUA-HIZO-DESPARECER-LA-CALZADA-Y-EL-BORDE-DE-LAS-VEREDES-SE-MIMETIZA-CON-EL-TORRENTE.jpg?resize=400%2C263&amp;ssl=1 400w\" width=\"636\" height=\"419\" loading=\"lazy\" data-original-width=\"636\" data-original-height=\"419\" itemprop=\"http:\/\/schema.org\/image\" title=\"En la esquina de Justo Estay con Teresa de la Torre, el agua hizo desparecer la calzada y el borde de las veredas se mimetiz\u00f3 con el torrente.\" alt=\"En la esquina de Justo Estay con Teresa de la Torre, el agua hizo desparecer la calzada y el borde de las veredas se mimetiz\u00f3 con el torrente.\" style=\"width: 636px; height: 419px;\" \/> <\/a> <div class=\"tiled-gallery-caption\" itemprop=\"caption description\"> En la esquina de Justo Estay con Teresa de la Torre, el agua hizo desparecer la calzada y el borde de las veredas se mimetiz\u00f3 con el torrente. <\/div> <\/div> <\/div> <!-- close group --> <\/div> <!-- close row --> <\/div>\n","protected":false},"excerpt":{"rendered":"<p>Hasta la tarde de ayer hab\u00edan ca\u00eddo 35 mm de agua en la provincia de San Felipe. Sistema frontal y tormenta el\u00e9ctrica provocaron interrupci\u00f3n en servicios b\u00e1sicos, inundaci\u00f3n de calles y suspensi\u00f3n&#8230;<\/p>\n","protected":false},"author":1,"featured_media":68842,"comment_status":"open","ping_status":"open","sticky":false,"template":"","format":"standard","meta":{"advanced_seo_description":"","jetpack_seo_html_title":"","jetpack_seo_noindex":false,"_jetpack_memberships_contains_paid_content":false,"footnotes":""},"categories":[1],"tags":[],"class_list":["post-68838","post","type-post","status-publish","format-standard","has-post-thumbnail","hentry","category-cronica"],"jetpack_featured_media_url":"https:\/\/i0.wp.com\/eltrabajo.cl\/portal\/wp-content\/uploads\/2016\/04\/FOTO-5-EN-TERESA-DE-LA-TORRE-CON-DIEGO-DE-ALMAGRO-VILLA-ESPLENDOR-LOS-VECINOS-SUFRIERON-EL-COLAPSO-DE-ESTA-CAMARA-DE-ALCANTARILLADO-QUE-COMENZO-AL-MEDIODIA-DE-AYER-A-DEVOLVER-AGUAS-SERVIDAS.jpg?fit=530%2C350&ssl=1","jetpack_sharing_enabled":true,"jetpack_likes_enabled":true,"jetpack-related-posts":[],"_links":{"self":[{"href":"https:\/\/eltrabajo.cl\/portal\/wp-json\/wp\/v2\/posts\/68838","targetHints":{"allow":["GET"]}}],"collection":[{"href":"https:\/\/eltrabajo.cl\/portal\/wp-json\/wp\/v2\/posts"}],"about":[{"href":"https:\/\/eltrabajo.cl\/portal\/wp-json\/wp\/v2\/types\/post"}],"author":[{"embeddable":true,"href":"https:\/\/eltrabajo.cl\/portal\/wp-json\/wp\/v2\/users\/1"}],"replies":[{"embeddable":true,"href":"https:\/\/eltrabajo.cl\/portal\/wp-json\/wp\/v2\/comments?post=68838"}],"version-history":[{"count":0,"href":"https:\/\/eltrabajo.cl\/portal\/wp-json\/wp\/v2\/posts\/68838\/revisions"}],"wp:featuredmedia":[{"embeddable":true,"href":"https:\/\/eltrabajo.cl\/portal\/wp-json\/wp\/v2\/media\/68842"}],"wp:attachment":[{"href":"https:\/\/eltrabajo.cl\/portal\/wp-json\/wp\/v2\/media?parent=68838"}],"wp:term":[{"taxonomy":"category","embeddable":true,"href":"https:\/\/eltrabajo.cl\/portal\/wp-json\/wp\/v2\/categories?post=68838"},{"taxonomy":"post_tag","embeddable":true,"href":"https:\/\/eltrabajo.cl\/portal\/wp-json\/wp\/v2\/tags?post=68838"}],"curies":[{"name":"wp","href":"https:\/\/api.w.org\/{rel}","templated":true}]}}