{"id":68849,"date":"2016-04-18T09:16:16","date_gmt":"2016-04-18T12:16:16","guid":{"rendered":"http:\/\/www.eltrabajo.cl\/portal\/?p=68849"},"modified":"2016-04-18T09:16:16","modified_gmt":"2016-04-18T12:16:16","slug":"en-dos-detenciones-ciudadanas-capturan-a-dos-hermanos-delincuentes","status":"publish","type":"post","link":"https:\/\/eltrabajo.cl\/portal\/en-dos-detenciones-ciudadanas-capturan-a-dos-hermanos-delincuentes\/","title":{"rendered":"En dos detenciones ciudadanas capturan a dos hermanos delincuentes"},"content":{"rendered":"<p><strong>El primero en Plaza C\u00edvica y el segundo en Mercado Municipal de San Felipe:<\/strong><br \/>\nEl chofer de un microb\u00fas y un grupo de ciudadanos transe\u00fantes redujeron a un delincuente que momentos antes hab\u00eda robado la billetera de una pasajera que se movilizaba desde la comuna de Llay Llay hacia San Felipe. El sujeto fue reducido en plena Plaza C\u00edvica para ser entregado a Carabineros.<br \/>\nEl hecho se registr\u00f3 pasadas las 08:00 horas del viernes, cuando la v\u00edctima advirti\u00f3 actitudes sospechosas de un sujeto que se encontraba a bordo del microb\u00fas. La afectada, al descender del veh\u00edculo no se percat\u00f3 que este mismo sujeto rob\u00f3 su billetera, situaci\u00f3n que fue advertida por el chofer que heroicamente descendi\u00f3 del m\u00f3vil para capturar el antisocial; otros transe\u00fantes tambi\u00e9n se sumaron a su captura, logrando reducirlo en la Plaza C\u00edvica de San Felipe.<br \/>\nEl imputado detenido por Carabineros fue identificado como Jose\u00edas Astudillo Castillo quien cuenta con antecedentes policiales y manten\u00eda en su poder la billetera con la documentaci\u00f3n personal de la v\u00edctima. La detenci\u00f3n de este sujeto fue controlada en Tribunales, configurando el delito como hurto siendo sancionado al pago de un tercio de unidad tributaria mensual, recuperando su libertad.<\/p>\n<p><strong>INTENTO DE ROBO<\/strong><br \/>\nEl mismo d\u00eda viernes a eso de las 13:00 horas, un sujeto fue reducido por locatarios del Mercado Municipal de San Felipe, luego que simulara estar comprando armamento a fogueo, intimidando verbalmente a la propietaria de un local para que le hiciera entrega de especies.<br \/>\nLa comerciante consternada ante la insistencia del sujeto, se defendi\u00f3 utilizando gas pimienta para reducir al antisocial que pretend\u00eda robar el armamento. Fue en ese momento que otros locatarios intervinieron para reducir al individuo que ser\u00eda entregado a Carabineros.<br \/>\nEl acusado fue individualizado como Pablo Silvano Astudillo Castillo alias \u2018El Cogollo\u2019, hermano del imputado anteriormente descrito. Fue detenido por la polic\u00eda para ser derivado hasta el Juzgado de Garant\u00eda de San Felipe. Este Tribunal asign\u00f3 como medida cautelar el arresto domiciliario mientras la Fiscal\u00eda investiga el caso.<br \/>\n<strong>Pablo Salinas Sald\u00edas<\/strong><\/p>\n<figure id=\"attachment_68850\" aria-describedby=\"caption-attachment-68850\" style=\"width: 530px\" class=\"wp-caption alignleft\"><a href=\"http:\/\/www.eltrabajo.cl\/portal\/en-dos-detenciones-ciudadanas-capturan-a-dos-hermanos-delincuentes\/detencion-ciudadana-2\/\" rel=\"attachment wp-att-68850\"><img data-recalc-dims=\"1\" loading=\"lazy\" decoding=\"async\" class=\"size-full wp-image-68850\" src=\"https:\/\/i0.wp.com\/www.eltrabajo.cl\/portal\/wp-content\/uploads\/2016\/04\/DETENCION-CIUDADANA.jpg?resize=530%2C350\" alt=\"El chofer del microb\u00fas junto a transe\u00fantes redujeron al delincuente para ser entregado a Carabineros.\" width=\"530\" height=\"350\" srcset=\"https:\/\/i0.wp.com\/eltrabajo.cl\/portal\/wp-content\/uploads\/2016\/04\/DETENCION-CIUDADANA.jpg?w=530&amp;ssl=1 530w, https:\/\/i0.wp.com\/eltrabajo.cl\/portal\/wp-content\/uploads\/2016\/04\/DETENCION-CIUDADANA.jpg?resize=200%2C132&amp;ssl=1 200w, https:\/\/i0.wp.com\/eltrabajo.cl\/portal\/wp-content\/uploads\/2016\/04\/DETENCION-CIUDADANA.jpg?resize=300%2C198&amp;ssl=1 300w, https:\/\/i0.wp.com\/eltrabajo.cl\/portal\/wp-content\/uploads\/2016\/04\/DETENCION-CIUDADANA.jpg?resize=227%2C150&amp;ssl=1 227w, https:\/\/i0.wp.com\/eltrabajo.cl\/portal\/wp-content\/uploads\/2016\/04\/DETENCION-CIUDADANA.jpg?resize=400%2C264&amp;ssl=1 400w\" sizes=\"auto, (max-width: 530px) 100vw, 530px\" \/><\/a><figcaption id=\"caption-attachment-68850\" class=\"wp-caption-text\">El chofer del microb\u00fas junto a transe\u00fantes redujeron al delincuente para ser entregado a Carabineros.<\/figcaption><\/figure>\n","protected":false},"excerpt":{"rendered":"<p>El primero en Plaza C\u00edvica y el segundo en Mercado Municipal de San Felipe: El chofer de un microb\u00fas y un grupo de ciudadanos transe\u00fantes redujeron a un delincuente que momentos antes&#8230;<\/p>\n","protected":false},"author":1,"featured_media":68850,"comment_status":"open","ping_status":"open","sticky":false,"template":"","format":"standard","meta":{"advanced_seo_description":"","jetpack_seo_html_title":"","jetpack_seo_noindex":false,"_jetpack_memberships_contains_paid_content":false,"footnotes":""},"categories":[21],"tags":[],"class_list":["post-68849","post","type-post","status-publish","format-standard","has-post-thumbnail","hentry","category-policial"],"jetpack_featured_media_url":"https:\/\/i0.wp.com\/eltrabajo.cl\/portal\/wp-content\/uploads\/2016\/04\/DETENCION-CIUDADANA.jpg?fit=530%2C350&ssl=1","jetpack_sharing_enabled":true,"jetpack_likes_enabled":true,"jetpack-related-posts":[],"_links":{"self":[{"href":"https:\/\/eltrabajo.cl\/portal\/wp-json\/wp\/v2\/posts\/68849","targetHints":{"allow":["GET"]}}],"collection":[{"href":"https:\/\/eltrabajo.cl\/portal\/wp-json\/wp\/v2\/posts"}],"about":[{"href":"https:\/\/eltrabajo.cl\/portal\/wp-json\/wp\/v2\/types\/post"}],"author":[{"embeddable":true,"href":"https:\/\/eltrabajo.cl\/portal\/wp-json\/wp\/v2\/users\/1"}],"replies":[{"embeddable":true,"href":"https:\/\/eltrabajo.cl\/portal\/wp-json\/wp\/v2\/comments?post=68849"}],"version-history":[{"count":0,"href":"https:\/\/eltrabajo.cl\/portal\/wp-json\/wp\/v2\/posts\/68849\/revisions"}],"wp:featuredmedia":[{"embeddable":true,"href":"https:\/\/eltrabajo.cl\/portal\/wp-json\/wp\/v2\/media\/68850"}],"wp:attachment":[{"href":"https:\/\/eltrabajo.cl\/portal\/wp-json\/wp\/v2\/media?parent=68849"}],"wp:term":[{"taxonomy":"category","embeddable":true,"href":"https:\/\/eltrabajo.cl\/portal\/wp-json\/wp\/v2\/categories?post=68849"},{"taxonomy":"post_tag","embeddable":true,"href":"https:\/\/eltrabajo.cl\/portal\/wp-json\/wp\/v2\/tags?post=68849"}],"curies":[{"name":"wp","href":"https:\/\/api.w.org\/{rel}","templated":true}]}}