{"id":68853,"date":"2016-04-18T09:18:19","date_gmt":"2016-04-18T12:18:19","guid":{"rendered":"http:\/\/www.eltrabajo.cl\/portal\/?p=68853"},"modified":"2016-04-18T09:18:19","modified_gmt":"2016-04-18T12:18:19","slug":"problema-entre-vecinos-termino-con-joven-padre-muerto-de-un-escopetazo","status":"publish","type":"post","link":"https:\/\/eltrabajo.cl\/portal\/problema-entre-vecinos-termino-con-joven-padre-muerto-de-un-escopetazo\/","title":{"rendered":"Problema entre vecinos termin\u00f3 con joven padre muerto de un escopetazo"},"content":{"rendered":"<p><strong>Presunto homicida ser\u00e1 formalizado hoy en Tribunales:<\/strong><br \/>\nRencillas anteriores habr\u00edan desatado la furia de tres hermanos y un t\u00edo quienes habr\u00edan dado una golpiza a su vecino Marcelo Albi\u00f1a P\u00e1ez, de 24 a\u00f1os de edad, quien posteriormente fue herido a quemarropa, falleciendo horas m\u00e1s tarde en el Hospital San Camilo tras ser intervenido.<br \/>\nV\u00edctima de un certero escopetazo en el t\u00f3rax falleci\u00f3 a eso de las 00:40 horas del s\u00e1bado en el Hospital San Camilo, Marcelo Alejandro Albi\u00f1a P\u00e1ez, de 24 a\u00f1os de edad. El joven se habr\u00eda enfrentado a cuatro vecinos en una violenta ri\u00f1a en las afueras de su domicilio en la villa Santa Teresita de San Felipe. Un hombre result\u00f3 detenido y enfrentar\u00e1 cargos de homicidio hoy en Tribunales.<br \/>\nPreliminarmente, Carabineros inform\u00f3 que los hechos se habr\u00edan originado pasadas las 21:00 horas de este viernes en calle Costanera Norte de dicha poblaci\u00f3n, en circunstancias que Marcelo Albi\u00f1a transitaba junto a su pareja y su peque\u00f1o beb\u00e9 de nueve meses. En ese momento, habr\u00eda sido interceptado por tres hermanos junto a su t\u00edo, quienes eran vecinos del mismo sector, enfrasc\u00e1ndose en una violenta discusi\u00f3n, aparentemente producto de rencillas anteriores.<br \/>\nEn medio de la pelea, dos de estos sujetos habr\u00edan inmovilizado a la mujer para luego volcar el coche donde se encontraba el inocente lactante de nueve meses. Albi\u00f1a, al intentar defender a su hijo, fue reducido de la misma forma por sus vecinos, quienes comenzaron a golpearlo desmedidamente. Sin embargo, la mujer logr\u00f3 huir junto a su beb\u00e9 hasta ingresar a su vivienda para pedir auxilio a Carabineros v\u00eda telef\u00f3nica.<br \/>\nOtros vecinos conmocionados con la situaci\u00f3n, tambi\u00e9n hab\u00edan alertado sobre la violenta ri\u00f1a a la polic\u00eda uniformada. La pareja de Marcelo Albi\u00f1a, luego de resguardar a su beb\u00e9 en casa, regres\u00f3 y observ\u00f3 que uno de los individuos manten\u00eda en su poder una escopeta con la que apuntaba directamente al cuerpo de la v\u00edctima, a quien dispar\u00f3 a quemarropa cayendo desplomado.<br \/>\nLos agresores r\u00e1pidamente se ocultaron en sus viviendas, que son colindantes al lugar de los hechos, mientras que el herido fue trasladado por otros vecinos en un veh\u00edculo particular al servicio de urgencias del Hospital San Camilo, con riesgo vital.<br \/>\nAs\u00ed lo confirm\u00f3 el Comisario (S) de Carabineros, Capit\u00e1n Osvaldo Villarroel a Diario El Trabajo: \u201cCuando el personal de servicio llega hasta el lugar, encuentran a una mujer que indica que llegaron cuatro sujetos y al parecer ten\u00edan rencillas anteriores con su marido. Entonces estos sujetos comienzan a golpear a la v\u00edctima y le botan el coche con la guagua, ante esto Albi\u00f1a defiende a su hijo. De los cuatro individuos, dos sujetaron a la mujer mientras los otros dos golpeaban a la v\u00edctima. La mujer logra zafarse de los sujetos, tom\u00f3 a su peque\u00f1o hijo y lo llev\u00f3 hasta su casa. Al regresar uno de los sujetos le dispar\u00f3 en el pecho a la v\u00edctima con un arma larga, presumimos una escopeta\u201d.<\/p>\n<p><strong>CARABINEROS LOS DETUVO<\/strong><br \/>\nLas diligencias policiales permitieron establecer que en un domicilio cercano de la villa Santa Teresita se ocultaban tres de los sujetos acusados. En el lugar se incaut\u00f3 un cartucho de escopeta percutado, adem\u00e1s de una bolsa contenedora de 100 gramos de marihuana elaborada, por lo que fueron detenidos.<br \/>\nPosteriormente en un segundo domicilio, Carabineros arrest\u00f3 al cuarto integrante de este delito. Los cuatro acusados fueron derivados hasta la Segunda Comisar\u00eda de Carabineros para dar continuidad al esclarecimiento de los hechos, sin lograr recuperar el arma de fuego.<br \/>\nEn tanto Marcelo Albi\u00f1a P\u00e1ez, quien se debat\u00eda entre la vida y la muerte, fue intervenido quir\u00fargicamente por los m\u00e9dicos de turno. Sin embargo las maniobras no rindieron resultados tras las diversas heridas, falleciendo pasada la medianoche del s\u00e1bado, en medio del dolor de su familia y cercanos.<\/p>\n<p><strong>PDI INVESTIGA<\/strong><br \/>\nPor instrucci\u00f3n del Ministerio P\u00fablico de San Felipe, el caso se encuentra en pleno proceso investigativo a cargo de la Brigada de Homicidios de la PDI, quienes a trav\u00e9s del Laboratorio de Criminal\u00edstica elaboran los informes para establecer la din\u00e1mica de los hechos que tuvieron como resultado esta muerte, asegur\u00f3 el Comisario Gino Guti\u00e9rrez a Diario El Trabajo.<br \/>\n\u201cFue una pendencia entre vecinos, por este hecho fueron cuatro personas detenidas en flagrancia; vecinos llamaron a Carabineros a nivel 133 deteniendo a tres hermanos y un t\u00edo de \u00e9stos. Testigos del lugar indican que uno de ellos efectu\u00f3 el disparo. Todas las diligencias investigativas fueron encomendadas a la Brigada de Homicidios. Ellos ten\u00edan una din\u00e1mica de agresiones mutuas entre vecinos; se inicia en una disputa verbal, despu\u00e9s en un conato a golpes, despu\u00e9s esta agresi\u00f3n termina con un arma de fuego que no ha sido recuperada, tenemos un proyectil que est\u00e1 siendo sometido a pericia\u201d.<\/p>\n<p><strong>HOY FORMALIZAN<\/strong><br \/>\nDe acuerdo a las investigaciones iniciales, el imputado Christopher D\u00edaz Villagra de 29 a\u00f1os de edad, ser\u00eda el autor del homicidio, quien ser\u00e1 formalizado al mediod\u00eda de este lunes en Tribunales.<br \/>\nPreviamente, su detenci\u00f3n fue controlada durante la ma\u00f1ana de este s\u00e1bado en el Juzgado de Garant\u00eda de San Felipe, instancia en que el Ministerio P\u00fablico requiri\u00f3 al juez la ampliaci\u00f3n de la detenci\u00f3n hasta hoy para la recopilaci\u00f3n de antecedentes y el informe de autopsia del occiso remitida del Servicio M\u00e9dico Legal, que permitan a\u00f1adirse a la carpeta investigativa de la Fiscal\u00eda en la audiencia de formalizaci\u00f3n de cargos, afirm\u00f3 el Fiscal Alejandro Bustos.<br \/>\n\u201cSe ampli\u00f3 la detenci\u00f3n hasta el d\u00eda lunes (hoy) para la b\u00fasqueda de elementos probatorios. Se han realizado varias diligencias investigativas por la unidad especializada de la Brigada de Homicidios del Laboratorio de Criminal\u00edstica y estamos a la espera del resultado, adem\u00e1s no se ha determinado la autopsia. Como la v\u00edctima result\u00f3 con m\u00faltiples heridas de proyectiles de perdigones, el proceso es m\u00e1s lento, no tenemos a\u00fan ese resultado para poder formalizar\u201d.<br \/>\nBustos asever\u00f3 que respecto de los otros participantes en estos hechos, fueron dejados en libertad tras prestar declaraciones ante la Polic\u00eda a la espera de citaci\u00f3n de la Fiscal\u00eda, toda vez que pudiesen existir nuevos antecedentes a la causa.<br \/>\n\u201cExisten versiones que dan cuenta que hab\u00edan mantenido discusiones anteriores, no queda muy claro cu\u00e1les ser\u00edan estos conflictos. Cuatro sujetos son sindicados por una testigo en contra del occiso, pero se se\u00f1ala que lo agredieron en un momento, pero es uno de ellos quien utiliza un arma de fuego en contra de la v\u00edctima. Si bien los otros tres participan en una agresi\u00f3n previa, no tiene dominio del hecho dentro de la muerte, no son responsables en la utilizaci\u00f3n del arma de fuego por lo tanto son dejados en libertad, se les toma declaraci\u00f3n en calidad de detenidos apercibidos al art\u00edculo 26 del C\u00f3digo Penal, sin perjuicio que m\u00e1s adelante puedan surgir nuevos antecedentes\u201d, concluy\u00f3 el Fiscal Alejandro Bustos.<br \/>\n<strong>Pablo Salinas Sald\u00edas<\/strong><\/p>\n<figure id=\"attachment_68854\" aria-describedby=\"caption-attachment-68854\" style=\"width: 530px\" class=\"wp-caption alignleft\"><a href=\"http:\/\/www.eltrabajo.cl\/portal\/problema-entre-vecinos-termino-con-joven-padre-muerto-de-un-escopetazo\/srdv-29-anos-salida-imputados\/\" rel=\"attachment wp-att-68854\"><img data-recalc-dims=\"1\" loading=\"lazy\" decoding=\"async\" class=\"size-full wp-image-68854\" src=\"https:\/\/i0.wp.com\/www.eltrabajo.cl\/portal\/wp-content\/uploads\/2016\/04\/SRDV-29-anos-SALIDA-IMPUTADOS.jpg?resize=530%2C349\" alt=\"El imputado Christopher D\u00edaz Villagra, de 29 a\u00f1os de edad, fue individualizado como presunto autor del disparo en contra del joven padre que falleci\u00f3 en una violenta ri\u00f1a en la villa Santa Teresita de San Felipe.\" width=\"530\" height=\"349\" srcset=\"https:\/\/i0.wp.com\/eltrabajo.cl\/portal\/wp-content\/uploads\/2016\/04\/SRDV-29-anos-SALIDA-IMPUTADOS.jpg?w=530&amp;ssl=1 530w, https:\/\/i0.wp.com\/eltrabajo.cl\/portal\/wp-content\/uploads\/2016\/04\/SRDV-29-anos-SALIDA-IMPUTADOS.jpg?resize=200%2C132&amp;ssl=1 200w, https:\/\/i0.wp.com\/eltrabajo.cl\/portal\/wp-content\/uploads\/2016\/04\/SRDV-29-anos-SALIDA-IMPUTADOS.jpg?resize=300%2C198&amp;ssl=1 300w, https:\/\/i0.wp.com\/eltrabajo.cl\/portal\/wp-content\/uploads\/2016\/04\/SRDV-29-anos-SALIDA-IMPUTADOS.jpg?resize=228%2C150&amp;ssl=1 228w, https:\/\/i0.wp.com\/eltrabajo.cl\/portal\/wp-content\/uploads\/2016\/04\/SRDV-29-anos-SALIDA-IMPUTADOS.jpg?resize=400%2C263&amp;ssl=1 400w\" sizes=\"auto, (max-width: 530px) 100vw, 530px\" \/><\/a><figcaption id=\"caption-attachment-68854\" class=\"wp-caption-text\">El imputado Christopher D\u00edaz Villagra, de 29 a\u00f1os de edad, fue individualizado como presunto autor del disparo en contra del joven padre que falleci\u00f3 en una violenta ri\u00f1a en la villa Santa Teresita de San Felipe.<\/figcaption><\/figure>\n<figure id=\"attachment_68855\" aria-describedby=\"caption-attachment-68855\" style=\"width: 530px\" class=\"wp-caption alignleft\"><a href=\"http:\/\/www.eltrabajo.cl\/portal\/problema-entre-vecinos-termino-con-joven-padre-muerto-de-un-escopetazo\/evidencia-incautada\/\" rel=\"attachment wp-att-68855\"><img data-recalc-dims=\"1\" loading=\"lazy\" decoding=\"async\" class=\"size-full wp-image-68855\" src=\"https:\/\/i0.wp.com\/www.eltrabajo.cl\/portal\/wp-content\/uploads\/2016\/04\/evidencia-incautada.jpg?resize=530%2C349\" alt=\"Un cartucho percutado y una bolsa de marihuana fueron hallados en uno de los domicilios por Carabineros.\" width=\"530\" height=\"349\" srcset=\"https:\/\/i0.wp.com\/eltrabajo.cl\/portal\/wp-content\/uploads\/2016\/04\/evidencia-incautada.jpg?w=530&amp;ssl=1 530w, https:\/\/i0.wp.com\/eltrabajo.cl\/portal\/wp-content\/uploads\/2016\/04\/evidencia-incautada.jpg?resize=200%2C132&amp;ssl=1 200w, https:\/\/i0.wp.com\/eltrabajo.cl\/portal\/wp-content\/uploads\/2016\/04\/evidencia-incautada.jpg?resize=300%2C198&amp;ssl=1 300w, https:\/\/i0.wp.com\/eltrabajo.cl\/portal\/wp-content\/uploads\/2016\/04\/evidencia-incautada.jpg?resize=228%2C150&amp;ssl=1 228w, https:\/\/i0.wp.com\/eltrabajo.cl\/portal\/wp-content\/uploads\/2016\/04\/evidencia-incautada.jpg?resize=400%2C263&amp;ssl=1 400w\" sizes=\"auto, (max-width: 530px) 100vw, 530px\" \/><\/a><figcaption id=\"caption-attachment-68855\" class=\"wp-caption-text\">Un cartucho percutado y una bolsa de marihuana fueron hallados en uno de los domicilios por Carabineros.<\/figcaption><\/figure>\n","protected":false},"excerpt":{"rendered":"<p>Presunto homicida ser\u00e1 formalizado hoy en Tribunales: Rencillas anteriores habr\u00edan desatado la furia de tres hermanos y un t\u00edo quienes habr\u00edan dado una golpiza a su vecino Marcelo Albi\u00f1a P\u00e1ez, de 24&#8230;<\/p>\n","protected":false},"author":1,"featured_media":68854,"comment_status":"open","ping_status":"open","sticky":false,"template":"","format":"standard","meta":{"advanced_seo_description":"","jetpack_seo_html_title":"","jetpack_seo_noindex":false,"_jetpack_memberships_contains_paid_content":false,"footnotes":""},"categories":[21],"tags":[],"class_list":["post-68853","post","type-post","status-publish","format-standard","has-post-thumbnail","hentry","category-policial"],"jetpack_featured_media_url":"https:\/\/i0.wp.com\/eltrabajo.cl\/portal\/wp-content\/uploads\/2016\/04\/SRDV-29-anos-SALIDA-IMPUTADOS.jpg?fit=530%2C349&ssl=1","jetpack_sharing_enabled":true,"jetpack_likes_enabled":true,"jetpack-related-posts":[],"_links":{"self":[{"href":"https:\/\/eltrabajo.cl\/portal\/wp-json\/wp\/v2\/posts\/68853","targetHints":{"allow":["GET"]}}],"collection":[{"href":"https:\/\/eltrabajo.cl\/portal\/wp-json\/wp\/v2\/posts"}],"about":[{"href":"https:\/\/eltrabajo.cl\/portal\/wp-json\/wp\/v2\/types\/post"}],"author":[{"embeddable":true,"href":"https:\/\/eltrabajo.cl\/portal\/wp-json\/wp\/v2\/users\/1"}],"replies":[{"embeddable":true,"href":"https:\/\/eltrabajo.cl\/portal\/wp-json\/wp\/v2\/comments?post=68853"}],"version-history":[{"count":0,"href":"https:\/\/eltrabajo.cl\/portal\/wp-json\/wp\/v2\/posts\/68853\/revisions"}],"wp:featuredmedia":[{"embeddable":true,"href":"https:\/\/eltrabajo.cl\/portal\/wp-json\/wp\/v2\/media\/68854"}],"wp:attachment":[{"href":"https:\/\/eltrabajo.cl\/portal\/wp-json\/wp\/v2\/media?parent=68853"}],"wp:term":[{"taxonomy":"category","embeddable":true,"href":"https:\/\/eltrabajo.cl\/portal\/wp-json\/wp\/v2\/categories?post=68853"},{"taxonomy":"post_tag","embeddable":true,"href":"https:\/\/eltrabajo.cl\/portal\/wp-json\/wp\/v2\/tags?post=68853"}],"curies":[{"name":"wp","href":"https:\/\/api.w.org\/{rel}","templated":true}]}}