{"id":68858,"date":"2016-04-19T08:38:49","date_gmt":"2016-04-19T11:38:49","guid":{"rendered":"http:\/\/www.eltrabajo.cl\/portal\/?p=68858"},"modified":"2016-04-19T08:38:49","modified_gmt":"2016-04-19T11:38:49","slug":"al-menos-una-semana-estara-cerrada-biblioteca-andina-por-aniego-de-sus-dependencias","status":"publish","type":"post","link":"https:\/\/eltrabajo.cl\/portal\/al-menos-una-semana-estara-cerrada-biblioteca-andina-por-aniego-de-sus-dependencias\/","title":{"rendered":"Al menos una semana estar\u00e1 cerrada Biblioteca andina por aniego de sus dependencias"},"content":{"rendered":"<p><strong>Todos los a\u00f1os el edificio sufre los efectos de las lluvias a causa de las fallas de dise\u00f1o que presenta.<\/strong><br \/>\n<strong>LOS ANDES.-<\/strong> Por al menos una semana deber\u00e1 permanecer cerrada la biblioteca p\u00fablica Hermano Emeterio Jos\u00e9 debido al anegamiento de sus dependencias debido a las intensas precipitaciones.<br \/>\nLa directora de la Biblioteca Mariluz M\u00e1rquez, indic\u00f3 que los da\u00f1os sufridos en el edificio son bastante serios, \u201cpues la madrugada del domingo debido a la gran cantidad de agua que cay\u00f3 se inund\u00f3 completamente nuestra biblioteca, cay\u00f3 mucha agua del cerro con piedras y basuras que corri\u00f3 por las escalas y entr\u00f3 a varias salas\u201d.<br \/>\nAgreg\u00f3 que afortunadamente los libros no sufrieron da\u00f1os, \u201cpues con el mismo barro que entr\u00f3 hicimos algunos diques de contenci\u00f3n en las salas, pero en general est\u00e1 todo da\u00f1ado excepto arriba donde est\u00e1n las salas de computaci\u00f3n que cay\u00f3 el agua que cae siempre la que se pasa a trav\u00e9s de los vidrios en el techo, son solo unas gotas y hab\u00edamos tomado los resguardos tapando los computadores\u201d.<br \/>\nDijo que lamentablemente el resto del edificio se inund\u00f3 completamente, incluido el auditorio donde el barro caus\u00f3 los mayores da\u00f1os en la alfombra, \u201cy tambi\u00e9n tuvimos que cortar la luz porque por el peligro que significa y ahora estamos sin poder atender p\u00fablico\u201d.<br \/>\nLa directora acus\u00f3 que esta inundaci\u00f3n es causa directa de los problemas de dise\u00f1o que presenta el edificio emplazado en la ladera del cerro de la virgen donde antes estuvo una parte del parque y tambi\u00e9n por causas de las intensas lluvias, no descartando que incluso se haya producido un desborde del canal que circunda el cerro.<br \/>\n\u201cRealmente hay un problema de dise\u00f1o porque no est\u00e1n bien hechas las bajadas de agua ni tampoco las rejillas y son muy chicos los ductos que tendr\u00edan que absorber esa gran cantidad de agua, entonces todo eso colapsa con pocas precipitaciones y ya llevamos once a\u00f1os en este edificio donde siempre hemos tenido problemas con las lluvias\u201d, expres\u00f3 la directora.<br \/>\nLa directora dijo que con una cuadrilla municipal est\u00e1n sacando el barro, pero no se aventur\u00f3 a informar el d\u00eda en volver\u00e1 a funcionar, \u201cpues ahora se est\u00e1n haciendo unos canales de desag\u00fce para que el agua escurra por los costados del edificio y no por la escalera principal que es desde donde escurri\u00f3 a todas las salas\u201d.<br \/>\nMariluz M\u00e1rquez precis\u00f3 que se han hecho intentos para arreglar este problema, pero no se ha concretado nada, \u201cya que se debe presentar un proyecto grande de reparaci\u00f3n y cambiar algunas estructuras del edificio, incluida la ubicaci\u00f3n de las escalas\u201d.<\/p>\n<figure id=\"attachment_68859\" aria-describedby=\"caption-attachment-68859\" style=\"width: 530px\" class=\"wp-caption alignleft\"><a href=\"http:\/\/www.eltrabajo.cl\/portal\/al-menos-una-semana-estara-cerrada-biblioteca-andina-por-aniego-de-sus-dependencias\/lluvia-biblioteca3\/\" rel=\"attachment wp-att-68859\"><img data-recalc-dims=\"1\" loading=\"lazy\" decoding=\"async\" class=\"size-full wp-image-68859\" src=\"https:\/\/i0.wp.com\/www.eltrabajo.cl\/portal\/wp-content\/uploads\/2016\/04\/lluvia-biblioteca3.jpg?resize=530%2C348\" alt=\"Cuadrillas de trabajadores municipales ayudaron a sacar el barro que se acumul\u00f3 dentro de la biblioteca producto de las intensas lluvias registradas en fin de semana. \" width=\"530\" height=\"348\" srcset=\"https:\/\/i0.wp.com\/eltrabajo.cl\/portal\/wp-content\/uploads\/2016\/04\/lluvia-biblioteca3.jpg?w=530&amp;ssl=1 530w, https:\/\/i0.wp.com\/eltrabajo.cl\/portal\/wp-content\/uploads\/2016\/04\/lluvia-biblioteca3.jpg?resize=200%2C131&amp;ssl=1 200w, https:\/\/i0.wp.com\/eltrabajo.cl\/portal\/wp-content\/uploads\/2016\/04\/lluvia-biblioteca3.jpg?resize=300%2C197&amp;ssl=1 300w, https:\/\/i0.wp.com\/eltrabajo.cl\/portal\/wp-content\/uploads\/2016\/04\/lluvia-biblioteca3.jpg?resize=228%2C150&amp;ssl=1 228w, https:\/\/i0.wp.com\/eltrabajo.cl\/portal\/wp-content\/uploads\/2016\/04\/lluvia-biblioteca3.jpg?resize=400%2C263&amp;ssl=1 400w\" sizes=\"auto, (max-width: 530px) 100vw, 530px\" \/><\/a><figcaption id=\"caption-attachment-68859\" class=\"wp-caption-text\">Cuadrillas de trabajadores municipales ayudaron a sacar el barro que se acumul\u00f3 dentro de la biblioteca producto de las intensas lluvias registradas en fin de semana.<\/figcaption><\/figure>\n","protected":false},"excerpt":{"rendered":"<p>Todos los a\u00f1os el edificio sufre los efectos de las lluvias a causa de las fallas de dise\u00f1o que presenta. LOS ANDES.- Por al menos una semana deber\u00e1 permanecer cerrada la biblioteca&#8230;<\/p>\n","protected":false},"author":1,"featured_media":68859,"comment_status":"open","ping_status":"open","sticky":false,"template":"","format":"standard","meta":{"advanced_seo_description":"","jetpack_seo_html_title":"","jetpack_seo_noindex":false,"_jetpack_memberships_contains_paid_content":false,"footnotes":""},"categories":[21],"tags":[],"class_list":["post-68858","post","type-post","status-publish","format-standard","has-post-thumbnail","hentry","category-policial"],"jetpack_featured_media_url":"https:\/\/i0.wp.com\/eltrabajo.cl\/portal\/wp-content\/uploads\/2016\/04\/lluvia-biblioteca3.jpg?fit=530%2C348&ssl=1","jetpack_sharing_enabled":true,"jetpack_likes_enabled":true,"jetpack-related-posts":[],"_links":{"self":[{"href":"https:\/\/eltrabajo.cl\/portal\/wp-json\/wp\/v2\/posts\/68858","targetHints":{"allow":["GET"]}}],"collection":[{"href":"https:\/\/eltrabajo.cl\/portal\/wp-json\/wp\/v2\/posts"}],"about":[{"href":"https:\/\/eltrabajo.cl\/portal\/wp-json\/wp\/v2\/types\/post"}],"author":[{"embeddable":true,"href":"https:\/\/eltrabajo.cl\/portal\/wp-json\/wp\/v2\/users\/1"}],"replies":[{"embeddable":true,"href":"https:\/\/eltrabajo.cl\/portal\/wp-json\/wp\/v2\/comments?post=68858"}],"version-history":[{"count":0,"href":"https:\/\/eltrabajo.cl\/portal\/wp-json\/wp\/v2\/posts\/68858\/revisions"}],"wp:featuredmedia":[{"embeddable":true,"href":"https:\/\/eltrabajo.cl\/portal\/wp-json\/wp\/v2\/media\/68859"}],"wp:attachment":[{"href":"https:\/\/eltrabajo.cl\/portal\/wp-json\/wp\/v2\/media?parent=68858"}],"wp:term":[{"taxonomy":"category","embeddable":true,"href":"https:\/\/eltrabajo.cl\/portal\/wp-json\/wp\/v2\/categories?post=68858"},{"taxonomy":"post_tag","embeddable":true,"href":"https:\/\/eltrabajo.cl\/portal\/wp-json\/wp\/v2\/tags?post=68858"}],"curies":[{"name":"wp","href":"https:\/\/api.w.org\/{rel}","templated":true}]}}