{"id":68862,"date":"2016-04-19T08:43:17","date_gmt":"2016-04-19T11:43:17","guid":{"rendered":"http:\/\/www.eltrabajo.cl\/portal\/?p=68862"},"modified":"2016-04-19T08:43:18","modified_gmt":"2016-04-19T11:43:18","slug":"millonario-robo-afecto-oficinas-de-cruz-roja-en-san-felipe","status":"publish","type":"post","link":"https:\/\/eltrabajo.cl\/portal\/millonario-robo-afecto-oficinas-de-cruz-roja-en-san-felipe\/","title":{"rendered":"Millonario robo afect\u00f3 oficinas de Cruz Roja en San Felipe"},"content":{"rendered":"<p><strong>Hecho se habr\u00eda registrado la madrugada del domingo:<\/strong><br \/>\nUna cifra superior al mill\u00f3n de pesos fue avaluado el robo que sufrieron las oficinas de la Cruz Roja de San Felipe. Los desconocidos habr\u00edan destruido la protecci\u00f3n de un ventanal para acceder y sustraer equipos como un electrocardiograma entre otras especies durante la madrugada de este domingo.<br \/>\nEl hecho fue denunciado ante Carabineros luego que un locatario de calle Prat observara la falta de un barrote de la protecci\u00f3n de la ventana de esta instituci\u00f3n. La polic\u00eda uniformada, al recorrer las dependencias encontr\u00f3 que \u00e9l o los sujetos a\u00fan no identificados, dejaron unos bototos al interior de las oficinas, confirmando la sustracci\u00f3n de especies de alto valor.<\/p>\n<figure id=\"attachment_68863\" aria-describedby=\"caption-attachment-68863\" style=\"width: 530px\" class=\"wp-caption alignleft\"><a href=\"http:\/\/www.eltrabajo.cl\/portal\/millonario-robo-afecto-oficinas-de-cruz-roja-en-san-felipe\/cruz-roja-dir-2\/\" rel=\"attachment wp-att-68863\"><img data-recalc-dims=\"1\" loading=\"lazy\" decoding=\"async\" class=\"size-full wp-image-68863\" src=\"https:\/\/i0.wp.com\/www.eltrabajo.cl\/portal\/wp-content\/uploads\/2016\/04\/cruz-roja-dir.jpg?resize=530%2C349\" alt=\"El voluntariado de la Cruz Roja vuelve a sufrir un robo a sus dependencias. (Foto archivo)\" width=\"530\" height=\"349\" srcset=\"https:\/\/i0.wp.com\/eltrabajo.cl\/portal\/wp-content\/uploads\/2016\/04\/cruz-roja-dir.jpg?w=530&amp;ssl=1 530w, https:\/\/i0.wp.com\/eltrabajo.cl\/portal\/wp-content\/uploads\/2016\/04\/cruz-roja-dir.jpg?resize=200%2C132&amp;ssl=1 200w, https:\/\/i0.wp.com\/eltrabajo.cl\/portal\/wp-content\/uploads\/2016\/04\/cruz-roja-dir.jpg?resize=300%2C198&amp;ssl=1 300w, https:\/\/i0.wp.com\/eltrabajo.cl\/portal\/wp-content\/uploads\/2016\/04\/cruz-roja-dir.jpg?resize=228%2C150&amp;ssl=1 228w, https:\/\/i0.wp.com\/eltrabajo.cl\/portal\/wp-content\/uploads\/2016\/04\/cruz-roja-dir.jpg?resize=400%2C263&amp;ssl=1 400w\" sizes=\"auto, (max-width: 530px) 100vw, 530px\" \/><\/a><figcaption id=\"caption-attachment-68863\" class=\"wp-caption-text\">El voluntariado de la Cruz Roja vuelve a sufrir un robo a sus dependencias. (Foto archivo)<\/figcaption><\/figure>\n","protected":false},"excerpt":{"rendered":"<p>Hecho se habr\u00eda registrado la madrugada del domingo: Una cifra superior al mill\u00f3n de pesos fue avaluado el robo que sufrieron las oficinas de la Cruz Roja de San Felipe. Los desconocidos&#8230;<\/p>\n","protected":false},"author":1,"featured_media":68863,"comment_status":"open","ping_status":"open","sticky":false,"template":"","format":"standard","meta":{"advanced_seo_description":"","jetpack_seo_html_title":"","jetpack_seo_noindex":false,"_jetpack_memberships_contains_paid_content":false,"footnotes":""},"categories":[21],"tags":[],"class_list":["post-68862","post","type-post","status-publish","format-standard","has-post-thumbnail","hentry","category-policial"],"jetpack_featured_media_url":"https:\/\/i0.wp.com\/eltrabajo.cl\/portal\/wp-content\/uploads\/2016\/04\/cruz-roja-dir.jpg?fit=530%2C349&ssl=1","jetpack_sharing_enabled":true,"jetpack_likes_enabled":true,"jetpack-related-posts":[],"_links":{"self":[{"href":"https:\/\/eltrabajo.cl\/portal\/wp-json\/wp\/v2\/posts\/68862","targetHints":{"allow":["GET"]}}],"collection":[{"href":"https:\/\/eltrabajo.cl\/portal\/wp-json\/wp\/v2\/posts"}],"about":[{"href":"https:\/\/eltrabajo.cl\/portal\/wp-json\/wp\/v2\/types\/post"}],"author":[{"embeddable":true,"href":"https:\/\/eltrabajo.cl\/portal\/wp-json\/wp\/v2\/users\/1"}],"replies":[{"embeddable":true,"href":"https:\/\/eltrabajo.cl\/portal\/wp-json\/wp\/v2\/comments?post=68862"}],"version-history":[{"count":0,"href":"https:\/\/eltrabajo.cl\/portal\/wp-json\/wp\/v2\/posts\/68862\/revisions"}],"wp:featuredmedia":[{"embeddable":true,"href":"https:\/\/eltrabajo.cl\/portal\/wp-json\/wp\/v2\/media\/68863"}],"wp:attachment":[{"href":"https:\/\/eltrabajo.cl\/portal\/wp-json\/wp\/v2\/media?parent=68862"}],"wp:term":[{"taxonomy":"category","embeddable":true,"href":"https:\/\/eltrabajo.cl\/portal\/wp-json\/wp\/v2\/categories?post=68862"},{"taxonomy":"post_tag","embeddable":true,"href":"https:\/\/eltrabajo.cl\/portal\/wp-json\/wp\/v2\/tags?post=68862"}],"curies":[{"name":"wp","href":"https:\/\/api.w.org\/{rel}","templated":true}]}}