{"id":68866,"date":"2016-04-19T08:44:30","date_gmt":"2016-04-19T11:44:30","guid":{"rendered":"http:\/\/www.eltrabajo.cl\/portal\/?p=68866"},"modified":"2016-04-19T08:44:31","modified_gmt":"2016-04-19T11:44:31","slug":"con-una-cuerda-joven-de-18-anos-acaba-con-su-vida-en-villa-yevide","status":"publish","type":"post","link":"https:\/\/eltrabajo.cl\/portal\/con-una-cuerda-joven-de-18-anos-acaba-con-su-vida-en-villa-yevide\/","title":{"rendered":"Con una cuerda joven de 18 a\u00f1os acaba con su vida en villa Yevide"},"content":{"rendered":"<p>Un joven de 18 a\u00f1os de edad identificado como Ignacio Andr\u00e9s Pereira C\u00e1ceres, acab\u00f3 con su vida ahorc\u00e1ndose con una cuerda al interior de su domicilio en el pasaje Cerro El Pe\u00f1\u00f3n de la villa Yevide de San Felipe. La v\u00edctima fue descubierta por su madre al mediod\u00eda de ayer lunes.<br \/>\nSeg\u00fan se pudo conocer, la madre al regresar a su domicilio constat\u00f3 la fatal tragedia, requiriendo la concurrencia del Samu que se constituy\u00f3 en el lugar para prestar los primeros auxilios, sin embargo los param\u00e9dicos confirmaron el deceso del adolescente.<br \/>\nAl lugar de los hechos tambi\u00e9n concurri\u00f3 personal de Carabineros, quienes dieron cuenta del suicidio al fiscal de turno que instruy\u00f3 las labores periciales de la Brigada de Homicidios de la Polic\u00eda de Investigaciones de Los Andes para el an\u00e1lisis externo del cuerpo del fallecido y si se descartar\u00eda la intervenci\u00f3n de terceras personas.<br \/>\nHasta el cierre de esta nota, se desconoce si el joven estar\u00eda atravesando alg\u00fan cuadro depresivo que lo habr\u00eda llevado a tomar la dr\u00e1stica decisi\u00f3n de atentar contra su vida.<br \/>\nEl cuerpo fue levantado por el Servicio M\u00e9dico Legal para la correspondiente autopsia de rigor.<\/p>\n<figure id=\"attachment_68867\" aria-describedby=\"caption-attachment-68867\" style=\"width: 530px\" class=\"wp-caption alignleft\"><a href=\"http:\/\/www.eltrabajo.cl\/portal\/con-una-cuerda-joven-de-18-anos-acaba-con-su-vida-en-villa-yevide\/servicio-medico-legal-2\/\" rel=\"attachment wp-att-68867\"><img data-recalc-dims=\"1\" loading=\"lazy\" decoding=\"async\" class=\"size-full wp-image-68867\" src=\"https:\/\/i0.wp.com\/www.eltrabajo.cl\/portal\/wp-content\/uploads\/2016\/04\/Servicio-Medico-Legal.jpg?resize=530%2C349\" alt=\"El cuerpo del adolescente fue levantado por el Servicio M\u00e9dico Legal de San Felipe para la correspondiente autopsia de rigor. (Foto Archivo).\" width=\"530\" height=\"349\" srcset=\"https:\/\/i0.wp.com\/eltrabajo.cl\/portal\/wp-content\/uploads\/2016\/04\/Servicio-Medico-Legal.jpg?w=530&amp;ssl=1 530w, https:\/\/i0.wp.com\/eltrabajo.cl\/portal\/wp-content\/uploads\/2016\/04\/Servicio-Medico-Legal.jpg?resize=200%2C132&amp;ssl=1 200w, https:\/\/i0.wp.com\/eltrabajo.cl\/portal\/wp-content\/uploads\/2016\/04\/Servicio-Medico-Legal.jpg?resize=300%2C198&amp;ssl=1 300w, https:\/\/i0.wp.com\/eltrabajo.cl\/portal\/wp-content\/uploads\/2016\/04\/Servicio-Medico-Legal.jpg?resize=228%2C150&amp;ssl=1 228w, https:\/\/i0.wp.com\/eltrabajo.cl\/portal\/wp-content\/uploads\/2016\/04\/Servicio-Medico-Legal.jpg?resize=400%2C263&amp;ssl=1 400w\" sizes=\"auto, (max-width: 530px) 100vw, 530px\" \/><\/a><figcaption id=\"caption-attachment-68867\" class=\"wp-caption-text\">El cuerpo del adolescente fue levantado por el Servicio M\u00e9dico Legal de San Felipe para la correspondiente autopsia de rigor. (Foto Archivo).<\/figcaption><\/figure>\n","protected":false},"excerpt":{"rendered":"<p>Un joven de 18 a\u00f1os de edad identificado como Ignacio Andr\u00e9s Pereira C\u00e1ceres, acab\u00f3 con su vida ahorc\u00e1ndose con una cuerda al interior de su domicilio en el pasaje Cerro El Pe\u00f1\u00f3n&#8230;<\/p>\n","protected":false},"author":1,"featured_media":68867,"comment_status":"open","ping_status":"open","sticky":false,"template":"","format":"standard","meta":{"advanced_seo_description":"","jetpack_seo_html_title":"","jetpack_seo_noindex":false,"_jetpack_memberships_contains_paid_content":false,"footnotes":""},"categories":[21],"tags":[],"class_list":["post-68866","post","type-post","status-publish","format-standard","has-post-thumbnail","hentry","category-policial"],"jetpack_featured_media_url":"https:\/\/i0.wp.com\/eltrabajo.cl\/portal\/wp-content\/uploads\/2016\/04\/Servicio-Medico-Legal.jpg?fit=530%2C349&ssl=1","jetpack_sharing_enabled":true,"jetpack_likes_enabled":true,"jetpack-related-posts":[],"_links":{"self":[{"href":"https:\/\/eltrabajo.cl\/portal\/wp-json\/wp\/v2\/posts\/68866","targetHints":{"allow":["GET"]}}],"collection":[{"href":"https:\/\/eltrabajo.cl\/portal\/wp-json\/wp\/v2\/posts"}],"about":[{"href":"https:\/\/eltrabajo.cl\/portal\/wp-json\/wp\/v2\/types\/post"}],"author":[{"embeddable":true,"href":"https:\/\/eltrabajo.cl\/portal\/wp-json\/wp\/v2\/users\/1"}],"replies":[{"embeddable":true,"href":"https:\/\/eltrabajo.cl\/portal\/wp-json\/wp\/v2\/comments?post=68866"}],"version-history":[{"count":0,"href":"https:\/\/eltrabajo.cl\/portal\/wp-json\/wp\/v2\/posts\/68866\/revisions"}],"wp:featuredmedia":[{"embeddable":true,"href":"https:\/\/eltrabajo.cl\/portal\/wp-json\/wp\/v2\/media\/68867"}],"wp:attachment":[{"href":"https:\/\/eltrabajo.cl\/portal\/wp-json\/wp\/v2\/media?parent=68866"}],"wp:term":[{"taxonomy":"category","embeddable":true,"href":"https:\/\/eltrabajo.cl\/portal\/wp-json\/wp\/v2\/categories?post=68866"},{"taxonomy":"post_tag","embeddable":true,"href":"https:\/\/eltrabajo.cl\/portal\/wp-json\/wp\/v2\/tags?post=68866"}],"curies":[{"name":"wp","href":"https:\/\/api.w.org\/{rel}","templated":true}]}}