{"id":68870,"date":"2016-04-19T08:46:08","date_gmt":"2016-04-19T11:46:08","guid":{"rendered":"http:\/\/www.eltrabajo.cl\/portal\/?p=68870"},"modified":"2016-04-19T08:46:08","modified_gmt":"2016-04-19T11:46:08","slug":"un-adulto-mayor-quedo-damnificado-tras-incendio-de-su-vivienda-en-patagual","status":"publish","type":"post","link":"https:\/\/eltrabajo.cl\/portal\/un-adulto-mayor-quedo-damnificado-tras-incendio-de-su-vivienda-en-patagual\/","title":{"rendered":"Un adulto mayor qued\u00f3 damnificado tras incendio de su vivienda en Patagual"},"content":{"rendered":"<p><strong>CALLE LARGA.-<\/strong> Una vivienda de material ligero result\u00f3 completamente destruida a causa de un incendio declarado la madrugada de este lunes en el sector de Patagual 1 en la comuna.<br \/>\nLa emergencia se declar\u00f3 faltando 10 minutos para las 4 y afect\u00f3 a una casa ubicada en un terreno del sector donde adem\u00e1s hay otros inmuebles de madera cercano, ante lo cual Bomberos despach\u00f3 de manera inmediata cinco unidades al lugar.<br \/>\nEl Comandante del Cuerpo de Bomberos, Johnny Arriaza Pueyes, inform\u00f3 que el sector donde se ubicaba la casa es de alto riesgo por la alta probabilidad de propagaci\u00f3n, \u201cy en este caso se estaba quemando una casa de material ligero casi en su totalidad y por eso se despacharon cinco carros al lugar encontr\u00e1ndose con una casa de unos 70 metros cuadrados completamente en llamas\u201d.<br \/>\nEl Comandante indic\u00f3 que fue uno de los residentes de una de las casas aleda\u00f1as quien logr\u00f3 sacar a un adulto mayor y \u00fanico residente del inmueble, el cual afortunadamente no result\u00f3 lesionado.<br \/>\nAgreg\u00f3 que se no se produjeron bomberos ni civiles lesionados a pesar de que la casa siniestrada estaba a menos de cinco metros de otras construidas del mismo material, \u201clo cual pudo haber generado una situaci\u00f3n m\u00e1s compleja\u201d.<br \/>\nA la emergencia concurrieron en total voluntarios y carros de cuatro compa\u00f1\u00edas quienes tras una hora de trabajo pudieron controlar la emergencia.<\/p>\n<figure id=\"attachment_68871\" aria-describedby=\"caption-attachment-68871\" style=\"width: 530px\" class=\"wp-caption alignleft\"><a href=\"http:\/\/www.eltrabajo.cl\/portal\/un-adulto-mayor-quedo-damnificado-tras-incendio-de-su-vivienda-en-patagual\/perales2\/\" rel=\"attachment wp-att-68871\"><img data-recalc-dims=\"1\" loading=\"lazy\" decoding=\"async\" class=\"size-full wp-image-68871\" src=\"https:\/\/i0.wp.com\/www.eltrabajo.cl\/portal\/wp-content\/uploads\/2016\/04\/perales2.jpg?resize=530%2C348\" alt=\"Cinco unidades de bomberos tuvieron que acudir a la emergencia que surgi\u00f3 en una vivienda de material ligero en sector el Patagual de Calle Larga.\" width=\"530\" height=\"348\" srcset=\"https:\/\/i0.wp.com\/eltrabajo.cl\/portal\/wp-content\/uploads\/2016\/04\/perales2.jpg?w=530&amp;ssl=1 530w, https:\/\/i0.wp.com\/eltrabajo.cl\/portal\/wp-content\/uploads\/2016\/04\/perales2.jpg?resize=200%2C131&amp;ssl=1 200w, https:\/\/i0.wp.com\/eltrabajo.cl\/portal\/wp-content\/uploads\/2016\/04\/perales2.jpg?resize=300%2C197&amp;ssl=1 300w, https:\/\/i0.wp.com\/eltrabajo.cl\/portal\/wp-content\/uploads\/2016\/04\/perales2.jpg?resize=228%2C150&amp;ssl=1 228w, https:\/\/i0.wp.com\/eltrabajo.cl\/portal\/wp-content\/uploads\/2016\/04\/perales2.jpg?resize=400%2C263&amp;ssl=1 400w\" sizes=\"auto, (max-width: 530px) 100vw, 530px\" \/><\/a><figcaption id=\"caption-attachment-68871\" class=\"wp-caption-text\">Cinco unidades de bomberos tuvieron que acudir a la emergencia que surgi\u00f3 en una vivienda de material ligero en sector el Patagual de Calle Larga.<\/figcaption><\/figure>\n","protected":false},"excerpt":{"rendered":"<p>CALLE LARGA.- Una vivienda de material ligero result\u00f3 completamente destruida a causa de un incendio declarado la madrugada de este lunes en el sector de Patagual 1 en la comuna. La emergencia&#8230;<\/p>\n","protected":false},"author":1,"featured_media":68871,"comment_status":"open","ping_status":"open","sticky":false,"template":"","format":"standard","meta":{"advanced_seo_description":"","jetpack_seo_html_title":"","jetpack_seo_noindex":false,"_jetpack_memberships_contains_paid_content":false,"footnotes":""},"categories":[21],"tags":[],"class_list":["post-68870","post","type-post","status-publish","format-standard","has-post-thumbnail","hentry","category-policial"],"jetpack_featured_media_url":"https:\/\/i0.wp.com\/eltrabajo.cl\/portal\/wp-content\/uploads\/2016\/04\/perales2.jpg?fit=530%2C348&ssl=1","jetpack_sharing_enabled":true,"jetpack_likes_enabled":true,"jetpack-related-posts":[],"_links":{"self":[{"href":"https:\/\/eltrabajo.cl\/portal\/wp-json\/wp\/v2\/posts\/68870","targetHints":{"allow":["GET"]}}],"collection":[{"href":"https:\/\/eltrabajo.cl\/portal\/wp-json\/wp\/v2\/posts"}],"about":[{"href":"https:\/\/eltrabajo.cl\/portal\/wp-json\/wp\/v2\/types\/post"}],"author":[{"embeddable":true,"href":"https:\/\/eltrabajo.cl\/portal\/wp-json\/wp\/v2\/users\/1"}],"replies":[{"embeddable":true,"href":"https:\/\/eltrabajo.cl\/portal\/wp-json\/wp\/v2\/comments?post=68870"}],"version-history":[{"count":0,"href":"https:\/\/eltrabajo.cl\/portal\/wp-json\/wp\/v2\/posts\/68870\/revisions"}],"wp:featuredmedia":[{"embeddable":true,"href":"https:\/\/eltrabajo.cl\/portal\/wp-json\/wp\/v2\/media\/68871"}],"wp:attachment":[{"href":"https:\/\/eltrabajo.cl\/portal\/wp-json\/wp\/v2\/media?parent=68870"}],"wp:term":[{"taxonomy":"category","embeddable":true,"href":"https:\/\/eltrabajo.cl\/portal\/wp-json\/wp\/v2\/categories?post=68870"},{"taxonomy":"post_tag","embeddable":true,"href":"https:\/\/eltrabajo.cl\/portal\/wp-json\/wp\/v2\/tags?post=68870"}],"curies":[{"name":"wp","href":"https:\/\/api.w.org\/{rel}","templated":true}]}}