{"id":68874,"date":"2016-04-19T08:48:35","date_gmt":"2016-04-19T11:48:35","guid":{"rendered":"http:\/\/www.eltrabajo.cl\/portal\/?p=68874"},"modified":"2016-04-19T08:48:35","modified_gmt":"2016-04-19T11:48:35","slug":"lluvias-de-abril-superan-record-historico-establecido-en-1980","status":"publish","type":"post","link":"https:\/\/eltrabajo.cl\/portal\/lluvias-de-abril-superan-record-historico-establecido-en-1980\/","title":{"rendered":"Lluvias de abril superan r\u00e9cord hist\u00f3rico establecido en 1980"},"content":{"rendered":"<figure id=\"attachment_68876\" aria-describedby=\"caption-attachment-68876\" style=\"width: 300px\" class=\"wp-caption alignleft\"><a href=\"http:\/\/www.eltrabajo.cl\/portal\/lluvias-de-abril-superan-record-historico-establecido-en-1980\/miguel-cuevas-5\/\" rel=\"attachment wp-att-68876\"><img data-recalc-dims=\"1\" loading=\"lazy\" decoding=\"async\" class=\"size-medium wp-image-68876\" src=\"https:\/\/i0.wp.com\/www.eltrabajo.cl\/portal\/wp-content\/uploads\/2016\/04\/Miguel-Cuevas-300x197.jpg?resize=300%2C197\" alt=\"Encargado de la estaci\u00f3n meteorol\u00f3gica de la Escuela Agr\u00edcola de San Felipe, Miguel Cuevas.\" width=\"300\" height=\"197\" srcset=\"https:\/\/i0.wp.com\/eltrabajo.cl\/portal\/wp-content\/uploads\/2016\/04\/Miguel-Cuevas.jpg?resize=300%2C197&amp;ssl=1 300w, https:\/\/i0.wp.com\/eltrabajo.cl\/portal\/wp-content\/uploads\/2016\/04\/Miguel-Cuevas.jpg?resize=200%2C131&amp;ssl=1 200w, https:\/\/i0.wp.com\/eltrabajo.cl\/portal\/wp-content\/uploads\/2016\/04\/Miguel-Cuevas.jpg?resize=228%2C150&amp;ssl=1 228w, https:\/\/i0.wp.com\/eltrabajo.cl\/portal\/wp-content\/uploads\/2016\/04\/Miguel-Cuevas.jpg?resize=400%2C263&amp;ssl=1 400w, https:\/\/i0.wp.com\/eltrabajo.cl\/portal\/wp-content\/uploads\/2016\/04\/Miguel-Cuevas.jpg?w=530&amp;ssl=1 530w\" sizes=\"auto, (max-width: 300px) 100vw, 300px\" \/><\/a><figcaption id=\"caption-attachment-68876\" class=\"wp-caption-text\">Encargado de la estaci\u00f3n meteorol\u00f3gica de la Escuela Agr\u00edcola de San Felipe, Miguel Cuevas.<\/figcaption><\/figure>\n<p><strong>Cifra de 59,3 fue superada y ya cayeron 60 mm:<\/strong><br \/>\nAunque fue en abril de 1980 cuando se estableci\u00f3 el record hist\u00f3rico de aguas lluvias ca\u00eddas en el Valle de Aconcagua, con un registro de 59,3 mm., esa colosal cifra fue superada con las lluvias de ayer lunes, ya que cayeron 12 mm y con eso se lleg\u00f3 a 60 mm. en lo que va del mes.<\/p>\n<p><strong>VALLE SEDIENTO<\/strong><br \/>\nAs\u00ed lo inform\u00f3 a Diario El Trabajo el encargado de la estaci\u00f3n meteorol\u00f3gica de la Escuela Agr\u00edcola de San Felipe, Miguel Cuevas, quien hizo una revisi\u00f3n de los registros de 1941 a 2016 para llegar a esa conclusi\u00f3n estad\u00edstica.<br \/>\n\u00abEstamos hablando de un 400% por sobre lo normal de lluvias ca\u00eddas hasta este lunes, algunos se preguntar\u00e1n por qu\u00e9 no hay tantas inundaciones como en el mes de julio de 2015, eso pasa porque los suelos a esa fecha ya estaban saturados de agua, mientras que hasta la semana pasada los campos de nuestro valle estaban secos, y se \u2018bebieron\u2019 estas torrenciales lluvias a la primera, pero con el frente lluvioso que sigue, aunque ser\u00e1 de menor intensidad, los efectos podr\u00edan ser m\u00e1s problem\u00e1ticos, pues ya el valle est\u00e1 saturado de agua\u00bb, dijo Cuevas.<br \/>\nSeg\u00fan las cifras reportadas por este funcionario, mismas que coinciden con la Direcci\u00f3n Meteorol\u00f3gica de Chile, para hoy martes se esperan pocas lluvias, pero el jueves de esta semana caer\u00e1n 2,5 mm.; para el viernes 4,5 mm.; 1,9 para el s\u00e1bado y para el domingo 6,6 mm. La temperatura m\u00e1xima para estos d\u00edas ser\u00e1 de 15\u00ba.<br \/>\nEste frente lluvioso es id\u00f3neo para que cada uno de nuestros lectores revisen bien la techumbre de sus casas y puedan reparar las goteras; limpiar las canaletas y alcantarillas de sus viviendas.<br \/>\n<strong>Roberto Gonz\u00e1lez Short<\/strong><br \/>\n<strong>rgonzalez@eltrabajo.cl<\/strong><\/p>\n<figure id=\"attachment_68875\" aria-describedby=\"caption-attachment-68875\" style=\"width: 530px\" class=\"wp-caption alignleft\"><a href=\"http:\/\/www.eltrabajo.cl\/portal\/lluvias-de-abril-superan-record-historico-establecido-en-1980\/lluvias5-2\/\" rel=\"attachment wp-att-68875\"><img data-recalc-dims=\"1\" loading=\"lazy\" decoding=\"async\" class=\"size-full wp-image-68875\" src=\"https:\/\/i0.wp.com\/www.eltrabajo.cl\/portal\/wp-content\/uploads\/2016\/04\/Lluvias5.jpg?resize=530%2C350\" alt=\"Y FALTAN M\u00c1S.- En agosto de 2015 hubo grandes inundaciones en toda nuestra comuna, este a\u00f1o hasta el momento el impacto ha sido menor. (Archivo)\" width=\"530\" height=\"350\" srcset=\"https:\/\/i0.wp.com\/eltrabajo.cl\/portal\/wp-content\/uploads\/2016\/04\/Lluvias5.jpg?w=530&amp;ssl=1 530w, https:\/\/i0.wp.com\/eltrabajo.cl\/portal\/wp-content\/uploads\/2016\/04\/Lluvias5.jpg?resize=200%2C132&amp;ssl=1 200w, https:\/\/i0.wp.com\/eltrabajo.cl\/portal\/wp-content\/uploads\/2016\/04\/Lluvias5.jpg?resize=300%2C198&amp;ssl=1 300w, https:\/\/i0.wp.com\/eltrabajo.cl\/portal\/wp-content\/uploads\/2016\/04\/Lluvias5.jpg?resize=227%2C150&amp;ssl=1 227w, https:\/\/i0.wp.com\/eltrabajo.cl\/portal\/wp-content\/uploads\/2016\/04\/Lluvias5.jpg?resize=400%2C264&amp;ssl=1 400w\" sizes=\"auto, (max-width: 530px) 100vw, 530px\" \/><\/a><figcaption id=\"caption-attachment-68875\" class=\"wp-caption-text\">Y FALTAN M\u00c1S.- En agosto de 2015 hubo grandes inundaciones en toda nuestra comuna, este a\u00f1o hasta el momento el impacto ha sido menor. (Archivo)<\/figcaption><\/figure>\n","protected":false},"excerpt":{"rendered":"<p>Cifra de 59,3 fue superada y ya cayeron 60 mm: Aunque fue en abril de 1980 cuando se estableci\u00f3 el record hist\u00f3rico de aguas lluvias ca\u00eddas en el Valle de Aconcagua, con&#8230;<\/p>\n","protected":false},"author":1,"featured_media":68875,"comment_status":"open","ping_status":"open","sticky":false,"template":"","format":"standard","meta":{"advanced_seo_description":"","jetpack_seo_html_title":"","jetpack_seo_noindex":false,"_jetpack_memberships_contains_paid_content":false,"footnotes":""},"categories":[1],"tags":[],"class_list":["post-68874","post","type-post","status-publish","format-standard","has-post-thumbnail","hentry","category-cronica"],"jetpack_featured_media_url":"https:\/\/i0.wp.com\/eltrabajo.cl\/portal\/wp-content\/uploads\/2016\/04\/Lluvias5.jpg?fit=530%2C350&ssl=1","jetpack_sharing_enabled":true,"jetpack_likes_enabled":true,"jetpack-related-posts":[],"_links":{"self":[{"href":"https:\/\/eltrabajo.cl\/portal\/wp-json\/wp\/v2\/posts\/68874","targetHints":{"allow":["GET"]}}],"collection":[{"href":"https:\/\/eltrabajo.cl\/portal\/wp-json\/wp\/v2\/posts"}],"about":[{"href":"https:\/\/eltrabajo.cl\/portal\/wp-json\/wp\/v2\/types\/post"}],"author":[{"embeddable":true,"href":"https:\/\/eltrabajo.cl\/portal\/wp-json\/wp\/v2\/users\/1"}],"replies":[{"embeddable":true,"href":"https:\/\/eltrabajo.cl\/portal\/wp-json\/wp\/v2\/comments?post=68874"}],"version-history":[{"count":0,"href":"https:\/\/eltrabajo.cl\/portal\/wp-json\/wp\/v2\/posts\/68874\/revisions"}],"wp:featuredmedia":[{"embeddable":true,"href":"https:\/\/eltrabajo.cl\/portal\/wp-json\/wp\/v2\/media\/68875"}],"wp:attachment":[{"href":"https:\/\/eltrabajo.cl\/portal\/wp-json\/wp\/v2\/media?parent=68874"}],"wp:term":[{"taxonomy":"category","embeddable":true,"href":"https:\/\/eltrabajo.cl\/portal\/wp-json\/wp\/v2\/categories?post=68874"},{"taxonomy":"post_tag","embeddable":true,"href":"https:\/\/eltrabajo.cl\/portal\/wp-json\/wp\/v2\/tags?post=68874"}],"curies":[{"name":"wp","href":"https:\/\/api.w.org\/{rel}","templated":true}]}}