{"id":68879,"date":"2016-04-19T08:54:13","date_gmt":"2016-04-19T11:54:13","guid":{"rendered":"http:\/\/www.eltrabajo.cl\/portal\/?p=68879"},"modified":"2016-04-19T08:54:13","modified_gmt":"2016-04-19T11:54:13","slug":"pasion-industrialina-retiene-su-titulo-de-campeon-nacional-2016-en-folklore","status":"publish","type":"post","link":"https:\/\/eltrabajo.cl\/portal\/pasion-industrialina-retiene-su-titulo-de-campeon-nacional-2016-en-folklore\/","title":{"rendered":"Pasi\u00f3n Industrialina retiene su t\u00edtulo de Campe\u00f3n Nacional 2016 en Folklore"},"content":{"rendered":"<p><strong>Directora del grupo gan\u00f3 adem\u00e1s el Premio Espuelas de Plata:<\/strong><br \/>\nUn gran aire triunfal se respira en las aulas de la Escuela Industrial Guillermo Richards Cuevas de San Felipe, luego de la excelente participaci\u00f3n que sus alumnos tuvieron en la 6\u00aa Competencia Folcl\u00f3rica y 8\u00ba Rodeo Nacional del SNA Educa en la Escuela Agr\u00edcola de San Jos\u00e9 de Duao, en donde los sanfelipe\u00f1os representaron el folklore de La Patagonia chilena.<br \/>\nY al decir \u2018excelente participaci\u00f3n\u2019, nos referimos a que nuestros industrialinos retuvieron su t\u00edtulo de Campeones Nacionales 2016 en Folclore. En este caso fueron doce alumnos de los 50 que conforman Pasi\u00f3n Industrialina, grupo de la Industrial que dirige la instructora Gisel Sep\u00falveda Libbrecht, quien alab\u00f3 el desempe\u00f1o de sus pupilos.<\/p>\n<p><strong>YA PROFESIONALES<\/strong><br \/>\n\u00abEsto no se logr\u00f3 sin el apoyo de la Direcci\u00f3n de nuestra escuela, los chicos se esforzaron mucho y ensayamos durante dos meses para poder llegar a la Final y ganarla, \u00e9ramos 20 grupos, todos buen\u00edsimos y muy competitivos, sin embargo lo hicimos mejor nosotros, este a\u00f1o la competencia fue tan dura, que nos obligaron a exigirnos un nivel profesional para poder retener nuestro t\u00edtulo\u00bb, explic\u00f3 Sep\u00falveda a Diario El Trabajo.<br \/>\nUno de los cuadros folcl\u00f3ricos que influy\u00f3 en este campeonato, presentado por los sanfelipe\u00f1os, fue Patagonia, tierra austral de esperanza, as\u00ed, los sanfelipe\u00f1os ganaron no s\u00f3lo el t\u00edtulo nacional, sino tambi\u00e9n la suma de $420.000.<\/p>\n<p><strong>ESCUELA COL\u00cdN<\/strong><br \/>\nPero estos chicos de la Industrial no se limitaron a cumplir con el desaf\u00edo nacional, tambi\u00e9n agendaron visitar una escuela del sector rural de Duao, la Escuela B\u00e1sica de Col\u00edn, en donde ofrecieron una presentaci\u00f3n especial a los estudiantes y profesores del centro educativo.<br \/>\nLos peque\u00f1itos estaban muy contentos con el regalo art\u00edstico que los sanfelipe\u00f1os les hicieron, \u00abpara nuestra escuela es un tremendo m\u00e9rito, hemos logrado patentar nuestro sello de excelencia a nivel nacional, ya son dos a\u00f1os ganados por nuestros alumnos, lo que nos hace seguir trabajando muy duro por nuestro folklore\u00bb, coment\u00f3 a Diario El Trabajo el director de la Escuela Industrial, Andr\u00e9s Vargas Munita.<\/p>\n<p><strong>ESPUELAS DE PLATA<\/strong><br \/>\nUno de los momentos m\u00e1s emotivos para la comitiva sanfelipe\u00f1a, fue cuando por parte del SNA se hizo entrega del Premio Espuelas de Plata 2016 a la profesora sanfelipe\u00f1a y encargada de Pasi\u00f3n Industrialina, Gisel Sep\u00falveda Libbrecht, premio otorgado en reconocimiento a su trayectoria en difusi\u00f3n del folklore a nivel nacional.<\/p>\n<p><strong>GRANDE LA INDUSTRIAL<\/strong><br \/>\nTanto los folcloristas como las colleras, llenan de orgullo a toda la comunidad industrialina, pues el nombre de San Felipe gana puntos a nivel nacional en cada propuesta desarrollada en esta direcci\u00f3n. Por los \u00e9xitos obtenidos en tierras lejanas y por la gallard\u00eda mostrada en esta jornada folcl\u00f3rica y deportiva, quienes laboramos en Diario El Trabajo felicitamos p\u00fablicamente a cada uno de estos estudiantes e instructora.<br \/>\nRoberto Gonz\u00e1lez Short<br \/>\nrgonzalez@eltrabajo.cl<\/p>\n<div class=\"tiled-gallery type-rectangular tiled-gallery-unresized\" data-original-width=\"640\" data-carousel-extra='null' itemscope itemtype=\"http:\/\/schema.org\/ImageGallery\" > <div class=\"gallery-row\" style=\"width: 640px; height: 282px;\" data-original-width=\"640\" data-original-height=\"282\" > <div class=\"gallery-group images-1\" style=\"width: 427px; height: 282px;\" data-original-width=\"427\" data-original-height=\"282\" > <div class=\"tiled-gallery-item tiled-gallery-item-large\" itemprop=\"associatedMedia\" itemscope itemtype=\"http:\/\/schema.org\/ImageObject\"> <a href=\"https:\/\/eltrabajo.cl\/portal\/pasion-industrialina-retiene-su-titulo-de-campeon-nacional-2016-en-folklore\/escuela-colin\/\" border=\"0\" itemprop=\"url\"> <meta itemprop=\"width\" content=\"423\"> <meta itemprop=\"height\" content=\"278\"> <img decoding=\"async\" class=\"\" data-attachment-id=\"68880\" data-orig-file=\"https:\/\/eltrabajo.cl\/portal\/wp-content\/uploads\/2016\/04\/Escuela-Colin.jpg\" data-orig-size=\"530,348\" data-comments-opened=\"1\" data-image-meta=\"{&quot;aperture&quot;:&quot;0&quot;,&quot;credit&quot;:&quot;&quot;,&quot;camera&quot;:&quot;&quot;,&quot;caption&quot;:&quot;&quot;,&quot;created_timestamp&quot;:&quot;0&quot;,&quot;copyright&quot;:&quot;&quot;,&quot;focal_length&quot;:&quot;0&quot;,&quot;iso&quot;:&quot;0&quot;,&quot;shutter_speed&quot;:&quot;0&quot;,&quot;title&quot;:&quot;&quot;,&quot;orientation&quot;:&quot;0&quot;}\" data-image-title=\"ESCUELA COL\u00cdN.- Los peque\u00f1itos de la Escuela B\u00e1sica Col\u00edn, de Duao, posan felices para Diario El Trabajo tras la presentaci\u00f3n ofrecida por nuestros industrialinos.\" data-image-description=\"&lt;p&gt;ESCUELA COL\u00cdN.- Los peque\u00f1itos de la Escuela B\u00e1sica Col\u00edn, de Duao, posan felices para Diario El Trabajo tras la presentaci\u00f3n ofrecida por nuestros industrialinos.&lt;\/p&gt; \" data-medium-file=\"https:\/\/i0.wp.com\/eltrabajo.cl\/portal\/wp-content\/uploads\/2016\/04\/Escuela-Colin.jpg?fit=300%2C197&#038;ssl=1\" data-large-file=\"https:\/\/i0.wp.com\/eltrabajo.cl\/portal\/wp-content\/uploads\/2016\/04\/Escuela-Colin.jpg?fit=530%2C348&#038;ssl=1\" src=\"https:\/\/i0.wp.com\/eltrabajo.cl\/portal\/wp-content\/uploads\/2016\/04\/Escuela-Colin.jpg?w=423&#038;h=278&#038;ssl=1\" srcset=\"https:\/\/i0.wp.com\/eltrabajo.cl\/portal\/wp-content\/uploads\/2016\/04\/Escuela-Colin.jpg?w=530&amp;ssl=1 530w, https:\/\/i0.wp.com\/eltrabajo.cl\/portal\/wp-content\/uploads\/2016\/04\/Escuela-Colin.jpg?resize=200%2C131&amp;ssl=1 200w, https:\/\/i0.wp.com\/eltrabajo.cl\/portal\/wp-content\/uploads\/2016\/04\/Escuela-Colin.jpg?resize=300%2C197&amp;ssl=1 300w, https:\/\/i0.wp.com\/eltrabajo.cl\/portal\/wp-content\/uploads\/2016\/04\/Escuela-Colin.jpg?resize=228%2C150&amp;ssl=1 228w, https:\/\/i0.wp.com\/eltrabajo.cl\/portal\/wp-content\/uploads\/2016\/04\/Escuela-Colin.jpg?resize=400%2C263&amp;ssl=1 400w\" width=\"423\" height=\"278\" loading=\"lazy\" data-original-width=\"423\" data-original-height=\"278\" itemprop=\"http:\/\/schema.org\/image\" title=\"ESCUELA COL\u00cdN.- Los peque\u00f1itos de la Escuela B\u00e1sica Col\u00edn, de Duao, posan felices para Diario El Trabajo tras la presentaci\u00f3n ofrecida por nuestros industrialinos.\" alt=\"ESCUELA COL\u00cdN.- Los peque\u00f1itos de la Escuela B\u00e1sica Col\u00edn, de Duao, posan felices para Diario El Trabajo tras la presentaci\u00f3n ofrecida por nuestros industrialinos.\" style=\"width: 423px; height: 278px;\" \/> <\/a> <div class=\"tiled-gallery-caption\" itemprop=\"caption description\"> ESCUELA COL\u00cdN.- Los peque\u00f1itos de la Escuela B\u00e1sica Col\u00edn, de Duao, posan felices para Diario El Trabajo tras la presentaci\u00f3n ofrecida por nuestros industrialinos. <\/div> <\/div> <\/div> <!-- close group --> <div class=\"gallery-group images-2\" style=\"width: 213px; height: 282px;\" data-original-width=\"213\" data-original-height=\"282\" > <div class=\"tiled-gallery-item tiled-gallery-item-small\" itemprop=\"associatedMedia\" itemscope itemtype=\"http:\/\/schema.org\/ImageObject\"> <a href=\"https:\/\/eltrabajo.cl\/portal\/pasion-industrialina-retiene-su-titulo-de-campeon-nacional-2016-en-folklore\/gisel-sepulveda-libbrecht\/\" border=\"0\" itemprop=\"url\"> <meta itemprop=\"width\" content=\"209\"> <meta itemprop=\"height\" content=\"137\"> <img decoding=\"async\" class=\"\" data-attachment-id=\"68881\" data-orig-file=\"https:\/\/eltrabajo.cl\/portal\/wp-content\/uploads\/2016\/04\/Gisel-Sepulveda-Libbrecht.jpg\" data-orig-size=\"530,348\" data-comments-opened=\"1\" data-image-meta=\"{&quot;aperture&quot;:&quot;0&quot;,&quot;credit&quot;:&quot;&quot;,&quot;camera&quot;:&quot;&quot;,&quot;caption&quot;:&quot;&quot;,&quot;created_timestamp&quot;:&quot;0&quot;,&quot;copyright&quot;:&quot;&quot;,&quot;focal_length&quot;:&quot;0&quot;,&quot;iso&quot;:&quot;0&quot;,&quot;shutter_speed&quot;:&quot;0&quot;,&quot;title&quot;:&quot;&quot;,&quot;orientation&quot;:&quot;0&quot;}\" data-image-title=\"GRANDE PROFE.- Gisel Sep\u00falveda Libbrecht muestra con orgullo a nuestras c\u00e1maras su Premio Espuelas de Plata 2016.\" data-image-description=\"&lt;p&gt;GRANDE PROFE.- Gisel Sep\u00falveda Libbrecht muestra con orgullo a nuestras c\u00e1maras su Premio Espuelas de Plata 2016.&lt;\/p&gt; \" data-medium-file=\"https:\/\/i0.wp.com\/eltrabajo.cl\/portal\/wp-content\/uploads\/2016\/04\/Gisel-Sepulveda-Libbrecht.jpg?fit=300%2C197&#038;ssl=1\" data-large-file=\"https:\/\/i0.wp.com\/eltrabajo.cl\/portal\/wp-content\/uploads\/2016\/04\/Gisel-Sepulveda-Libbrecht.jpg?fit=530%2C348&#038;ssl=1\" src=\"https:\/\/i0.wp.com\/eltrabajo.cl\/portal\/wp-content\/uploads\/2016\/04\/Gisel-Sepulveda-Libbrecht.jpg?w=209&#038;h=137&#038;ssl=1\" srcset=\"https:\/\/i0.wp.com\/eltrabajo.cl\/portal\/wp-content\/uploads\/2016\/04\/Gisel-Sepulveda-Libbrecht.jpg?w=530&amp;ssl=1 530w, https:\/\/i0.wp.com\/eltrabajo.cl\/portal\/wp-content\/uploads\/2016\/04\/Gisel-Sepulveda-Libbrecht.jpg?resize=200%2C131&amp;ssl=1 200w, https:\/\/i0.wp.com\/eltrabajo.cl\/portal\/wp-content\/uploads\/2016\/04\/Gisel-Sepulveda-Libbrecht.jpg?resize=300%2C197&amp;ssl=1 300w, https:\/\/i0.wp.com\/eltrabajo.cl\/portal\/wp-content\/uploads\/2016\/04\/Gisel-Sepulveda-Libbrecht.jpg?resize=228%2C150&amp;ssl=1 228w, https:\/\/i0.wp.com\/eltrabajo.cl\/portal\/wp-content\/uploads\/2016\/04\/Gisel-Sepulveda-Libbrecht.jpg?resize=400%2C263&amp;ssl=1 400w\" width=\"209\" height=\"137\" loading=\"lazy\" data-original-width=\"209\" data-original-height=\"137\" itemprop=\"http:\/\/schema.org\/image\" title=\"GRANDE PROFE.- Gisel Sep\u00falveda Libbrecht muestra con orgullo a nuestras c\u00e1maras su Premio Espuelas de Plata 2016.\" alt=\"GRANDE PROFE.- Gisel Sep\u00falveda Libbrecht muestra con orgullo a nuestras c\u00e1maras su Premio Espuelas de Plata 2016.\" style=\"width: 209px; height: 137px;\" \/> <\/a> <div class=\"tiled-gallery-caption\" itemprop=\"caption description\"> GRANDE PROFE.- Gisel Sep\u00falveda Libbrecht muestra con orgullo a nuestras c\u00e1maras su Premio Espuelas de Plata 2016. <\/div> <\/div> <div class=\"tiled-gallery-item tiled-gallery-item-small\" itemprop=\"associatedMedia\" itemscope itemtype=\"http:\/\/schema.org\/ImageObject\"> <a href=\"https:\/\/eltrabajo.cl\/portal\/pasion-industrialina-retiene-su-titulo-de-campeon-nacional-2016-en-folklore\/jorge-caballero\/\" border=\"0\" itemprop=\"url\"> <meta itemprop=\"width\" content=\"209\"> <meta itemprop=\"height\" content=\"137\"> <img decoding=\"async\" class=\"\" data-attachment-id=\"68882\" data-orig-file=\"https:\/\/eltrabajo.cl\/portal\/wp-content\/uploads\/2016\/04\/Jorge-Caballero.jpg\" data-orig-size=\"530,348\" data-comments-opened=\"1\" data-image-meta=\"{&quot;aperture&quot;:&quot;0&quot;,&quot;credit&quot;:&quot;&quot;,&quot;camera&quot;:&quot;&quot;,&quot;caption&quot;:&quot;&quot;,&quot;created_timestamp&quot;:&quot;0&quot;,&quot;copyright&quot;:&quot;&quot;,&quot;focal_length&quot;:&quot;0&quot;,&quot;iso&quot;:&quot;0&quot;,&quot;shutter_speed&quot;:&quot;0&quot;,&quot;title&quot;:&quot;&quot;,&quot;orientation&quot;:&quot;0&quot;}\" data-image-title=\"BIEN INFORMADO.- El alumno de 4\u00baC de la Escuela Industrial, Jorge Caballero, aprovech\u00f3 las horas de viaje para disfrutar del diario de m\u00e1s venta en Aconcagua.\" data-image-description=\"&lt;p&gt;BIEN INFORMADO.- El alumno de 4\u00baC de la Escuela Industrial, Jorge Caballero, aprovech\u00f3 las horas de viaje para disfrutar del diario de m\u00e1s venta en Aconcagua.&lt;\/p&gt; \" data-medium-file=\"https:\/\/i0.wp.com\/eltrabajo.cl\/portal\/wp-content\/uploads\/2016\/04\/Jorge-Caballero.jpg?fit=300%2C197&#038;ssl=1\" data-large-file=\"https:\/\/i0.wp.com\/eltrabajo.cl\/portal\/wp-content\/uploads\/2016\/04\/Jorge-Caballero.jpg?fit=530%2C348&#038;ssl=1\" src=\"https:\/\/i0.wp.com\/eltrabajo.cl\/portal\/wp-content\/uploads\/2016\/04\/Jorge-Caballero.jpg?w=209&#038;h=137&#038;ssl=1\" srcset=\"https:\/\/i0.wp.com\/eltrabajo.cl\/portal\/wp-content\/uploads\/2016\/04\/Jorge-Caballero.jpg?w=530&amp;ssl=1 530w, https:\/\/i0.wp.com\/eltrabajo.cl\/portal\/wp-content\/uploads\/2016\/04\/Jorge-Caballero.jpg?resize=200%2C131&amp;ssl=1 200w, https:\/\/i0.wp.com\/eltrabajo.cl\/portal\/wp-content\/uploads\/2016\/04\/Jorge-Caballero.jpg?resize=300%2C197&amp;ssl=1 300w, https:\/\/i0.wp.com\/eltrabajo.cl\/portal\/wp-content\/uploads\/2016\/04\/Jorge-Caballero.jpg?resize=228%2C150&amp;ssl=1 228w, https:\/\/i0.wp.com\/eltrabajo.cl\/portal\/wp-content\/uploads\/2016\/04\/Jorge-Caballero.jpg?resize=400%2C263&amp;ssl=1 400w\" width=\"209\" height=\"137\" loading=\"lazy\" data-original-width=\"209\" data-original-height=\"137\" itemprop=\"http:\/\/schema.org\/image\" title=\"BIEN INFORMADO.- El alumno de 4\u00baC de la Escuela Industrial, Jorge Caballero, aprovech\u00f3 las horas de viaje para disfrutar del diario de m\u00e1s venta en Aconcagua.\" alt=\"BIEN INFORMADO.- El alumno de 4\u00baC de la Escuela Industrial, Jorge Caballero, aprovech\u00f3 las horas de viaje para disfrutar del diario de m\u00e1s venta en Aconcagua.\" style=\"width: 209px; height: 137px;\" \/> <\/a> <div class=\"tiled-gallery-caption\" itemprop=\"caption description\"> BIEN INFORMADO.- El alumno de 4\u00baC de la Escuela Industrial, Jorge Caballero, aprovech\u00f3 las horas de viaje para disfrutar del diario de m\u00e1s venta en Aconcagua. <\/div> <\/div> <\/div> <!-- close group --> <\/div> <!-- close row --> <div class=\"gallery-row\" style=\"width: 640px; height: 212px;\" data-original-width=\"640\" data-original-height=\"212\" > <div class=\"gallery-group images-1\" style=\"width: 319px; height: 212px;\" data-original-width=\"319\" data-original-height=\"212\" > <div class=\"tiled-gallery-item tiled-gallery-item-large\" itemprop=\"associatedMedia\" itemscope itemtype=\"http:\/\/schema.org\/ImageObject\"> <a href=\"https:\/\/eltrabajo.cl\/portal\/pasion-industrialina-retiene-su-titulo-de-campeon-nacional-2016-en-folklore\/pasion33-2\/\" border=\"0\" itemprop=\"url\"> <meta itemprop=\"width\" content=\"315\"> <meta itemprop=\"height\" content=\"208\"> <img decoding=\"async\" class=\"\" data-attachment-id=\"68883\" data-orig-file=\"https:\/\/eltrabajo.cl\/portal\/wp-content\/uploads\/2016\/04\/Pasion33-1.jpg\" data-orig-size=\"530,350\" data-comments-opened=\"1\" data-image-meta=\"{&quot;aperture&quot;:&quot;0&quot;,&quot;credit&quot;:&quot;&quot;,&quot;camera&quot;:&quot;&quot;,&quot;caption&quot;:&quot;&quot;,&quot;created_timestamp&quot;:&quot;0&quot;,&quot;copyright&quot;:&quot;&quot;,&quot;focal_length&quot;:&quot;0&quot;,&quot;iso&quot;:&quot;0&quot;,&quot;shutter_speed&quot;:&quot;0&quot;,&quot;title&quot;:&quot;&quot;,&quot;orientation&quot;:&quot;0&quot;}\" data-image-title=\"LOS CAMPEONES.- Ellos son los bailarines de la Escuela Industrial de San Felipe, quienes por segundo a\u00f1o consecutivo ostentan el t\u00edtulo de Campeones Nacionales en Folklore de la SNA.\" data-image-description=\"&lt;p&gt;LOS CAMPEONES.- Ellos son los bailarines de la Escuela Industrial de San Felipe, quienes por segundo a\u00f1o consecutivo ostentan el t\u00edtulo de Campeones Nacionales en Folklore de la SNA.&lt;\/p&gt; \" data-medium-file=\"https:\/\/i0.wp.com\/eltrabajo.cl\/portal\/wp-content\/uploads\/2016\/04\/Pasion33-1.jpg?fit=300%2C198&#038;ssl=1\" data-large-file=\"https:\/\/i0.wp.com\/eltrabajo.cl\/portal\/wp-content\/uploads\/2016\/04\/Pasion33-1.jpg?fit=530%2C350&#038;ssl=1\" src=\"https:\/\/i0.wp.com\/eltrabajo.cl\/portal\/wp-content\/uploads\/2016\/04\/Pasion33-1.jpg?w=315&#038;h=208&#038;ssl=1\" srcset=\"https:\/\/i0.wp.com\/eltrabajo.cl\/portal\/wp-content\/uploads\/2016\/04\/Pasion33-1.jpg?w=530&amp;ssl=1 530w, https:\/\/i0.wp.com\/eltrabajo.cl\/portal\/wp-content\/uploads\/2016\/04\/Pasion33-1.jpg?resize=200%2C132&amp;ssl=1 200w, https:\/\/i0.wp.com\/eltrabajo.cl\/portal\/wp-content\/uploads\/2016\/04\/Pasion33-1.jpg?resize=300%2C198&amp;ssl=1 300w, https:\/\/i0.wp.com\/eltrabajo.cl\/portal\/wp-content\/uploads\/2016\/04\/Pasion33-1.jpg?resize=227%2C150&amp;ssl=1 227w, https:\/\/i0.wp.com\/eltrabajo.cl\/portal\/wp-content\/uploads\/2016\/04\/Pasion33-1.jpg?resize=400%2C264&amp;ssl=1 400w\" width=\"315\" height=\"208\" loading=\"lazy\" data-original-width=\"315\" data-original-height=\"208\" itemprop=\"http:\/\/schema.org\/image\" title=\"LOS CAMPEONES.- Ellos son los bailarines de la Escuela Industrial de San Felipe, quienes por segundo a\u00f1o consecutivo ostentan el t\u00edtulo de Campeones Nacionales en Folklore de la SNA.\" alt=\"LOS CAMPEONES.- Ellos son los bailarines de la Escuela Industrial de San Felipe, quienes por segundo a\u00f1o consecutivo ostentan el t\u00edtulo de Campeones Nacionales en Folklore de la SNA.\" style=\"width: 315px; height: 208px;\" \/> <\/a> <div class=\"tiled-gallery-caption\" itemprop=\"caption description\"> LOS CAMPEONES.- Ellos son los bailarines de la Escuela Industrial de San Felipe, quienes por segundo a\u00f1o consecutivo ostentan el t\u00edtulo de Campeones Nacionales en Folklore de la SNA. <\/div> <\/div> <\/div> <!-- close group --> <div class=\"gallery-group images-1\" style=\"width: 321px; height: 212px;\" data-original-width=\"321\" data-original-height=\"212\" > <div class=\"tiled-gallery-item tiled-gallery-item-large\" itemprop=\"associatedMedia\" itemscope itemtype=\"http:\/\/schema.org\/ImageObject\"> <a href=\"https:\/\/eltrabajo.cl\/portal\/pasion-industrialina-retiene-su-titulo-de-campeon-nacional-2016-en-folklore\/andres-vargas-6\/\" border=\"0\" itemprop=\"url\"> <meta itemprop=\"width\" content=\"317\"> <meta itemprop=\"height\" content=\"208\"> <img decoding=\"async\" class=\"\" data-attachment-id=\"68884\" data-orig-file=\"https:\/\/eltrabajo.cl\/portal\/wp-content\/uploads\/2016\/04\/Andres-Vargas.jpg\" data-orig-size=\"530,348\" data-comments-opened=\"1\" data-image-meta=\"{&quot;aperture&quot;:&quot;0&quot;,&quot;credit&quot;:&quot;&quot;,&quot;camera&quot;:&quot;&quot;,&quot;caption&quot;:&quot;&quot;,&quot;created_timestamp&quot;:&quot;0&quot;,&quot;copyright&quot;:&quot;&quot;,&quot;focal_length&quot;:&quot;0&quot;,&quot;iso&quot;:&quot;0&quot;,&quot;shutter_speed&quot;:&quot;0&quot;,&quot;title&quot;:&quot;&quot;,&quot;orientation&quot;:&quot;0&quot;}\" data-image-title=\"Director de la Escuela Industrial, Andr\u00e9s Vargas Munita.\" data-image-description=\"&lt;p&gt;Director de la Escuela Industrial, Andr\u00e9s Vargas Munita.&lt;\/p&gt; \" data-medium-file=\"https:\/\/i0.wp.com\/eltrabajo.cl\/portal\/wp-content\/uploads\/2016\/04\/Andres-Vargas.jpg?fit=300%2C197&#038;ssl=1\" data-large-file=\"https:\/\/i0.wp.com\/eltrabajo.cl\/portal\/wp-content\/uploads\/2016\/04\/Andres-Vargas.jpg?fit=530%2C348&#038;ssl=1\" src=\"https:\/\/i0.wp.com\/eltrabajo.cl\/portal\/wp-content\/uploads\/2016\/04\/Andres-Vargas.jpg?w=317&#038;h=208&#038;ssl=1\" srcset=\"https:\/\/i0.wp.com\/eltrabajo.cl\/portal\/wp-content\/uploads\/2016\/04\/Andres-Vargas.jpg?w=530&amp;ssl=1 530w, https:\/\/i0.wp.com\/eltrabajo.cl\/portal\/wp-content\/uploads\/2016\/04\/Andres-Vargas.jpg?resize=200%2C131&amp;ssl=1 200w, https:\/\/i0.wp.com\/eltrabajo.cl\/portal\/wp-content\/uploads\/2016\/04\/Andres-Vargas.jpg?resize=300%2C197&amp;ssl=1 300w, https:\/\/i0.wp.com\/eltrabajo.cl\/portal\/wp-content\/uploads\/2016\/04\/Andres-Vargas.jpg?resize=228%2C150&amp;ssl=1 228w, https:\/\/i0.wp.com\/eltrabajo.cl\/portal\/wp-content\/uploads\/2016\/04\/Andres-Vargas.jpg?resize=400%2C263&amp;ssl=1 400w\" width=\"317\" height=\"208\" loading=\"lazy\" data-original-width=\"317\" data-original-height=\"208\" itemprop=\"http:\/\/schema.org\/image\" title=\"Director de la Escuela Industrial, Andr\u00e9s Vargas Munita.\" alt=\"Director de la Escuela Industrial, Andr\u00e9s Vargas Munita.\" style=\"width: 317px; height: 208px;\" \/> <\/a> <div class=\"tiled-gallery-caption\" itemprop=\"caption description\"> Director de la Escuela Industrial, Andr\u00e9s Vargas Munita. <\/div> <\/div> <\/div> <!-- close group --> <\/div> <!-- close row --> <\/div>\n","protected":false},"excerpt":{"rendered":"<p>Directora del grupo gan\u00f3 adem\u00e1s el Premio Espuelas de Plata: Un gran aire triunfal se respira en las aulas de la Escuela Industrial Guillermo Richards Cuevas de San Felipe, luego de la&#8230;<\/p>\n","protected":false},"author":1,"featured_media":68883,"comment_status":"open","ping_status":"open","sticky":false,"template":"","format":"standard","meta":{"advanced_seo_description":"","jetpack_seo_html_title":"","jetpack_seo_noindex":false,"_jetpack_memberships_contains_paid_content":false,"footnotes":""},"categories":[15],"tags":[],"class_list":["post-68879","post","type-post","status-publish","format-standard","has-post-thumbnail","hentry","category-comunidad"],"jetpack_featured_media_url":"https:\/\/i0.wp.com\/eltrabajo.cl\/portal\/wp-content\/uploads\/2016\/04\/Pasion33-1.jpg?fit=530%2C350&ssl=1","jetpack_sharing_enabled":true,"jetpack_likes_enabled":true,"jetpack-related-posts":[],"_links":{"self":[{"href":"https:\/\/eltrabajo.cl\/portal\/wp-json\/wp\/v2\/posts\/68879","targetHints":{"allow":["GET"]}}],"collection":[{"href":"https:\/\/eltrabajo.cl\/portal\/wp-json\/wp\/v2\/posts"}],"about":[{"href":"https:\/\/eltrabajo.cl\/portal\/wp-json\/wp\/v2\/types\/post"}],"author":[{"embeddable":true,"href":"https:\/\/eltrabajo.cl\/portal\/wp-json\/wp\/v2\/users\/1"}],"replies":[{"embeddable":true,"href":"https:\/\/eltrabajo.cl\/portal\/wp-json\/wp\/v2\/comments?post=68879"}],"version-history":[{"count":0,"href":"https:\/\/eltrabajo.cl\/portal\/wp-json\/wp\/v2\/posts\/68879\/revisions"}],"wp:featuredmedia":[{"embeddable":true,"href":"https:\/\/eltrabajo.cl\/portal\/wp-json\/wp\/v2\/media\/68883"}],"wp:attachment":[{"href":"https:\/\/eltrabajo.cl\/portal\/wp-json\/wp\/v2\/media?parent=68879"}],"wp:term":[{"taxonomy":"category","embeddable":true,"href":"https:\/\/eltrabajo.cl\/portal\/wp-json\/wp\/v2\/categories?post=68879"},{"taxonomy":"post_tag","embeddable":true,"href":"https:\/\/eltrabajo.cl\/portal\/wp-json\/wp\/v2\/tags?post=68879"}],"curies":[{"name":"wp","href":"https:\/\/api.w.org\/{rel}","templated":true}]}}