{"id":68886,"date":"2016-04-19T08:56:02","date_gmt":"2016-04-19T11:56:02","guid":{"rendered":"http:\/\/www.eltrabajo.cl\/portal\/?p=68886"},"modified":"2016-04-19T08:56:02","modified_gmt":"2016-04-19T11:56:02","slug":"sede-vecinal-de-el-senorial-colapso-por-las-intensas-lluvias","status":"publish","type":"post","link":"https:\/\/eltrabajo.cl\/portal\/sede-vecinal-de-el-senorial-colapso-por-las-intensas-lluvias\/","title":{"rendered":"Sede vecinal de El Se\u00f1orial colaps\u00f3 por las intensas lluvias"},"content":{"rendered":"<p><strong>Equipos de audio, parlantes y una cocina resultaron da\u00f1adas:<\/strong><br \/>\nM\u00e1s que seguir estando en muy mal estado, tal como lo anunciamos hace pocos meses en Diario El Trabajo, la sede comunitaria de villa El Se\u00f1orial lo que necesita es un rescate inmediato o una reconstrucci\u00f3n total, ya que las recientes lluvias est\u00e1n terminando de destruirla.<br \/>\nLa anegaci\u00f3n de este inmueble qued\u00f3 al descubierto tras una visita realizada por nuestro medio, en donde pudimos apreciar los electrodom\u00e9sticos totalmente mojados; el cielo raso podrido y cay\u00e9ndose a pedazos; los muebles hinchados por la humedad y el agua en todas partes, lo que oblig\u00f3 a la presidente de esta junta vecinal a solicitar la intervenci\u00f3n de las autoridades correspondientes.<br \/>\n\u00abEstamos hablando de equipo electr\u00f3nico de sonido, parlantes, una cocina nueva y otras cosas de gran utilidad, las que est\u00e1n anegadas, nunca nos imaginamos tanta agua y creo que ser\u00eda una pena que llegaran a estar inservibles\u00bb, dijo \u00c9rika \u00c1lvarez.<\/p>\n<p><strong>PROBLEMA DE TODOS<\/strong><br \/>\nEn villa El Se\u00f1orial son m\u00e1s de 500 familias las que pr\u00e1cticamente prefieren no asistir a reuniones ni a las actividades que la junta vecinal convoca, porque simplemente sienten temor de los delincuentes juveniles que merodean en ese sector, destruyendo el techo, las ventanas, bebiendo licor y fumando drogas, quebrando los vidrios y atemorizando a quienes les piden respeto por el bien p\u00fablico.<br \/>\nAunque ese es el panorama actual y las cosas no pintan bien, lo cierto del caso es que la junta vecinal del sector y el Secplac, est\u00e1n dispuestos a cambiar esta situaci\u00f3n para beneficio de los vecinos.<br \/>\n\u00abNuestra situaci\u00f3n es desesperante, el techo de nuestra sede es un desastre; las paredes en mal estado; todos los vidrios rotos y el piso hecho un desastre, nos cuesta mantener el orden en este lugar y no podemos hacer Bingo alguno, por eso estamos bastante preocupados la directiva y los vecinos\u00bb, coment\u00f3 \u00c1lvarez.<br \/>\nTambi\u00e9n ayer se hizo presente tras el llamado de \u00c1lvarez, el presidente de la Unco de juntas vecinales, Francisco Valenzuela, quien explic\u00f3 que \u00abson 110 las juntas de vecinos que hay activas en San Felipe, de las cuales s\u00f3lo esta sede es la que presenta problemas de anegamiento, de momento estamos coordinando con la Dideco del Municipio, para que al menos suministren pl\u00e1sticos y se evite que los recursos de la sede se da\u00f1en totalmente\u00bb.<\/p>\n<p><strong>HAY ESPERANZA<\/strong><br \/>\nLo bueno en esta situaci\u00f3n, es que el Municipio les est\u00e1 echando una mano a estos vecinos, ya que est\u00e1 en marcha un proyecto de Reposici\u00f3n del inmueble. O sea, que ser\u00e1 demolida para crear una nueva sede.<br \/>\n\u00abSeg\u00fan coordinamos con don Claudio Paredes del Secplac, este a\u00f1o 2016 nos estar\u00e1n dando una soluci\u00f3n definitiva a nuestro problema, porque cuando esta sede se cre\u00f3, eran otros tiempos, \u00e9ramos pocas familias y las familias eran menos, ahora el tema es distinto\u00bb, agreg\u00f3 la dirigente a nuestro medio.<\/p>\n<p><strong>SON $130 MILLONES<\/strong><br \/>\nEsta sede se encuentra actualmente en Calle Marta Haramboure sin nombre, est\u00e1 casi tomada por j\u00f3venes que se re\u00fanen en las afueras de la sede para embriagarse y hacer vandalismo.<br \/>\nDiario El Trabajo habl\u00f3 en diciembre de 2015 con Claudio Paredes C\u00e1rdenas, director del Secplac, quien explic\u00f3 en su momento que \u00abnosotros establecimos una planificaci\u00f3n de trabajo para las sedes que vamos a reponer en el periodos del alcalde Patricio Freire, ya iniciamos la construcci\u00f3n de tres sedes, la de Bernardo Cruz que es una sede nueva; seguimos ejecutando la sede de villa El Descanso y para 2016 y estamos en trabajos de La Santita y multicancha\u00bb, dijo Paredes.<br \/>\nEn materia de seguridad, Paredes explic\u00f3 que cada una de estas sedes contemplan cierre perimetral y techumbre m\u00e1s altos.<br \/>\n\u00abPara 2016 tenemos varios proyectos en Carpeta, estoy hablando tambi\u00e9n de villa El Se\u00f1orial, cada una de las ventanas ir\u00e1n con su refuerzo met\u00e1lico; techos m\u00e1s altos y malla met\u00e1lica, para evitar que entren al recinto. Lo que nos plantea la junta de vecinos en cuanto a la \u2018olla\u2019 de cemento, es que esa parte no cumple funci\u00f3n alguna, por lo que construiremos sobre ese lugar la nueva sede\u00bb, agreg\u00f3 el funcionario.<br \/>\nRoberto Gonz\u00e1lez Short<br \/>\nrgonzalez@eltrabajo.cl<\/p>\n<figure id=\"attachment_68888\" aria-describedby=\"caption-attachment-68888\" style=\"width: 530px\" class=\"wp-caption alignleft\"><a href=\"http:\/\/www.eltrabajo.cl\/portal\/sede-vecinal-de-el-senorial-colapso-por-las-intensas-lluvias\/sede2-2\/\" rel=\"attachment wp-att-68888\"><img data-recalc-dims=\"1\" loading=\"lazy\" decoding=\"async\" class=\"size-full wp-image-68888\" src=\"https:\/\/i0.wp.com\/www.eltrabajo.cl\/portal\/wp-content\/uploads\/2016\/04\/Sede2.jpg?resize=530%2C350\" alt=\"URGE ESTA NUEVA SEDE.- De momento hay un proyecto en carpeta, esperando a ser ejecutado por el municipio.\" width=\"530\" height=\"350\" srcset=\"https:\/\/i0.wp.com\/eltrabajo.cl\/portal\/wp-content\/uploads\/2016\/04\/Sede2.jpg?w=530&amp;ssl=1 530w, https:\/\/i0.wp.com\/eltrabajo.cl\/portal\/wp-content\/uploads\/2016\/04\/Sede2.jpg?resize=200%2C132&amp;ssl=1 200w, https:\/\/i0.wp.com\/eltrabajo.cl\/portal\/wp-content\/uploads\/2016\/04\/Sede2.jpg?resize=300%2C198&amp;ssl=1 300w, https:\/\/i0.wp.com\/eltrabajo.cl\/portal\/wp-content\/uploads\/2016\/04\/Sede2.jpg?resize=227%2C150&amp;ssl=1 227w, https:\/\/i0.wp.com\/eltrabajo.cl\/portal\/wp-content\/uploads\/2016\/04\/Sede2.jpg?resize=400%2C264&amp;ssl=1 400w\" sizes=\"auto, (max-width: 530px) 100vw, 530px\" \/><\/a><figcaption id=\"caption-attachment-68888\" class=\"wp-caption-text\">URGE ESTA NUEVA SEDE.- De momento hay un proyecto en carpeta, esperando a ser ejecutado por el municipio.<\/figcaption><\/figure>\n<figure id=\"attachment_68887\" aria-describedby=\"caption-attachment-68887\" style=\"width: 530px\" class=\"wp-caption alignleft\"><a href=\"http:\/\/www.eltrabajo.cl\/portal\/sede-vecinal-de-el-senorial-colapso-por-las-intensas-lluvias\/sede1-6\/\" rel=\"attachment wp-att-68887\"><img data-recalc-dims=\"1\" loading=\"lazy\" decoding=\"async\" class=\"size-full wp-image-68887\" src=\"https:\/\/i0.wp.com\/www.eltrabajo.cl\/portal\/wp-content\/uploads\/2016\/04\/Sede1.jpg?resize=530%2C349\" alt=\"ANEGADOS.- Ayer en horas de la tarde Valenzuela y \u00c1lvarez intentaban salvar los recursos de la junta vecinal.\" width=\"530\" height=\"349\" srcset=\"https:\/\/i0.wp.com\/eltrabajo.cl\/portal\/wp-content\/uploads\/2016\/04\/Sede1.jpg?w=530&amp;ssl=1 530w, https:\/\/i0.wp.com\/eltrabajo.cl\/portal\/wp-content\/uploads\/2016\/04\/Sede1.jpg?resize=200%2C132&amp;ssl=1 200w, https:\/\/i0.wp.com\/eltrabajo.cl\/portal\/wp-content\/uploads\/2016\/04\/Sede1.jpg?resize=300%2C198&amp;ssl=1 300w, https:\/\/i0.wp.com\/eltrabajo.cl\/portal\/wp-content\/uploads\/2016\/04\/Sede1.jpg?resize=228%2C150&amp;ssl=1 228w, https:\/\/i0.wp.com\/eltrabajo.cl\/portal\/wp-content\/uploads\/2016\/04\/Sede1.jpg?resize=400%2C263&amp;ssl=1 400w\" sizes=\"auto, (max-width: 530px) 100vw, 530px\" \/><\/a><figcaption id=\"caption-attachment-68887\" class=\"wp-caption-text\">ANEGADOS.- Ayer en horas de la tarde Valenzuela y \u00c1lvarez intentaban salvar los recursos de la junta vecinal.<\/figcaption><\/figure>\n","protected":false},"excerpt":{"rendered":"<p>Equipos de audio, parlantes y una cocina resultaron da\u00f1adas: M\u00e1s que seguir estando en muy mal estado, tal como lo anunciamos hace pocos meses en Diario El Trabajo, la sede comunitaria de&#8230;<\/p>\n","protected":false},"author":1,"featured_media":68887,"comment_status":"open","ping_status":"open","sticky":false,"template":"","format":"standard","meta":{"advanced_seo_description":"","jetpack_seo_html_title":"","jetpack_seo_noindex":false,"_jetpack_memberships_contains_paid_content":false,"footnotes":""},"categories":[15],"tags":[],"class_list":["post-68886","post","type-post","status-publish","format-standard","has-post-thumbnail","hentry","category-comunidad"],"jetpack_featured_media_url":"https:\/\/i0.wp.com\/eltrabajo.cl\/portal\/wp-content\/uploads\/2016\/04\/Sede1.jpg?fit=530%2C349&ssl=1","jetpack_sharing_enabled":true,"jetpack_likes_enabled":true,"jetpack-related-posts":[],"_links":{"self":[{"href":"https:\/\/eltrabajo.cl\/portal\/wp-json\/wp\/v2\/posts\/68886","targetHints":{"allow":["GET"]}}],"collection":[{"href":"https:\/\/eltrabajo.cl\/portal\/wp-json\/wp\/v2\/posts"}],"about":[{"href":"https:\/\/eltrabajo.cl\/portal\/wp-json\/wp\/v2\/types\/post"}],"author":[{"embeddable":true,"href":"https:\/\/eltrabajo.cl\/portal\/wp-json\/wp\/v2\/users\/1"}],"replies":[{"embeddable":true,"href":"https:\/\/eltrabajo.cl\/portal\/wp-json\/wp\/v2\/comments?post=68886"}],"version-history":[{"count":0,"href":"https:\/\/eltrabajo.cl\/portal\/wp-json\/wp\/v2\/posts\/68886\/revisions"}],"wp:featuredmedia":[{"embeddable":true,"href":"https:\/\/eltrabajo.cl\/portal\/wp-json\/wp\/v2\/media\/68887"}],"wp:attachment":[{"href":"https:\/\/eltrabajo.cl\/portal\/wp-json\/wp\/v2\/media?parent=68886"}],"wp:term":[{"taxonomy":"category","embeddable":true,"href":"https:\/\/eltrabajo.cl\/portal\/wp-json\/wp\/v2\/categories?post=68886"},{"taxonomy":"post_tag","embeddable":true,"href":"https:\/\/eltrabajo.cl\/portal\/wp-json\/wp\/v2\/tags?post=68886"}],"curies":[{"name":"wp","href":"https:\/\/api.w.org\/{rel}","templated":true}]}}