{"id":68891,"date":"2016-04-19T08:57:54","date_gmt":"2016-04-19T11:57:54","guid":{"rendered":"http:\/\/www.eltrabajo.cl\/portal\/?p=68891"},"modified":"2016-04-19T08:57:54","modified_gmt":"2016-04-19T11:57:54","slug":"en-prision-preventiva-sujeto-que-habria-dado-muerte-a-joven-de-un-escopetazo","status":"publish","type":"post","link":"https:\/\/eltrabajo.cl\/portal\/en-prision-preventiva-sujeto-que-habria-dado-muerte-a-joven-de-un-escopetazo\/","title":{"rendered":"En prisi\u00f3n preventiva sujeto que habr\u00eda dado muerte a joven de un escopetazo"},"content":{"rendered":"<p><strong>Formalizado por homicidio simple:<\/strong><br \/>\nEl Tribunal de Garant\u00eda de San Felipe declar\u00f3 legal la detenci\u00f3n del imputado, fijando un plazo de investigaci\u00f3n de tres meses para que la Fiscal\u00eda investigue el crimen ocurrido en la villa Santa Teresita de San Felipe el pasado viernes.<br \/>\nPor el delito de homicidio simple fue formalizado el d\u00eda de ayer en Tribunales, el estudiante de Ingenier\u00eda en Prevenci\u00f3n de Riesgos, Christopher D\u00edaz Villagra, tras ser sindicado como supuesto autor de la muerte del joven padre Marcelo Albi\u00f1a P\u00e1ez de 24 a\u00f1os de edad, quien result\u00f3 herido de un certero escopetazo. El joven imputado qued\u00f3 sujeto a la m\u00e1xima cautelar de prisi\u00f3n preventiva.<br \/>\nLa Fiscal\u00eda de San Felipe investigar\u00e1 los hechos ocurridos el pasado viernes 15 de abril a eso de las 21:00 horas, momentos en los que se habr\u00eda producido una violenta discusi\u00f3n y agresi\u00f3n en calle Costanera Norte de dicho sector. La agresi\u00f3n fue propinada por cuatro sujetos, entre ellos el actual imputado, contra Albi\u00f1a P\u00e1ez.<br \/>\nLos primeros antecedentes policiales arrojan que tres hermanos junto a un t\u00edo residente de la misma villa, habr\u00edan abordado en la v\u00eda p\u00fablica a Marcelo Albi\u00f1a, quien se encontraba junto a su pareja y su peque\u00f1o hijo de nueve meses. Aparentemente por rencillas anteriores, en el lugar se origin\u00f3 una agresi\u00f3n a golpes que fue advertida por otros vecinos que denunciaron el episodio a Carabineros v\u00eda telef\u00f3nica.<br \/>\nDos de los involucrados habr\u00edan reducido a Albi\u00f1a para golpearlo, pero seg\u00fan se pudo conocer, el imputado Christopher D\u00edaz Villagra habr\u00eda tenido en su poder una escopeta con la que habr\u00eda disparado directamente en el pecho del joven padre que cay\u00f3 desplomado. Posteriormente los agresores se refugiaron en sus viviendas, mientras que unos vecinos trasladaron al herido hasta el Hospital San Camilo, falleciendo pocas horas m\u00e1s tarde.<br \/>\nTras las declaraciones de testigos de los hechos y de la pareja de la v\u00edctima, los tres hermanos acusados fueron detenidos por la polic\u00eda uniformada desde un domicilio, siendo uno de ellos el imputado. Al interior de la vivienda Carabineros incaut\u00f3 un cartucho de escopeta percutado y 100 gramos de marihuana. Asimismo, el cuarto involucrado, t\u00edo de los otros detenidos, fue capturado en su vivienda.<br \/>\nAl d\u00eda siguiente por disposici\u00f3n de la Fiscal\u00eda, tras las declaraciones de los acusados, tres de ellos fueron dejados en libertad mientras que D\u00edaz Villagra qued\u00f3 detenido por ser el supuesto autor del crimen. Durante la ma\u00f1ana del pasado s\u00e1bado en el Juzgado de Garant\u00eda de San Felipe, la Defensa del acusado discuti\u00f3 la ilegalidad de la detenci\u00f3n, sin embargo el Tribunal declar\u00f3 legal la detenci\u00f3n de la polic\u00eda uniformada ante la ocurrencia de un homicidio, ampliando la privaci\u00f3n de la libertad del imputado hasta ayer lunes para ser formalizado.<br \/>\nEs as\u00ed que el Ministerio P\u00fablico reuni\u00f3 pericias del Laboratorio de Criminal\u00edstica de la Polic\u00eda de Investigaciones que lleva el caso, como asimismo el informe de autopsia de la v\u00edctima emitido por el Servicio M\u00e9dico Legal, sosteniendo que la libertad del actual imputado es un serio peligro para la seguridad de la sociedad.<br \/>\nFinalmente el Tribunal resolvi\u00f3 acoger la tesis de la Fiscal\u00eda decretando la cautelar de prisi\u00f3n preventiva por un plazo de 90 d\u00edas fijados para la investigaci\u00f3n del caso.<br \/>\n<strong>Pablo Salinas Sald\u00edas<\/strong><\/p>\n<figure id=\"attachment_68892\" aria-describedby=\"caption-attachment-68892\" style=\"width: 530px\" class=\"wp-caption alignleft\"><a href=\"http:\/\/www.eltrabajo.cl\/portal\/en-prision-preventiva-sujeto-que-habria-dado-muerte-a-joven-de-un-escopetazo\/christopher-diaz-villagra\/\" rel=\"attachment wp-att-68892\"><img data-recalc-dims=\"1\" loading=\"lazy\" decoding=\"async\" class=\"size-full wp-image-68892\" src=\"https:\/\/i0.wp.com\/www.eltrabajo.cl\/portal\/wp-content\/uploads\/2016\/04\/CHRISTOPHER-DIAZ-VILLAGRA.jpg?resize=530%2C349\" alt=\"El estudiante de Ingenier\u00eda en Prevenci\u00f3n de Riesgos, Christopher D\u00edaz Villagra es sindicado como presunto autor del disparo que acab\u00f3 con la vida de un joven padre de 24 a\u00f1os en la villa Santa Teresita de San Felipe.\" width=\"530\" height=\"349\" srcset=\"https:\/\/i0.wp.com\/eltrabajo.cl\/portal\/wp-content\/uploads\/2016\/04\/CHRISTOPHER-DIAZ-VILLAGRA.jpg?w=530&amp;ssl=1 530w, https:\/\/i0.wp.com\/eltrabajo.cl\/portal\/wp-content\/uploads\/2016\/04\/CHRISTOPHER-DIAZ-VILLAGRA.jpg?resize=200%2C132&amp;ssl=1 200w, https:\/\/i0.wp.com\/eltrabajo.cl\/portal\/wp-content\/uploads\/2016\/04\/CHRISTOPHER-DIAZ-VILLAGRA.jpg?resize=300%2C198&amp;ssl=1 300w, https:\/\/i0.wp.com\/eltrabajo.cl\/portal\/wp-content\/uploads\/2016\/04\/CHRISTOPHER-DIAZ-VILLAGRA.jpg?resize=228%2C150&amp;ssl=1 228w, https:\/\/i0.wp.com\/eltrabajo.cl\/portal\/wp-content\/uploads\/2016\/04\/CHRISTOPHER-DIAZ-VILLAGRA.jpg?resize=400%2C263&amp;ssl=1 400w\" sizes=\"auto, (max-width: 530px) 100vw, 530px\" \/><\/a><figcaption id=\"caption-attachment-68892\" class=\"wp-caption-text\">El estudiante de Ingenier\u00eda en Prevenci\u00f3n de Riesgos, Christopher D\u00edaz Villagra es sindicado como presunto autor del disparo que acab\u00f3 con la vida de un joven padre de 24 a\u00f1os en la villa Santa Teresita de San Felipe.<\/figcaption><\/figure>\n","protected":false},"excerpt":{"rendered":"<p>Formalizado por homicidio simple: El Tribunal de Garant\u00eda de San Felipe declar\u00f3 legal la detenci\u00f3n del imputado, fijando un plazo de investigaci\u00f3n de tres meses para que la Fiscal\u00eda investigue el crimen&#8230;<\/p>\n","protected":false},"author":1,"featured_media":68892,"comment_status":"open","ping_status":"open","sticky":false,"template":"","format":"standard","meta":{"advanced_seo_description":"","jetpack_seo_html_title":"","jetpack_seo_noindex":false,"_jetpack_memberships_contains_paid_content":false,"footnotes":""},"categories":[21],"tags":[],"class_list":["post-68891","post","type-post","status-publish","format-standard","has-post-thumbnail","hentry","category-policial"],"jetpack_featured_media_url":"https:\/\/i0.wp.com\/eltrabajo.cl\/portal\/wp-content\/uploads\/2016\/04\/CHRISTOPHER-DIAZ-VILLAGRA.jpg?fit=530%2C349&ssl=1","jetpack_sharing_enabled":true,"jetpack_likes_enabled":true,"jetpack-related-posts":[],"_links":{"self":[{"href":"https:\/\/eltrabajo.cl\/portal\/wp-json\/wp\/v2\/posts\/68891","targetHints":{"allow":["GET"]}}],"collection":[{"href":"https:\/\/eltrabajo.cl\/portal\/wp-json\/wp\/v2\/posts"}],"about":[{"href":"https:\/\/eltrabajo.cl\/portal\/wp-json\/wp\/v2\/types\/post"}],"author":[{"embeddable":true,"href":"https:\/\/eltrabajo.cl\/portal\/wp-json\/wp\/v2\/users\/1"}],"replies":[{"embeddable":true,"href":"https:\/\/eltrabajo.cl\/portal\/wp-json\/wp\/v2\/comments?post=68891"}],"version-history":[{"count":0,"href":"https:\/\/eltrabajo.cl\/portal\/wp-json\/wp\/v2\/posts\/68891\/revisions"}],"wp:featuredmedia":[{"embeddable":true,"href":"https:\/\/eltrabajo.cl\/portal\/wp-json\/wp\/v2\/media\/68892"}],"wp:attachment":[{"href":"https:\/\/eltrabajo.cl\/portal\/wp-json\/wp\/v2\/media?parent=68891"}],"wp:term":[{"taxonomy":"category","embeddable":true,"href":"https:\/\/eltrabajo.cl\/portal\/wp-json\/wp\/v2\/categories?post=68891"},{"taxonomy":"post_tag","embeddable":true,"href":"https:\/\/eltrabajo.cl\/portal\/wp-json\/wp\/v2\/tags?post=68891"}],"curies":[{"name":"wp","href":"https:\/\/api.w.org\/{rel}","templated":true}]}}