{"id":68895,"date":"2016-04-19T09:06:01","date_gmt":"2016-04-19T12:06:01","guid":{"rendered":"http:\/\/www.eltrabajo.cl\/portal\/?p=68895"},"modified":"2016-04-19T09:06:01","modified_gmt":"2016-04-19T12:06:01","slug":"os7-propina-duro-golpe-al-trafico-y-saca-20-kilos-de-pasta-base-de-las-calles","status":"publish","type":"post","link":"https:\/\/eltrabajo.cl\/portal\/os7-propina-duro-golpe-al-trafico-y-saca-20-kilos-de-pasta-base-de-las-calles\/","title":{"rendered":"OS7 propina duro golpe al tr\u00e1fico y saca 20 kilos de pasta base de las calles"},"content":{"rendered":"<p><strong>Detenidos \u2018El Gast\u00f3n\u2019 y cuatro de sus secuaces:<\/strong><\/p>\n<p>La secci\u00f3n OS7 de Carabineros de la Prefectura Aconcagua logr\u00f3 dar un certero golpe al tr\u00e1fico de drogas, tras desbaratar una organizaci\u00f3n criminal dedicada a la venta de estupefacientes en las Provincias de San Felipe y Los Andes, y que era liderada por un sujeto conocido como \u2018El Gast\u00f3n\u2019, domiciliado en villa 250 A\u00f1os.<br \/>\nEl trabajo de investigaci\u00f3n policial logr\u00f3 la incautaci\u00f3n de casi 20 kg de pasta base de coca\u00edna, 181 gramos de marihuana elaborada, un arma de fuego y 3 veh\u00edculos, uno de ellos, una camioneta Nissan Xtrail a\u00f1o 2015, adem\u00e1s de 942 mil pesos en efectivo. El decomiso se produjo en horas de la tarde del s\u00e1bado en las inmediaciones del terminal de buses de San Felipe, lugar en donde \u2013de acuerdo a los antecedentes obtenidos durante la investigaci\u00f3n- se concretar\u00eda una entrega de droga.<br \/>\nEn el lugar, se detuvo a dos sujetos y tras comprobar el il\u00edcito, el Fiscal a cargo de la investigaci\u00f3n autoriz\u00f3 el ingreso y registro a los inmuebles del resto de integrantes de la organizaci\u00f3n en la villa Parque Alameda, El Totoral y Algarrobal respectivamente, logrando la detenci\u00f3n de otras 3 personas vinculadas a la banda, dos de ellas del sexo femenino.<br \/>\nLos imputados fueron identificados con las iniciales G.A.C.S. de 26 a\u00f1os, J.A.M.B. de 42 a\u00f1os, C.C.M.B. de 32 a\u00f1os y las mujeres C.P.S.S. de 32 a\u00f1os y K.A.D.C. de 33 a\u00f1os, quienes fueron puestos a disposici\u00f3n del Juzgado de Garant\u00eda de San Felipe por el delito de Tr\u00e1fico de Drogas.<br \/>\nEl Teniente Coronel, Marcelo Arancibia Pacheco, subprefecto de los servicios de la Prefectura Aconcagua, destac\u00f3 las diligencias realizadas por la secci\u00f3n de OS7 y su labor de inteligencia, hecho que permite interrumpir la distribuci\u00f3n de un n\u00famero importante de dosis en ambas provincias.<br \/>\n\u201cEl profesionalismo de nuestro personal de OS7, ha dictado que nosotros vamos a seguir realizando este tipo de procedimientos, tal como se ve en las im\u00e1genes, este es un operativo espectacular que se ha llevado a cabo a trav\u00e9s del trabajo de inteligencia policial y un trabajo permanente\u201d, valor\u00f3 el oficial de Carabineros.<br \/>\nArancibia ratific\u00f3 que los detenidos presentan antecedentes policiales por \u00e9ste y otro tipo de delitos y son personas reconocidas en el c\u00edrculo local del narcotr\u00e1fico. Adem\u00e1s, el Coronel afirm\u00f3 que con este golpe se impide la circulaci\u00f3n de unas 200 mil dosis de drogas, las cuales generar\u00edan millonarias ganancias il\u00edcitas a estos antisociales.<\/p>\n<figure id=\"attachment_68896\" aria-describedby=\"caption-attachment-68896\" style=\"width: 530px\" class=\"wp-caption alignleft\"><a href=\"http:\/\/www.eltrabajo.cl\/portal\/os7-propina-duro-golpe-al-trafico-y-saca-20-kilos-de-pasta-base-de-las-calles\/foto-2-droga-decomisada\/\" rel=\"attachment wp-att-68896\"><img data-recalc-dims=\"1\" loading=\"lazy\" decoding=\"async\" class=\"size-full wp-image-68896\" src=\"https:\/\/i0.wp.com\/www.eltrabajo.cl\/portal\/wp-content\/uploads\/2016\/04\/FOTO-2-Droga-decomisada.jpg?resize=530%2C348\" alt=\"Las sustancias il\u00edcitas decomisadas por el OS7 de la Prefectura Aconcagua, implica sacar de circulaci\u00f3n unas 200 mil d\u00f3sis de droga.\" width=\"530\" height=\"348\" srcset=\"https:\/\/i0.wp.com\/eltrabajo.cl\/portal\/wp-content\/uploads\/2016\/04\/FOTO-2-Droga-decomisada.jpg?w=530&amp;ssl=1 530w, https:\/\/i0.wp.com\/eltrabajo.cl\/portal\/wp-content\/uploads\/2016\/04\/FOTO-2-Droga-decomisada.jpg?resize=200%2C131&amp;ssl=1 200w, https:\/\/i0.wp.com\/eltrabajo.cl\/portal\/wp-content\/uploads\/2016\/04\/FOTO-2-Droga-decomisada.jpg?resize=300%2C197&amp;ssl=1 300w, https:\/\/i0.wp.com\/eltrabajo.cl\/portal\/wp-content\/uploads\/2016\/04\/FOTO-2-Droga-decomisada.jpg?resize=228%2C150&amp;ssl=1 228w, https:\/\/i0.wp.com\/eltrabajo.cl\/portal\/wp-content\/uploads\/2016\/04\/FOTO-2-Droga-decomisada.jpg?resize=400%2C263&amp;ssl=1 400w\" sizes=\"auto, (max-width: 530px) 100vw, 530px\" \/><\/a><figcaption id=\"caption-attachment-68896\" class=\"wp-caption-text\">Las sustancias il\u00edcitas decomisadas por el OS7 de la Prefectura Aconcagua, implica sacar de circulaci\u00f3n unas 200 mil d\u00f3sis de droga.<\/figcaption><\/figure>\n<figure id=\"attachment_68897\" aria-describedby=\"caption-attachment-68897\" style=\"width: 530px\" class=\"wp-caption alignleft\"><a href=\"http:\/\/www.eltrabajo.cl\/portal\/os7-propina-duro-golpe-al-trafico-y-saca-20-kilos-de-pasta-base-de-las-calles\/foto-3-decomiso-autos\/\" rel=\"attachment wp-att-68897\"><img data-recalc-dims=\"1\" loading=\"lazy\" decoding=\"async\" class=\"size-full wp-image-68897\" src=\"https:\/\/i0.wp.com\/www.eltrabajo.cl\/portal\/wp-content\/uploads\/2016\/04\/FOTO-3-Decomiso-autos.jpg?resize=530%2C350\" alt=\"Una camioneta Nissan XTrail, un Peugeot 306 y un Chevrolet Corsa, fueron los veh\u00edculos arrebatados a la Organizaci\u00f3n Criminal.\" width=\"530\" height=\"350\" srcset=\"https:\/\/i0.wp.com\/eltrabajo.cl\/portal\/wp-content\/uploads\/2016\/04\/FOTO-3-Decomiso-autos.jpg?w=530&amp;ssl=1 530w, https:\/\/i0.wp.com\/eltrabajo.cl\/portal\/wp-content\/uploads\/2016\/04\/FOTO-3-Decomiso-autos.jpg?resize=200%2C132&amp;ssl=1 200w, https:\/\/i0.wp.com\/eltrabajo.cl\/portal\/wp-content\/uploads\/2016\/04\/FOTO-3-Decomiso-autos.jpg?resize=300%2C198&amp;ssl=1 300w, https:\/\/i0.wp.com\/eltrabajo.cl\/portal\/wp-content\/uploads\/2016\/04\/FOTO-3-Decomiso-autos.jpg?resize=227%2C150&amp;ssl=1 227w, https:\/\/i0.wp.com\/eltrabajo.cl\/portal\/wp-content\/uploads\/2016\/04\/FOTO-3-Decomiso-autos.jpg?resize=400%2C264&amp;ssl=1 400w\" sizes=\"auto, (max-width: 530px) 100vw, 530px\" \/><\/a><figcaption id=\"caption-attachment-68897\" class=\"wp-caption-text\">Una camioneta Nissan XTrail, un Peugeot 306 y un Chevrolet Corsa, fueron los veh\u00edculos arrebatados a la Organizaci\u00f3n Criminal.<\/figcaption><\/figure>\n","protected":false},"excerpt":{"rendered":"<p>Detenidos \u2018El Gast\u00f3n\u2019 y cuatro de sus secuaces: La secci\u00f3n OS7 de Carabineros de la Prefectura Aconcagua logr\u00f3 dar un certero golpe al tr\u00e1fico de drogas, tras desbaratar una organizaci\u00f3n criminal dedicada&#8230;<\/p>\n","protected":false},"author":1,"featured_media":68898,"comment_status":"open","ping_status":"open","sticky":false,"template":"","format":"standard","meta":{"advanced_seo_description":"","jetpack_seo_html_title":"","jetpack_seo_noindex":false,"_jetpack_memberships_contains_paid_content":false,"footnotes":""},"categories":[21],"tags":[],"class_list":["post-68895","post","type-post","status-publish","format-standard","has-post-thumbnail","hentry","category-policial"],"jetpack_featured_media_url":"https:\/\/i0.wp.com\/eltrabajo.cl\/portal\/wp-content\/uploads\/2016\/04\/porta-decomiso.jpg?fit=530%2C349&ssl=1","jetpack_sharing_enabled":true,"jetpack_likes_enabled":true,"jetpack-related-posts":[],"_links":{"self":[{"href":"https:\/\/eltrabajo.cl\/portal\/wp-json\/wp\/v2\/posts\/68895","targetHints":{"allow":["GET"]}}],"collection":[{"href":"https:\/\/eltrabajo.cl\/portal\/wp-json\/wp\/v2\/posts"}],"about":[{"href":"https:\/\/eltrabajo.cl\/portal\/wp-json\/wp\/v2\/types\/post"}],"author":[{"embeddable":true,"href":"https:\/\/eltrabajo.cl\/portal\/wp-json\/wp\/v2\/users\/1"}],"replies":[{"embeddable":true,"href":"https:\/\/eltrabajo.cl\/portal\/wp-json\/wp\/v2\/comments?post=68895"}],"version-history":[{"count":0,"href":"https:\/\/eltrabajo.cl\/portal\/wp-json\/wp\/v2\/posts\/68895\/revisions"}],"wp:featuredmedia":[{"embeddable":true,"href":"https:\/\/eltrabajo.cl\/portal\/wp-json\/wp\/v2\/media\/68898"}],"wp:attachment":[{"href":"https:\/\/eltrabajo.cl\/portal\/wp-json\/wp\/v2\/media?parent=68895"}],"wp:term":[{"taxonomy":"category","embeddable":true,"href":"https:\/\/eltrabajo.cl\/portal\/wp-json\/wp\/v2\/categories?post=68895"},{"taxonomy":"post_tag","embeddable":true,"href":"https:\/\/eltrabajo.cl\/portal\/wp-json\/wp\/v2\/tags?post=68895"}],"curies":[{"name":"wp","href":"https:\/\/api.w.org\/{rel}","templated":true}]}}