{"id":68901,"date":"2016-04-20T08:57:13","date_gmt":"2016-04-20T11:57:13","guid":{"rendered":"http:\/\/www.eltrabajo.cl\/portal\/?p=68901"},"modified":"2016-04-20T08:57:13","modified_gmt":"2016-04-20T11:57:13","slug":"inauguran-sendero-peatonal-y-luminarias-en-avenida-santa-teresa","status":"publish","type":"post","link":"https:\/\/eltrabajo.cl\/portal\/inauguran-sendero-peatonal-y-luminarias-en-avenida-santa-teresa\/","title":{"rendered":"Inauguran sendero peatonal y luminarias en avenida Santa Teresa"},"content":{"rendered":"<p>Contar con un sendero peatonal seguro para todos los vecinos, que tuviera con accesibilidad para personas con discapacidad y con luminarias Led de \u00faltima generaci\u00f3n, eran los objetivos del proyecto que se ejecut\u00f3 en la avenida Santa Teresa de la comuna de San Felipe, y que fue inaugurado por el Alcalde Patricio Freire acompa\u00f1ado de las autoridades de la provincia y los vecinos del sector.<br \/>\nLa iniciativa signific\u00f3 una inversi\u00f3n de m\u00e1s de 62 millones de pesos, recursos provenientes de la Subsecretar\u00eda de Prevenci\u00f3n del Delito y de la Municipalidad de San Felipe y ten\u00eda como objetivo recuperar 512 metros lineales de la vereda de avenida Santa Teresa, proyecto que concluye un trabajo participativo junto a los vecinos, que buscaba recuperar los espacios p\u00fablicos para que sean utilizados por la comunidad.<br \/>\n\u201cLa comunidad se empodera del espacio p\u00fablico. Aqu\u00ed se genera la intervenci\u00f3n en un punto estrat\u00e9gico de la comuna, por lo tanto es un eje estructurante que invita a la comunidad a dar buen uso al espacio y muy bien ejecutada por el municipio. Los vecinos se toman los espacios p\u00fablicos y esperamos que hayan actividades deportivas para que los vecinos ocupen estos espacios\u201d, se\u00f1al\u00f3 Enzo Escalona, asesor territorial.<br \/>\nLa iniciativa contempl\u00f3 adem\u00e1s la instalaci\u00f3n de 44 luminarias peatonales Led y obras de paisajismo, entre las que se cuentan la instalaci\u00f3n de nuevas especies arb\u00f3reas. Es decir, esta intervenci\u00f3n conforma un sendero peatonal seguro, c\u00f3modo e iluminado en su totalidad.<br \/>\n\u201cEstamos muy contentos de ver vecinos empoderados participando en la ejecuci\u00f3n de proyectos de ciudad. Hoy trabajamos por una ciudad integrada en todos los sentidos, buscando los espacios de seguridad para los vecinos y que as\u00ed tengan una buena convivencia\u201d, sostuvo el alcalde Patricio Freire.<br \/>\nLa intervenci\u00f3n, que se realiz\u00f3 en la avenida Santa Teresa, desde la avenida Enc\u00f3n hasta la calle Abd\u00f3n Cifuentes, beneficia directamente a m\u00e1s de mil vecinos que viven en el sector.<\/p>\n<figure id=\"attachment_68902\" aria-describedby=\"caption-attachment-68902\" style=\"width: 530px\" class=\"wp-caption alignleft\"><a href=\"http:\/\/www.eltrabajo.cl\/portal\/inauguran-sendero-peatonal-y-luminarias-en-avenida-santa-teresa\/inauguracion-5\/\" rel=\"attachment wp-att-68902\"><img data-recalc-dims=\"1\" loading=\"lazy\" decoding=\"async\" class=\"size-full wp-image-68902\" src=\"https:\/\/i0.wp.com\/www.eltrabajo.cl\/portal\/wp-content\/uploads\/2016\/04\/inauguracion.jpg?resize=530%2C350\" alt=\"El proyecto realizado en avenida Santa Teresa fue inaugurado por el Alcalde Patricio Freire acompa\u00f1ado de autoridades y de los vecinos del sector. \" width=\"530\" height=\"350\" srcset=\"https:\/\/i0.wp.com\/eltrabajo.cl\/portal\/wp-content\/uploads\/2016\/04\/inauguracion.jpg?w=530&amp;ssl=1 530w, https:\/\/i0.wp.com\/eltrabajo.cl\/portal\/wp-content\/uploads\/2016\/04\/inauguracion.jpg?resize=200%2C132&amp;ssl=1 200w, https:\/\/i0.wp.com\/eltrabajo.cl\/portal\/wp-content\/uploads\/2016\/04\/inauguracion.jpg?resize=300%2C198&amp;ssl=1 300w, https:\/\/i0.wp.com\/eltrabajo.cl\/portal\/wp-content\/uploads\/2016\/04\/inauguracion.jpg?resize=227%2C150&amp;ssl=1 227w, https:\/\/i0.wp.com\/eltrabajo.cl\/portal\/wp-content\/uploads\/2016\/04\/inauguracion.jpg?resize=400%2C264&amp;ssl=1 400w\" sizes=\"auto, (max-width: 530px) 100vw, 530px\" \/><\/a><figcaption id=\"caption-attachment-68902\" class=\"wp-caption-text\">El proyecto realizado en avenida Santa Teresa fue inaugurado por el Alcalde Patricio Freire acompa\u00f1ado de autoridades y de los vecinos del sector.<\/figcaption><\/figure>\n","protected":false},"excerpt":{"rendered":"<p>Contar con un sendero peatonal seguro para todos los vecinos, que tuviera con accesibilidad para personas con discapacidad y con luminarias Led de \u00faltima generaci\u00f3n, eran los objetivos del proyecto que se&#8230;<\/p>\n","protected":false},"author":1,"featured_media":68902,"comment_status":"open","ping_status":"open","sticky":false,"template":"","format":"standard","meta":{"advanced_seo_description":"","jetpack_seo_html_title":"","jetpack_seo_noindex":false,"_jetpack_memberships_contains_paid_content":false,"footnotes":""},"categories":[1],"tags":[],"class_list":["post-68901","post","type-post","status-publish","format-standard","has-post-thumbnail","hentry","category-cronica"],"jetpack_featured_media_url":"https:\/\/i0.wp.com\/eltrabajo.cl\/portal\/wp-content\/uploads\/2016\/04\/inauguracion.jpg?fit=530%2C350&ssl=1","jetpack_sharing_enabled":true,"jetpack_likes_enabled":true,"jetpack-related-posts":[],"_links":{"self":[{"href":"https:\/\/eltrabajo.cl\/portal\/wp-json\/wp\/v2\/posts\/68901","targetHints":{"allow":["GET"]}}],"collection":[{"href":"https:\/\/eltrabajo.cl\/portal\/wp-json\/wp\/v2\/posts"}],"about":[{"href":"https:\/\/eltrabajo.cl\/portal\/wp-json\/wp\/v2\/types\/post"}],"author":[{"embeddable":true,"href":"https:\/\/eltrabajo.cl\/portal\/wp-json\/wp\/v2\/users\/1"}],"replies":[{"embeddable":true,"href":"https:\/\/eltrabajo.cl\/portal\/wp-json\/wp\/v2\/comments?post=68901"}],"version-history":[{"count":0,"href":"https:\/\/eltrabajo.cl\/portal\/wp-json\/wp\/v2\/posts\/68901\/revisions"}],"wp:featuredmedia":[{"embeddable":true,"href":"https:\/\/eltrabajo.cl\/portal\/wp-json\/wp\/v2\/media\/68902"}],"wp:attachment":[{"href":"https:\/\/eltrabajo.cl\/portal\/wp-json\/wp\/v2\/media?parent=68901"}],"wp:term":[{"taxonomy":"category","embeddable":true,"href":"https:\/\/eltrabajo.cl\/portal\/wp-json\/wp\/v2\/categories?post=68901"},{"taxonomy":"post_tag","embeddable":true,"href":"https:\/\/eltrabajo.cl\/portal\/wp-json\/wp\/v2\/tags?post=68901"}],"curies":[{"name":"wp","href":"https:\/\/api.w.org\/{rel}","templated":true}]}}