{"id":68909,"date":"2016-04-20T09:00:33","date_gmt":"2016-04-20T12:00:33","guid":{"rendered":"http:\/\/www.eltrabajo.cl\/portal\/?p=68909"},"modified":"2016-04-20T09:00:33","modified_gmt":"2016-04-20T12:00:33","slug":"invitan-a-eucaristia-en-memoria-de-ex-presidente-patricio-aylwin-azocar","status":"publish","type":"post","link":"https:\/\/eltrabajo.cl\/portal\/invitan-a-eucaristia-en-memoria-de-ex-presidente-patricio-aylwin-azocar\/","title":{"rendered":"Invitan a eucarist\u00eda en memoria de ex presidente Patricio Aylwin Az\u00f3car"},"content":{"rendered":"<p>Para hoy a las 19.00 horas en la Catedral de San Felipe est\u00e1 contemplada la realizaci\u00f3n de una ceremonia lit\u00fargica en memoria de don Patricio\u00a0Aylwin\u00a0Az\u00f3car, quien pasar\u00e1 a la historia como el primer presidente en el retorno a la Democracia, quien supo llevar adelante en forma bastante exitosa un proceso de transici\u00f3n extremadamente dif\u00edcil.<br \/>\nEs por esta raz\u00f3n que se est\u00e1 invitando a la comunidad en general a participar de esta eucarist\u00eda que se celebrar\u00e1 en el principal templo cat\u00f3lico de San Felipe, hoy mi\u00e9rcoles 20 de abril a las 19.00 horas, en memoria del ex mandatario que falleciera ayer en su domicilio y rodeado de su familia, a la edad de 97 a\u00f1os.<\/p>\n<figure id=\"attachment_68910\" aria-describedby=\"caption-attachment-68910\" style=\"width: 530px\" class=\"wp-caption alignleft\"><a href=\"http:\/\/www.eltrabajo.cl\/portal\/invitan-a-eucaristia-en-memoria-de-ex-presidente-patricio-aylwin-azocar\/patricio-aylwin\/\" rel=\"attachment wp-att-68910\"><img data-recalc-dims=\"1\" loading=\"lazy\" decoding=\"async\" class=\"size-full wp-image-68910\" src=\"https:\/\/i0.wp.com\/www.eltrabajo.cl\/portal\/wp-content\/uploads\/2016\/04\/patricio-aylwin.jpg?resize=530%2C349\" alt=\"Patricio Aylwin sorte\u00f3 con \u00e9xito el dif\u00edcil camino de la transici\u00f3n.\" width=\"530\" height=\"349\" srcset=\"https:\/\/i0.wp.com\/eltrabajo.cl\/portal\/wp-content\/uploads\/2016\/04\/patricio-aylwin.jpg?w=530&amp;ssl=1 530w, https:\/\/i0.wp.com\/eltrabajo.cl\/portal\/wp-content\/uploads\/2016\/04\/patricio-aylwin.jpg?resize=200%2C132&amp;ssl=1 200w, https:\/\/i0.wp.com\/eltrabajo.cl\/portal\/wp-content\/uploads\/2016\/04\/patricio-aylwin.jpg?resize=300%2C198&amp;ssl=1 300w, https:\/\/i0.wp.com\/eltrabajo.cl\/portal\/wp-content\/uploads\/2016\/04\/patricio-aylwin.jpg?resize=228%2C150&amp;ssl=1 228w, https:\/\/i0.wp.com\/eltrabajo.cl\/portal\/wp-content\/uploads\/2016\/04\/patricio-aylwin.jpg?resize=400%2C263&amp;ssl=1 400w\" sizes=\"auto, (max-width: 530px) 100vw, 530px\" \/><\/a><figcaption id=\"caption-attachment-68910\" class=\"wp-caption-text\">Patricio Aylwin sorte\u00f3 con \u00e9xito el dif\u00edcil camino de la transici\u00f3n.<\/figcaption><\/figure>\n","protected":false},"excerpt":{"rendered":"<p>Para hoy a las 19.00 horas en la Catedral de San Felipe est\u00e1 contemplada la realizaci\u00f3n de una ceremonia lit\u00fargica en memoria de don Patricio\u00a0Aylwin\u00a0Az\u00f3car, quien pasar\u00e1 a la historia como el&#8230;<\/p>\n","protected":false},"author":1,"featured_media":68910,"comment_status":"open","ping_status":"open","sticky":false,"template":"","format":"standard","meta":{"advanced_seo_description":"","jetpack_seo_html_title":"","jetpack_seo_noindex":false,"_jetpack_memberships_contains_paid_content":false,"footnotes":""},"categories":[15],"tags":[],"class_list":["post-68909","post","type-post","status-publish","format-standard","has-post-thumbnail","hentry","category-comunidad"],"jetpack_featured_media_url":"https:\/\/i0.wp.com\/eltrabajo.cl\/portal\/wp-content\/uploads\/2016\/04\/patricio-aylwin.jpg?fit=530%2C349&ssl=1","jetpack_sharing_enabled":true,"jetpack_likes_enabled":true,"jetpack-related-posts":[],"_links":{"self":[{"href":"https:\/\/eltrabajo.cl\/portal\/wp-json\/wp\/v2\/posts\/68909","targetHints":{"allow":["GET"]}}],"collection":[{"href":"https:\/\/eltrabajo.cl\/portal\/wp-json\/wp\/v2\/posts"}],"about":[{"href":"https:\/\/eltrabajo.cl\/portal\/wp-json\/wp\/v2\/types\/post"}],"author":[{"embeddable":true,"href":"https:\/\/eltrabajo.cl\/portal\/wp-json\/wp\/v2\/users\/1"}],"replies":[{"embeddable":true,"href":"https:\/\/eltrabajo.cl\/portal\/wp-json\/wp\/v2\/comments?post=68909"}],"version-history":[{"count":0,"href":"https:\/\/eltrabajo.cl\/portal\/wp-json\/wp\/v2\/posts\/68909\/revisions"}],"wp:featuredmedia":[{"embeddable":true,"href":"https:\/\/eltrabajo.cl\/portal\/wp-json\/wp\/v2\/media\/68910"}],"wp:attachment":[{"href":"https:\/\/eltrabajo.cl\/portal\/wp-json\/wp\/v2\/media?parent=68909"}],"wp:term":[{"taxonomy":"category","embeddable":true,"href":"https:\/\/eltrabajo.cl\/portal\/wp-json\/wp\/v2\/categories?post=68909"},{"taxonomy":"post_tag","embeddable":true,"href":"https:\/\/eltrabajo.cl\/portal\/wp-json\/wp\/v2\/tags?post=68909"}],"curies":[{"name":"wp","href":"https:\/\/api.w.org\/{rel}","templated":true}]}}