{"id":68913,"date":"2016-04-20T09:02:20","date_gmt":"2016-04-20T12:02:20","guid":{"rendered":"http:\/\/www.eltrabajo.cl\/portal\/?p=68913"},"modified":"2016-04-20T09:02:20","modified_gmt":"2016-04-20T12:02:20","slug":"dos-accidentes-vehiculares-se-produjeron-ayer-en-el-centro-de-san-felipe","status":"publish","type":"post","link":"https:\/\/eltrabajo.cl\/portal\/dos-accidentes-vehiculares-se-produjeron-ayer-en-el-centro-de-san-felipe\/","title":{"rendered":"Dos accidentes vehiculares se produjeron ayer en el centro de San Felipe"},"content":{"rendered":"<p>A primera hora de la ma\u00f1ana de ayer martes se origin\u00f3 una violenta colisi\u00f3n entre dos veh\u00edculos particulares, en la esquina de avenidas Chacabuco con Yungay en San Felipe. El conductor de uno de los m\u00f3viles involucrados se encontrar\u00eda en aparente estado de ebriedad, seg\u00fan testigos y afectados del segundo veh\u00edculo da\u00f1ado, donde sus tripulantes resultaron levemente lesionados.<br \/>\nAsimismo, pasado el mediod\u00eda en la intersecci\u00f3n calles Traslavi\u00f1a esquina Merced, se produjo otra colisi\u00f3n entre un veh\u00edculo particular y un colectivo con pasajeros, que resultaron levemente lesionados a ra\u00edz del impacto. Al lugar del accidente concurri\u00f3 personal de Carabineros para adoptar el procedimiento de rigor junto con la colaboraci\u00f3n de Bomberos.<\/p>\n<figure id=\"attachment_68915\" aria-describedby=\"caption-attachment-68915\" style=\"width: 530px\" class=\"wp-caption alignleft\"><a href=\"http:\/\/www.eltrabajo.cl\/portal\/dos-accidentes-vehiculares-se-produjeron-ayer-en-el-centro-de-san-felipe\/colision-2\/\" rel=\"attachment wp-att-68915\"><img data-recalc-dims=\"1\" loading=\"lazy\" decoding=\"async\" class=\"size-full wp-image-68915\" src=\"https:\/\/i0.wp.com\/www.eltrabajo.cl\/portal\/wp-content\/uploads\/2016\/04\/COLISION-2.jpg?resize=530%2C348\" alt=\"Una colisi\u00f3n entre un veh\u00edculo particular y un colectivo se produjo en la esquina de calles Traslavi\u00f1a con Merced de San Felipe.\" width=\"530\" height=\"348\" srcset=\"https:\/\/i0.wp.com\/eltrabajo.cl\/portal\/wp-content\/uploads\/2016\/04\/COLISION-2.jpg?w=530&amp;ssl=1 530w, https:\/\/i0.wp.com\/eltrabajo.cl\/portal\/wp-content\/uploads\/2016\/04\/COLISION-2.jpg?resize=200%2C131&amp;ssl=1 200w, https:\/\/i0.wp.com\/eltrabajo.cl\/portal\/wp-content\/uploads\/2016\/04\/COLISION-2.jpg?resize=300%2C197&amp;ssl=1 300w, https:\/\/i0.wp.com\/eltrabajo.cl\/portal\/wp-content\/uploads\/2016\/04\/COLISION-2.jpg?resize=228%2C150&amp;ssl=1 228w, https:\/\/i0.wp.com\/eltrabajo.cl\/portal\/wp-content\/uploads\/2016\/04\/COLISION-2.jpg?resize=400%2C263&amp;ssl=1 400w\" sizes=\"auto, (max-width: 530px) 100vw, 530px\" \/><\/a><figcaption id=\"caption-attachment-68915\" class=\"wp-caption-text\">Una colisi\u00f3n entre un veh\u00edculo particular y un colectivo se produjo en la esquina de calles Traslavi\u00f1a con Merced de San Felipe.<\/figcaption><\/figure>\n<figure id=\"attachment_68914\" aria-describedby=\"caption-attachment-68914\" style=\"width: 530px\" class=\"wp-caption alignleft\"><a href=\"http:\/\/www.eltrabajo.cl\/portal\/dos-accidentes-vehiculares-se-produjeron-ayer-en-el-centro-de-san-felipe\/colision-1\/\" rel=\"attachment wp-att-68914\"><img data-recalc-dims=\"1\" loading=\"lazy\" decoding=\"async\" class=\"size-full wp-image-68914\" src=\"https:\/\/i0.wp.com\/www.eltrabajo.cl\/portal\/wp-content\/uploads\/2016\/04\/COLISION-1.jpg?resize=530%2C348\" alt=\"El violento accidente se origin\u00f3 en la intersecci\u00f3n de avenidas Chacabuco esquina Yungay de San Felipe. (Foto: Rafa P\u00e9rez).\" width=\"530\" height=\"348\" srcset=\"https:\/\/i0.wp.com\/eltrabajo.cl\/portal\/wp-content\/uploads\/2016\/04\/COLISION-1.jpg?w=530&amp;ssl=1 530w, https:\/\/i0.wp.com\/eltrabajo.cl\/portal\/wp-content\/uploads\/2016\/04\/COLISION-1.jpg?resize=200%2C131&amp;ssl=1 200w, https:\/\/i0.wp.com\/eltrabajo.cl\/portal\/wp-content\/uploads\/2016\/04\/COLISION-1.jpg?resize=300%2C197&amp;ssl=1 300w, https:\/\/i0.wp.com\/eltrabajo.cl\/portal\/wp-content\/uploads\/2016\/04\/COLISION-1.jpg?resize=228%2C150&amp;ssl=1 228w, https:\/\/i0.wp.com\/eltrabajo.cl\/portal\/wp-content\/uploads\/2016\/04\/COLISION-1.jpg?resize=400%2C263&amp;ssl=1 400w\" sizes=\"auto, (max-width: 530px) 100vw, 530px\" \/><\/a><figcaption id=\"caption-attachment-68914\" class=\"wp-caption-text\">El violento accidente se origin\u00f3 en la intersecci\u00f3n de avenidas Chacabuco esquina Yungay de San Felipe. (Foto: Rafa P\u00e9rez).<\/figcaption><\/figure>\n","protected":false},"excerpt":{"rendered":"<p>A primera hora de la ma\u00f1ana de ayer martes se origin\u00f3 una violenta colisi\u00f3n entre dos veh\u00edculos particulares, en la esquina de avenidas Chacabuco con Yungay en San Felipe. El conductor de&#8230;<\/p>\n","protected":false},"author":1,"featured_media":68915,"comment_status":"open","ping_status":"open","sticky":false,"template":"","format":"standard","meta":{"advanced_seo_description":"","jetpack_seo_html_title":"","jetpack_seo_noindex":false,"_jetpack_memberships_contains_paid_content":false,"footnotes":""},"categories":[21],"tags":[],"class_list":["post-68913","post","type-post","status-publish","format-standard","has-post-thumbnail","hentry","category-policial"],"jetpack_featured_media_url":"https:\/\/i0.wp.com\/eltrabajo.cl\/portal\/wp-content\/uploads\/2016\/04\/COLISION-2.jpg?fit=530%2C348&ssl=1","jetpack_sharing_enabled":true,"jetpack_likes_enabled":true,"jetpack-related-posts":[],"_links":{"self":[{"href":"https:\/\/eltrabajo.cl\/portal\/wp-json\/wp\/v2\/posts\/68913","targetHints":{"allow":["GET"]}}],"collection":[{"href":"https:\/\/eltrabajo.cl\/portal\/wp-json\/wp\/v2\/posts"}],"about":[{"href":"https:\/\/eltrabajo.cl\/portal\/wp-json\/wp\/v2\/types\/post"}],"author":[{"embeddable":true,"href":"https:\/\/eltrabajo.cl\/portal\/wp-json\/wp\/v2\/users\/1"}],"replies":[{"embeddable":true,"href":"https:\/\/eltrabajo.cl\/portal\/wp-json\/wp\/v2\/comments?post=68913"}],"version-history":[{"count":0,"href":"https:\/\/eltrabajo.cl\/portal\/wp-json\/wp\/v2\/posts\/68913\/revisions"}],"wp:featuredmedia":[{"embeddable":true,"href":"https:\/\/eltrabajo.cl\/portal\/wp-json\/wp\/v2\/media\/68915"}],"wp:attachment":[{"href":"https:\/\/eltrabajo.cl\/portal\/wp-json\/wp\/v2\/media?parent=68913"}],"wp:term":[{"taxonomy":"category","embeddable":true,"href":"https:\/\/eltrabajo.cl\/portal\/wp-json\/wp\/v2\/categories?post=68913"},{"taxonomy":"post_tag","embeddable":true,"href":"https:\/\/eltrabajo.cl\/portal\/wp-json\/wp\/v2\/tags?post=68913"}],"curies":[{"name":"wp","href":"https:\/\/api.w.org\/{rel}","templated":true}]}}