{"id":68922,"date":"2016-04-20T09:05:18","date_gmt":"2016-04-20T12:05:18","guid":{"rendered":"http:\/\/www.eltrabajo.cl\/portal\/?p=68922"},"modified":"2016-04-20T09:05:18","modified_gmt":"2016-04-20T12:05:18","slug":"invitan-a-vecinos-de-la-provincia-a-participar-de-proceso-constituyente","status":"publish","type":"post","link":"https:\/\/eltrabajo.cl\/portal\/invitan-a-vecinos-de-la-provincia-a-participar-de-proceso-constituyente\/","title":{"rendered":"Invitan a vecinos de la provincia a participar de proceso constituyente"},"content":{"rendered":"<p>A trav\u00e9s de la plataforma digital ww.una constitucionparachile.cl los ciudadanos de toda la Provincia pueden hacerse parte de este proceso, as\u00ed lo se\u00f1al\u00f3 esta ma\u00f1ana el Gobernador Eduardo Le\u00f3n, en el marco del lanzamiento de esta segunda fase del proceso constituyente relacionada con la etapa m\u00e1s participativa.<br \/>\nEn la ocasi\u00f3n, el gobernador de San Felipe, Eduardo Le\u00f3n manifest\u00f3 que esta es una gran oportunidad para todos los chilenos e hizo un llamado a los vecinos de la provincia a informarse de este proyecto que sentar\u00e1 las bases ciudadanas de un cambio constitucional. \u00abA nuestros vecinos y vecinas los invitamos a informarse de este nuevo proceso participativo de una constituci\u00f3n para Chile. Estamos avanzando en los encuentros locales, individuales entre el 23 de abril y 23 de junio. Hay una p\u00e1gina web: www.unaconstitucionparachile.cl. Hay que recordar que este proceso ser\u00e1 coordinado por facilitadores que no han sido contratados por el Gobierno, sino que han sido seleccionados por la Alta Direcci\u00f3n P\u00fablica, mediante criterios del Consejo Ciudadano de Observadores. Estos facilitadores ya est\u00e1n listos para participar en este proceso. Ya hay gente inscrita de manera individual y colectiva aqu\u00ed en San Felipe. Es la primera constituci\u00f3n que se har\u00e1 con participaci\u00f3n ciudadana\u00bb, dijo la primera autoridad provincial.<br \/>\nPor su parte, el seremi (s) de Gobierno, Javier Mancilla, dijo en este contexto que ya empieza una de las fases m\u00e1s importantes, aquella en que los ciudadanos pueden decir con toda libertad lo que opinan de c\u00f3mo quieren la nueva constituci\u00f3n. \u00abLa Presidenta ha lanzado la segunda parte del proceso que consiste en la participaci\u00f3n de las personas en una plataforma digital. Tambi\u00e9n pueden inscribir di\u00e1logos para hacer un encuentro local que est\u00e9 conformado por 15 a 30 personas, y de ah\u00ed se elige un moderador. Estamos muy contentos hoy de estar en San Felipe porque creemos que es una provincia muy importante en este proceso y confiamos en que la ciudadan\u00eda va a manifestar su inter\u00e9s y les invitamos a que lo hagan (\u2026) Los j\u00f3venes de 14 a\u00f1os tambi\u00e9n pueden hacerse parte y dejar su opini\u00f3n. Por lo tanto est\u00e1 abierta a toda la comunidad\u201d, concluy\u00f3 el seremi (s) de Gobierno, Javier Mancilla.<\/p>\n<figure id=\"attachment_68923\" aria-describedby=\"caption-attachment-68923\" style=\"width: 530px\" class=\"wp-caption alignleft\"><a href=\"http:\/\/www.eltrabajo.cl\/portal\/invitan-a-vecinos-de-la-provincia-a-participar-de-proceso-constituyente\/lanzamiento-fase-participativa-proceso-constiuyente\/\" rel=\"attachment wp-att-68923\"><img data-recalc-dims=\"1\" loading=\"lazy\" decoding=\"async\" class=\"size-full wp-image-68923\" src=\"https:\/\/i0.wp.com\/www.eltrabajo.cl\/portal\/wp-content\/uploads\/2016\/04\/lanzamiento-fase-participativa-proceso-Constiuyente.jpg?resize=530%2C348\" alt=\"El gobernador Eduardo Le\u00f3n junto al seremi (s) de Gobierno, Javier Mancilla, invitando a la comunidad a participar de esta fase del proceso constituyente.\" width=\"530\" height=\"348\" srcset=\"https:\/\/i0.wp.com\/eltrabajo.cl\/portal\/wp-content\/uploads\/2016\/04\/lanzamiento-fase-participativa-proceso-Constiuyente.jpg?w=530&amp;ssl=1 530w, https:\/\/i0.wp.com\/eltrabajo.cl\/portal\/wp-content\/uploads\/2016\/04\/lanzamiento-fase-participativa-proceso-Constiuyente.jpg?resize=200%2C131&amp;ssl=1 200w, https:\/\/i0.wp.com\/eltrabajo.cl\/portal\/wp-content\/uploads\/2016\/04\/lanzamiento-fase-participativa-proceso-Constiuyente.jpg?resize=300%2C197&amp;ssl=1 300w, https:\/\/i0.wp.com\/eltrabajo.cl\/portal\/wp-content\/uploads\/2016\/04\/lanzamiento-fase-participativa-proceso-Constiuyente.jpg?resize=228%2C150&amp;ssl=1 228w, https:\/\/i0.wp.com\/eltrabajo.cl\/portal\/wp-content\/uploads\/2016\/04\/lanzamiento-fase-participativa-proceso-Constiuyente.jpg?resize=400%2C263&amp;ssl=1 400w\" sizes=\"auto, (max-width: 530px) 100vw, 530px\" \/><\/a><figcaption id=\"caption-attachment-68923\" class=\"wp-caption-text\">El gobernador Eduardo Le\u00f3n junto al seremi (s) de Gobierno, Javier Mancilla, invitando a la comunidad a participar de esta fase del proceso constituyente.<\/figcaption><\/figure>\n","protected":false},"excerpt":{"rendered":"<p>A trav\u00e9s de la plataforma digital ww.una constitucionparachile.cl los ciudadanos de toda la Provincia pueden hacerse parte de este proceso, as\u00ed lo se\u00f1al\u00f3 esta ma\u00f1ana el Gobernador Eduardo Le\u00f3n, en el marco&#8230;<\/p>\n","protected":false},"author":1,"featured_media":68923,"comment_status":"open","ping_status":"open","sticky":false,"template":"","format":"standard","meta":{"advanced_seo_description":"","jetpack_seo_html_title":"","jetpack_seo_noindex":false,"_jetpack_memberships_contains_paid_content":false,"footnotes":""},"categories":[1],"tags":[],"class_list":["post-68922","post","type-post","status-publish","format-standard","has-post-thumbnail","hentry","category-cronica"],"jetpack_featured_media_url":"https:\/\/i0.wp.com\/eltrabajo.cl\/portal\/wp-content\/uploads\/2016\/04\/lanzamiento-fase-participativa-proceso-Constiuyente.jpg?fit=530%2C348&ssl=1","jetpack_sharing_enabled":true,"jetpack_likes_enabled":true,"jetpack-related-posts":[],"_links":{"self":[{"href":"https:\/\/eltrabajo.cl\/portal\/wp-json\/wp\/v2\/posts\/68922","targetHints":{"allow":["GET"]}}],"collection":[{"href":"https:\/\/eltrabajo.cl\/portal\/wp-json\/wp\/v2\/posts"}],"about":[{"href":"https:\/\/eltrabajo.cl\/portal\/wp-json\/wp\/v2\/types\/post"}],"author":[{"embeddable":true,"href":"https:\/\/eltrabajo.cl\/portal\/wp-json\/wp\/v2\/users\/1"}],"replies":[{"embeddable":true,"href":"https:\/\/eltrabajo.cl\/portal\/wp-json\/wp\/v2\/comments?post=68922"}],"version-history":[{"count":0,"href":"https:\/\/eltrabajo.cl\/portal\/wp-json\/wp\/v2\/posts\/68922\/revisions"}],"wp:featuredmedia":[{"embeddable":true,"href":"https:\/\/eltrabajo.cl\/portal\/wp-json\/wp\/v2\/media\/68923"}],"wp:attachment":[{"href":"https:\/\/eltrabajo.cl\/portal\/wp-json\/wp\/v2\/media?parent=68922"}],"wp:term":[{"taxonomy":"category","embeddable":true,"href":"https:\/\/eltrabajo.cl\/portal\/wp-json\/wp\/v2\/categories?post=68922"},{"taxonomy":"post_tag","embeddable":true,"href":"https:\/\/eltrabajo.cl\/portal\/wp-json\/wp\/v2\/tags?post=68922"}],"curies":[{"name":"wp","href":"https:\/\/api.w.org\/{rel}","templated":true}]}}