{"id":68926,"date":"2016-04-20T09:06:51","date_gmt":"2016-04-20T12:06:51","guid":{"rendered":"http:\/\/www.eltrabajo.cl\/portal\/?p=68926"},"modified":"2016-04-20T09:06:51","modified_gmt":"2016-04-20T12:06:51","slug":"millonarias-perdidas-provocaron-crecidas-de-esteros-en-tabolango","status":"publish","type":"post","link":"https:\/\/eltrabajo.cl\/portal\/millonarias-perdidas-provocaron-crecidas-de-esteros-en-tabolango\/","title":{"rendered":"Millonarias p\u00e9rdidas provocaron crecidas de esteros en Tabolango"},"content":{"rendered":"<p><strong>Las intensas lluvias registradas en la comuna durante el fin de semana se tradujeron en un duro golpe para productores de secado de uva.<\/strong><br \/>\n<strong>PUTAENDO.-<\/strong> Producto del \u00faltimo frente de mal tiempo y la err\u00f3nea decisi\u00f3n de una empresa aconcag\u00fcina de borrar con maquinaria pesada el cauce natural de esteros en Tabolango, hoy un grupo de peque\u00f1os productores que se dedican al secado de uva enfrentan millonarias p\u00e9rdidas.<br \/>\nEn este sentido, Fernanda Vega, una de las afectadas, sostuvo que durante varios a\u00f1os su familia realiza este peque\u00f1o emprendimiento, que ha permitido dar oportunidades laborales a m\u00e1s de 30 personas.<br \/>\nVega indic\u00f3 que este a\u00f1o fue el \u00faltimo en que la Serran\u00eda de Rinconada de Silva les arrend\u00f3 el terreno ubicado a un costado de la carretera Putaendo \u2013 San Felipe donde desarrollaban las labores de secado de uva, puesto que la entidad arrend\u00f3 esos terrenos a otra empresa que plantar\u00e1 \u00e1rboles frutales, y que justamente fue la que modific\u00f3 el cauce de los esteros en Tabolango, provocando inundaci\u00f3n de caminos y terrenos, entre ellos el que trabajaron durante meses.<br \/>\nDebido a que la empresa arranc\u00f3 especies arb\u00f3reas como quillayes y espinos, adem\u00e1s de borrar literalmente los esteros existentes en el lugar, con las fuertes precipitaciones del pasado fin de semana, los cauces retomaron su curso habitual y arrastraron las \u2018mangas\u2019 (extensiones de pl\u00e1stico en las que se colocan las uvas para su proceso de secado), llev\u00e1ndose toda su producci\u00f3n.<br \/>\nLa tambi\u00e9n Presidenta de la Junta de Vecinos de Las Coimas precis\u00f3 que estimativamente los da\u00f1os superar\u00edan los $7 millones.<br \/>\n<strong>Patricio Gallardo M.<\/strong><\/p>\n<figure id=\"attachment_68927\" aria-describedby=\"caption-attachment-68927\" style=\"width: 530px\" class=\"wp-caption alignleft\"><a href=\"http:\/\/www.eltrabajo.cl\/portal\/millonarias-perdidas-provocaron-crecidas-de-esteros-en-tabolango\/las-coimas\/\" rel=\"attachment wp-att-68927\"><img data-recalc-dims=\"1\" loading=\"lazy\" decoding=\"async\" class=\"size-full wp-image-68927\" src=\"https:\/\/i0.wp.com\/www.eltrabajo.cl\/portal\/wp-content\/uploads\/2016\/04\/las-coimas.jpg?resize=530%2C350\" alt=\"Productores de pasas tuvieron millonarias p\u00e9rdidas producto de las intensas lluvias y los trabajos que realizaron en los esteros de Tabolango. \" width=\"530\" height=\"350\" srcset=\"https:\/\/i0.wp.com\/eltrabajo.cl\/portal\/wp-content\/uploads\/2016\/04\/las-coimas.jpg?w=530&amp;ssl=1 530w, https:\/\/i0.wp.com\/eltrabajo.cl\/portal\/wp-content\/uploads\/2016\/04\/las-coimas.jpg?resize=200%2C132&amp;ssl=1 200w, https:\/\/i0.wp.com\/eltrabajo.cl\/portal\/wp-content\/uploads\/2016\/04\/las-coimas.jpg?resize=300%2C198&amp;ssl=1 300w, https:\/\/i0.wp.com\/eltrabajo.cl\/portal\/wp-content\/uploads\/2016\/04\/las-coimas.jpg?resize=227%2C150&amp;ssl=1 227w, https:\/\/i0.wp.com\/eltrabajo.cl\/portal\/wp-content\/uploads\/2016\/04\/las-coimas.jpg?resize=400%2C264&amp;ssl=1 400w\" sizes=\"auto, (max-width: 530px) 100vw, 530px\" \/><\/a><figcaption id=\"caption-attachment-68927\" class=\"wp-caption-text\">Productores de pasas tuvieron millonarias p\u00e9rdidas producto de las intensas lluvias y los trabajos que realizaron en los esteros de Tabolango.<\/figcaption><\/figure>\n","protected":false},"excerpt":{"rendered":"<p>Las intensas lluvias registradas en la comuna durante el fin de semana se tradujeron en un duro golpe para productores de secado de uva. PUTAENDO.- Producto del \u00faltimo frente de mal tiempo&#8230;<\/p>\n","protected":false},"author":1,"featured_media":68927,"comment_status":"open","ping_status":"open","sticky":false,"template":"","format":"standard","meta":{"advanced_seo_description":"","jetpack_seo_html_title":"","jetpack_seo_noindex":false,"_jetpack_memberships_contains_paid_content":false,"footnotes":""},"categories":[1],"tags":[],"class_list":["post-68926","post","type-post","status-publish","format-standard","has-post-thumbnail","hentry","category-cronica"],"jetpack_featured_media_url":"https:\/\/i0.wp.com\/eltrabajo.cl\/portal\/wp-content\/uploads\/2016\/04\/las-coimas.jpg?fit=530%2C350&ssl=1","jetpack_sharing_enabled":true,"jetpack_likes_enabled":true,"jetpack-related-posts":[],"_links":{"self":[{"href":"https:\/\/eltrabajo.cl\/portal\/wp-json\/wp\/v2\/posts\/68926","targetHints":{"allow":["GET"]}}],"collection":[{"href":"https:\/\/eltrabajo.cl\/portal\/wp-json\/wp\/v2\/posts"}],"about":[{"href":"https:\/\/eltrabajo.cl\/portal\/wp-json\/wp\/v2\/types\/post"}],"author":[{"embeddable":true,"href":"https:\/\/eltrabajo.cl\/portal\/wp-json\/wp\/v2\/users\/1"}],"replies":[{"embeddable":true,"href":"https:\/\/eltrabajo.cl\/portal\/wp-json\/wp\/v2\/comments?post=68926"}],"version-history":[{"count":0,"href":"https:\/\/eltrabajo.cl\/portal\/wp-json\/wp\/v2\/posts\/68926\/revisions"}],"wp:featuredmedia":[{"embeddable":true,"href":"https:\/\/eltrabajo.cl\/portal\/wp-json\/wp\/v2\/media\/68927"}],"wp:attachment":[{"href":"https:\/\/eltrabajo.cl\/portal\/wp-json\/wp\/v2\/media?parent=68926"}],"wp:term":[{"taxonomy":"category","embeddable":true,"href":"https:\/\/eltrabajo.cl\/portal\/wp-json\/wp\/v2\/categories?post=68926"},{"taxonomy":"post_tag","embeddable":true,"href":"https:\/\/eltrabajo.cl\/portal\/wp-json\/wp\/v2\/tags?post=68926"}],"curies":[{"name":"wp","href":"https:\/\/api.w.org\/{rel}","templated":true}]}}