{"id":68930,"date":"2016-04-20T09:08:54","date_gmt":"2016-04-20T12:08:54","guid":{"rendered":"http:\/\/www.eltrabajo.cl\/portal\/?p=68930"},"modified":"2016-04-20T09:08:54","modified_gmt":"2016-04-20T12:08:54","slug":"desvalijo-minimarket-huyendo-con-dinero-y-productos-avaluados-en-un-millon-de-pesos","status":"publish","type":"post","link":"https:\/\/eltrabajo.cl\/portal\/desvalijo-minimarket-huyendo-con-dinero-y-productos-avaluados-en-un-millon-de-pesos\/","title":{"rendered":"Desvalij\u00f3 minimarket huyendo con dinero y productos avaluados en un mill\u00f3n de pesos"},"content":{"rendered":"<p><strong>Capturado en flagrancia por Carabineros qued\u00f3 en libertad:<\/strong><br \/>\nUtilizando un napole\u00f3n para cortar los candados, un antisocial irrumpi\u00f3 hasta el Minimarket y carnicer\u00eda \u2018Flamingo\u2019 para robar gran cantidad de mercader\u00eda y dinero en efectivo. El sujeto escap\u00f3 hacia la v\u00eda p\u00fablica donde fue sorprendido por el personal motorizado \u2018Centauro\u2019 de Carabineros, en calle Benigno Caldera de la Poblaci\u00f3n El Esfuerzo de San Felipe.<br \/>\nLa captura del antisocial se habr\u00eda concretado a eso de las 03:00 horas de ayer martes cuando efectivos policiales realizaban patrullajes preventivos por el sector, percat\u00e1ndose que un local se encontraba con la cortina met\u00e1lica semi abierta, del cual sal\u00eda un individuo con un bolso de gran tama\u00f1o. Al advertir la presencia de los polic\u00edas, el sujeto habr\u00eda intentado huir siendo interceptado por los uniformados tras comprobarse el delito de sustracci\u00f3n de especies.<br \/>\nCarabineros inform\u00f3 que el imputado sustrajo desde el local comercial 271 cajetillas de cigarrillos, art\u00edculos de aseo, bolsas de dulces y bandejas de carne avaluadas en un mill\u00f3n de pesos, adem\u00e1s de $45.000 en dinero en efectivo.<br \/>\nHasta el lugar concurri\u00f3 el propietario del local quien junto a la polic\u00eda uniformada constataron el robo y el gran desorden que origin\u00f3 el antisocial para apilar los productos dentro de un bolso.<br \/>\nEl detenido fue individualizado Christofer Andr\u00e9s Espinoza Camus de 20 a\u00f1os de edad, quien mantiene antecedentes delictuales por dos delitos de robo por sorpresa. Al mediod\u00eda de ayer martes fue formalizado por la Fiscal\u00eda en el Juzgado de Garant\u00eda de San Felipe, quedando sujeto a las cautelares de firma mensual en Carabineros y la prohibici\u00f3n de acercarse a la v\u00edctima, recuperando su libertad a la espera de la investigaci\u00f3n del caso.<br \/>\n<strong>Pablo Salinas Sald\u00edas<\/strong><\/p>\n<figure id=\"attachment_68931\" aria-describedby=\"caption-attachment-68931\" style=\"width: 530px\" class=\"wp-caption alignleft\"><a href=\"http:\/\/www.eltrabajo.cl\/portal\/desvalijo-minimarket-huyendo-con-dinero-y-productos-avaluados-en-un-millon-de-pesos\/foto-3-7\/\" rel=\"attachment wp-att-68931\"><img data-recalc-dims=\"1\" loading=\"lazy\" decoding=\"async\" class=\"size-full wp-image-68931\" src=\"https:\/\/i0.wp.com\/www.eltrabajo.cl\/portal\/wp-content\/uploads\/2016\/04\/FOTO-3-1.jpg?resize=530%2C350\" alt=\"El bolso con los productos hallado en las afueras del minimarket ubicado en calle Beningo Caldera de San Felipe.\" width=\"530\" height=\"350\" srcset=\"https:\/\/i0.wp.com\/eltrabajo.cl\/portal\/wp-content\/uploads\/2016\/04\/FOTO-3-1.jpg?w=530&amp;ssl=1 530w, https:\/\/i0.wp.com\/eltrabajo.cl\/portal\/wp-content\/uploads\/2016\/04\/FOTO-3-1.jpg?resize=200%2C132&amp;ssl=1 200w, https:\/\/i0.wp.com\/eltrabajo.cl\/portal\/wp-content\/uploads\/2016\/04\/FOTO-3-1.jpg?resize=300%2C198&amp;ssl=1 300w, https:\/\/i0.wp.com\/eltrabajo.cl\/portal\/wp-content\/uploads\/2016\/04\/FOTO-3-1.jpg?resize=227%2C150&amp;ssl=1 227w, https:\/\/i0.wp.com\/eltrabajo.cl\/portal\/wp-content\/uploads\/2016\/04\/FOTO-3-1.jpg?resize=400%2C264&amp;ssl=1 400w\" sizes=\"auto, (max-width: 530px) 100vw, 530px\" \/><\/a><figcaption id=\"caption-attachment-68931\" class=\"wp-caption-text\">El bolso con los productos hallado en las afueras del minimarket ubicado en calle Beningo Caldera de San Felipe.<\/figcaption><\/figure>\n<figure id=\"attachment_68932\" aria-describedby=\"caption-attachment-68932\" style=\"width: 530px\" class=\"wp-caption alignleft\"><a href=\"http:\/\/www.eltrabajo.cl\/portal\/desvalijo-minimarket-huyendo-con-dinero-y-productos-avaluados-en-un-millon-de-pesos\/foto-4-6\/\" rel=\"attachment wp-att-68932\"><img data-recalc-dims=\"1\" loading=\"lazy\" decoding=\"async\" class=\"size-full wp-image-68932\" src=\"https:\/\/i0.wp.com\/www.eltrabajo.cl\/portal\/wp-content\/uploads\/2016\/04\/FOTO-4.jpg?resize=530%2C348\" alt=\"Al interior del local comercial se observa el desorden originado por antisocial en horas de la madrugada de ayer martes.\" width=\"530\" height=\"348\" srcset=\"https:\/\/i0.wp.com\/eltrabajo.cl\/portal\/wp-content\/uploads\/2016\/04\/FOTO-4.jpg?w=530&amp;ssl=1 530w, https:\/\/i0.wp.com\/eltrabajo.cl\/portal\/wp-content\/uploads\/2016\/04\/FOTO-4.jpg?resize=200%2C131&amp;ssl=1 200w, https:\/\/i0.wp.com\/eltrabajo.cl\/portal\/wp-content\/uploads\/2016\/04\/FOTO-4.jpg?resize=300%2C197&amp;ssl=1 300w, https:\/\/i0.wp.com\/eltrabajo.cl\/portal\/wp-content\/uploads\/2016\/04\/FOTO-4.jpg?resize=228%2C150&amp;ssl=1 228w, https:\/\/i0.wp.com\/eltrabajo.cl\/portal\/wp-content\/uploads\/2016\/04\/FOTO-4.jpg?resize=400%2C263&amp;ssl=1 400w\" sizes=\"auto, (max-width: 530px) 100vw, 530px\" \/><\/a><figcaption id=\"caption-attachment-68932\" class=\"wp-caption-text\">Al interior del local comercial se observa el desorden originado por antisocial en horas de la madrugada de ayer martes.<\/figcaption><\/figure>\n","protected":false},"excerpt":{"rendered":"<p>Capturado en flagrancia por Carabineros qued\u00f3 en libertad: Utilizando un napole\u00f3n para cortar los candados, un antisocial irrumpi\u00f3 hasta el Minimarket y carnicer\u00eda \u2018Flamingo\u2019 para robar gran cantidad de mercader\u00eda y dinero&#8230;<\/p>\n","protected":false},"author":1,"featured_media":68932,"comment_status":"open","ping_status":"open","sticky":false,"template":"","format":"standard","meta":{"advanced_seo_description":"","jetpack_seo_html_title":"","jetpack_seo_noindex":false,"_jetpack_memberships_contains_paid_content":false,"footnotes":""},"categories":[21],"tags":[],"class_list":["post-68930","post","type-post","status-publish","format-standard","has-post-thumbnail","hentry","category-policial"],"jetpack_featured_media_url":"https:\/\/i0.wp.com\/eltrabajo.cl\/portal\/wp-content\/uploads\/2016\/04\/FOTO-4.jpg?fit=530%2C348&ssl=1","jetpack_sharing_enabled":true,"jetpack_likes_enabled":true,"jetpack-related-posts":[],"_links":{"self":[{"href":"https:\/\/eltrabajo.cl\/portal\/wp-json\/wp\/v2\/posts\/68930","targetHints":{"allow":["GET"]}}],"collection":[{"href":"https:\/\/eltrabajo.cl\/portal\/wp-json\/wp\/v2\/posts"}],"about":[{"href":"https:\/\/eltrabajo.cl\/portal\/wp-json\/wp\/v2\/types\/post"}],"author":[{"embeddable":true,"href":"https:\/\/eltrabajo.cl\/portal\/wp-json\/wp\/v2\/users\/1"}],"replies":[{"embeddable":true,"href":"https:\/\/eltrabajo.cl\/portal\/wp-json\/wp\/v2\/comments?post=68930"}],"version-history":[{"count":0,"href":"https:\/\/eltrabajo.cl\/portal\/wp-json\/wp\/v2\/posts\/68930\/revisions"}],"wp:featuredmedia":[{"embeddable":true,"href":"https:\/\/eltrabajo.cl\/portal\/wp-json\/wp\/v2\/media\/68932"}],"wp:attachment":[{"href":"https:\/\/eltrabajo.cl\/portal\/wp-json\/wp\/v2\/media?parent=68930"}],"wp:term":[{"taxonomy":"category","embeddable":true,"href":"https:\/\/eltrabajo.cl\/portal\/wp-json\/wp\/v2\/categories?post=68930"},{"taxonomy":"post_tag","embeddable":true,"href":"https:\/\/eltrabajo.cl\/portal\/wp-json\/wp\/v2\/tags?post=68930"}],"curies":[{"name":"wp","href":"https:\/\/api.w.org\/{rel}","templated":true}]}}