{"id":68939,"date":"2016-04-20T09:12:36","date_gmt":"2016-04-20T12:12:36","guid":{"rendered":"http:\/\/www.eltrabajo.cl\/portal\/?p=68939"},"modified":"2016-04-20T09:12:36","modified_gmt":"2016-04-20T12:12:36","slug":"tras-las-rejas-queda-peligroso-traficante-de-drogas-y-su-hermana-de-villa-250-anos","status":"publish","type":"post","link":"https:\/\/eltrabajo.cl\/portal\/tras-las-rejas-queda-peligroso-traficante-de-drogas-y-su-hermana-de-villa-250-anos\/","title":{"rendered":"Tras las rejas queda peligroso traficante de drogas y su hermana de villa 250 A\u00f1os"},"content":{"rendered":"<p><strong>\u2018El Gast\u00f3n\u2019 lideraba banda criminal:\u00a0El Tribunal de Garant\u00eda de San Felipe decret\u00f3 la prisi\u00f3n preventiva para ambos hermanos, mientras que otros tres involucrados quedaron sujetos a la cautelar de firma mensual en Carabineros a la espera de la investigaci\u00f3n de la Fiscal\u00eda.<\/strong><\/p>\n<p>Fijando un plazo de 120 d\u00edas para la investigaci\u00f3n, el Tribunal de Garant\u00eda de San Felipe decret\u00f3 la m\u00e1xima cautelar de prisi\u00f3n preventiva a los l\u00edderes de una banda criminal dedicada al tr\u00e1fico de drogas que operaba desde la villa 250 A\u00f1os de San Felipe. De esta manera, Gast\u00f3n Andr\u00e9s Castillo Silva y su hermana Claudia Paz Silva Silva, quedaron tras las rejas a la espera de juicio oral por este delito.<br \/>\nTal como lo informamos en nuestra edici\u00f3n de ayer martes de Diario El Trabajo, los operativos a cargo del OS7 de Carabineros culminaron con la incautaci\u00f3n de 20 kilos de pasta base de coca\u00edna, 181 gramos de marihuana elaborada, un arma de fuego y tres veh\u00edculos, adem\u00e1s de 942 mil pesos en efectivo, desde una entrega que se concretar\u00eda en el terminal de Buses de San Felipe el pasado s\u00e1bado.<br \/>\nEn coordinaci\u00f3n con la Fiscal\u00eda de San Felipe, la polic\u00eda tambi\u00e9n allan\u00f3 las viviendas de la banda liderada por \u2018El Gast\u00f3n\u2019 en la villa 250 A\u00f1os y seg\u00fan las acusaciones, su hermana Claudia era la encargada de ocultar y almacenar la droga en su domicilio. A su vez, existir\u00eda un involucrado que ejecutaba labores de transportista de las sustancias y cobranzas de dinero; todos ellos fueron detenidos por el OS7, adem\u00e1s de los clientes que se abastec\u00edan de estas drogas.<br \/>\nEstos \u00faltimos nombrados fueron procesados por su participaci\u00f3n en estos delitos la tarde del lunes, quedando bajo las cautelares de firma mensual en Carabineros a la espera de las investigaciones que inici\u00f3 la Fiscal\u00eda para llevar a juicio oral a los detenidos.<br \/>\nEl Fiscal de Drogas del Ministerio P\u00fablico de San Felipe, Julio Palacios Bobadilla destac\u00f3 las diligencias concretadas por la polic\u00eda uniformada en los allanamientos que se concretaron en las viviendas de los acusados, permitiendo sacar de circulaci\u00f3n m\u00e1s de 200 mil dosis de estas sustancias.<br \/>\nEl persecutor se\u00f1al\u00f3 a Diario El Trabajo que las penas asignadas por estos delitos parten desde los cinco a\u00f1os y un d\u00eda de c\u00e1rcel tras una sentencia condenatoria.<br \/>\n<strong>Pablo Salinas Sald\u00edas<\/strong><\/p>\n<figure id=\"attachment_68940\" aria-describedby=\"caption-attachment-68940\" style=\"width: 530px\" class=\"wp-caption alignleft\"><a href=\"http:\/\/www.eltrabajo.cl\/portal\/tras-las-rejas-queda-peligroso-traficante-de-drogas-y-su-hermana-de-villa-250-anos\/gaston\/\" rel=\"attachment wp-att-68940\"><img data-recalc-dims=\"1\" loading=\"lazy\" decoding=\"async\" class=\"size-full wp-image-68940\" src=\"https:\/\/i0.wp.com\/www.eltrabajo.cl\/portal\/wp-content\/uploads\/2016\/04\/GASTON.jpg?resize=530%2C350\" alt=\"El imputado Gast\u00f3n Castillo Silva lideraba la banda criminal de tr\u00e1fico de drogas desde la villa 250 A\u00f1os, siendo detenido tras los operativos ejecutados por OS7 de Carabineros, quedando tras las rejas junto a su hermana bajo cautelar de prisi\u00f3n preventiva.\" width=\"530\" height=\"350\" srcset=\"https:\/\/i0.wp.com\/eltrabajo.cl\/portal\/wp-content\/uploads\/2016\/04\/GASTON.jpg?w=530&amp;ssl=1 530w, https:\/\/i0.wp.com\/eltrabajo.cl\/portal\/wp-content\/uploads\/2016\/04\/GASTON.jpg?resize=200%2C132&amp;ssl=1 200w, https:\/\/i0.wp.com\/eltrabajo.cl\/portal\/wp-content\/uploads\/2016\/04\/GASTON.jpg?resize=300%2C198&amp;ssl=1 300w, https:\/\/i0.wp.com\/eltrabajo.cl\/portal\/wp-content\/uploads\/2016\/04\/GASTON.jpg?resize=227%2C150&amp;ssl=1 227w, https:\/\/i0.wp.com\/eltrabajo.cl\/portal\/wp-content\/uploads\/2016\/04\/GASTON.jpg?resize=400%2C264&amp;ssl=1 400w\" sizes=\"auto, (max-width: 530px) 100vw, 530px\" \/><\/a><figcaption id=\"caption-attachment-68940\" class=\"wp-caption-text\">El imputado Gast\u00f3n Castillo Silva lideraba la banda criminal de tr\u00e1fico de drogas desde la villa 250 A\u00f1os, siendo detenido tras los operativos ejecutados por OS7 de Carabineros, quedando tras las rejas junto a su hermana bajo cautelar de prisi\u00f3n preventiva.<\/figcaption><\/figure>\n","protected":false},"excerpt":{"rendered":"<p>\u2018El Gast\u00f3n\u2019 lideraba banda criminal:\u00a0El Tribunal de Garant\u00eda de San Felipe decret\u00f3 la prisi\u00f3n preventiva para ambos hermanos, mientras que otros tres involucrados quedaron sujetos a la cautelar de firma mensual en&#8230;<\/p>\n","protected":false},"author":1,"featured_media":68940,"comment_status":"open","ping_status":"open","sticky":false,"template":"","format":"standard","meta":{"advanced_seo_description":"","jetpack_seo_html_title":"","jetpack_seo_noindex":false,"_jetpack_memberships_contains_paid_content":false,"footnotes":""},"categories":[21],"tags":[],"class_list":["post-68939","post","type-post","status-publish","format-standard","has-post-thumbnail","hentry","category-policial"],"jetpack_featured_media_url":"https:\/\/i0.wp.com\/eltrabajo.cl\/portal\/wp-content\/uploads\/2016\/04\/GASTON.jpg?fit=530%2C350&ssl=1","jetpack_sharing_enabled":true,"jetpack_likes_enabled":true,"jetpack-related-posts":[],"_links":{"self":[{"href":"https:\/\/eltrabajo.cl\/portal\/wp-json\/wp\/v2\/posts\/68939","targetHints":{"allow":["GET"]}}],"collection":[{"href":"https:\/\/eltrabajo.cl\/portal\/wp-json\/wp\/v2\/posts"}],"about":[{"href":"https:\/\/eltrabajo.cl\/portal\/wp-json\/wp\/v2\/types\/post"}],"author":[{"embeddable":true,"href":"https:\/\/eltrabajo.cl\/portal\/wp-json\/wp\/v2\/users\/1"}],"replies":[{"embeddable":true,"href":"https:\/\/eltrabajo.cl\/portal\/wp-json\/wp\/v2\/comments?post=68939"}],"version-history":[{"count":0,"href":"https:\/\/eltrabajo.cl\/portal\/wp-json\/wp\/v2\/posts\/68939\/revisions"}],"wp:featuredmedia":[{"embeddable":true,"href":"https:\/\/eltrabajo.cl\/portal\/wp-json\/wp\/v2\/media\/68940"}],"wp:attachment":[{"href":"https:\/\/eltrabajo.cl\/portal\/wp-json\/wp\/v2\/media?parent=68939"}],"wp:term":[{"taxonomy":"category","embeddable":true,"href":"https:\/\/eltrabajo.cl\/portal\/wp-json\/wp\/v2\/categories?post=68939"},{"taxonomy":"post_tag","embeddable":true,"href":"https:\/\/eltrabajo.cl\/portal\/wp-json\/wp\/v2\/tags?post=68939"}],"curies":[{"name":"wp","href":"https:\/\/api.w.org\/{rel}","templated":true}]}}