{"id":68949,"date":"2016-04-21T09:16:50","date_gmt":"2016-04-21T12:16:50","guid":{"rendered":"http:\/\/www.eltrabajo.cl\/portal\/?p=68949"},"modified":"2016-04-21T09:16:50","modified_gmt":"2016-04-21T12:16:50","slug":"realizaran-ciclo-educativo-de-tenencia-responsable-de-mascotas-en-colegios-sanfelipenos","status":"publish","type":"post","link":"https:\/\/eltrabajo.cl\/portal\/realizaran-ciclo-educativo-de-tenencia-responsable-de-mascotas-en-colegios-sanfelipenos\/","title":{"rendered":"Realizar\u00e1n ciclo educativo\u00a0de Tenencia Responsable de Mascotas\u00a0en colegios sanfelipe\u00f1os"},"content":{"rendered":"<p>El pr\u00f3ximo jueves 28 de abril, el programa de Tenencia Responsable de Mascotas de la Municipalidad de San Felipe, comenzar\u00e1 a impartir sus charlas de sensibilizaci\u00f3n en los distintos establecimientos educacionales de la comuna, siendo el Liceo Corina Urbina el recinto donde se desarrolle la primera jornada.<br \/>\nSeg\u00fan lo informado por Mariana Bravo, encargada del programa municipal, \u201cVamos a realizar una charla con las alumnas de ense\u00f1anza media, despu\u00e9s de eso se van a mostrar videos educativos que son bastante fuertes y que apuntan a sensibilizar a los estudiantes y adem\u00e1s se va a reproducir la pel\u00edcula Perla\u201d, describi\u00f3 Bravo, explicando cu\u00e1l ser\u00e1 la din\u00e1mica que tendr\u00e1n las presentaciones en cada establecimiento.<br \/>\n\u2018Perla\u2019 es una pel\u00edcula chilena, dirigida por el cineasta Sergio Castilla. Su tem\u00e1tica central trata de una perra callejera que es abandonada por su due\u00f1o en la punta del Cerro San Crist\u00f3bal (Santiago) y que desde ese momento pasa a ser una m\u00e1s, de los miles de perros y perras abandonadas en la ciudad.<br \/>\n\u201cEn esta primera jornada de sensibilizaci\u00f3n, queremos terminar formando una brigada animalista y salir a desparasitar los animales que est\u00e1n cerca del sector del establecimiento\u201d, sostuvo Bravo, a\u00f1adiendo que \u201cqueremos aprovechar esta \u00e9poca para recorrer todos los colegios y no s\u00f3lo actuar con los ni\u00f1os de ense\u00f1anza media, sino tambi\u00e9n con los m\u00e1s peque\u00f1os, de b\u00e1sica y tambi\u00e9n considerar los colegios rurales, donde tambi\u00e9n vamos a implementar videos educativos para que puedan trabajar la tenencia responsable de mascotas\u201d, sentenci\u00f3.<br \/>\nReferente al trabajo con los estudiantes del primer ciclo b\u00e1sico, la animalista destac\u00f3 que \u201cel trabajo con ellos debe ser bastante did\u00e1ctico, adem\u00e1s de educarlos con un trabajo de PowerPoint de acuerdo a sus edades y niveles, tambi\u00e9n les damos la posibilidad que ellos puedan llevar a sus mascotas para desparasitarlas en el mismo establecimiento y desarrollar actividades recreativas con los m\u00e1s chiquititos, porque ellos son muy importantes para educar en sus casas a su familias lo que significa la tenencia responsable de mascotas\u201d, concluy\u00f3<br \/>\nLuego del paso por los distintos establecimientos de la comuna, el Programa Municipal de Tenencia Responsable, pretende culminar el ciclo con la realizaci\u00f3n de un mural educativo, referente a esta tem\u00e1tica, el cual se har\u00e1 en el Terminal Rodoviario de San Felipe, -seg\u00fan Bravo- como un regalo para la comuna.<\/p>\n<figure id=\"attachment_68950\" aria-describedby=\"caption-attachment-68950\" style=\"width: 300px\" class=\"wp-caption alignleft\"><a href=\"http:\/\/www.eltrabajo.cl\/portal\/realizaran-ciclo-educativo-de-tenencia-responsable-de-mascotas-en-colegios-sanfelipenos\/foto-1-mariana-bravo-encargada-del-programa-tenencia-responsable\/\" rel=\"attachment wp-att-68950\"><img data-recalc-dims=\"1\" loading=\"lazy\" decoding=\"async\" class=\"size-medium wp-image-68950\" src=\"https:\/\/i0.wp.com\/www.eltrabajo.cl\/portal\/wp-content\/uploads\/2016\/04\/FOTO-1-MARIANA-BRAVO-ENCARGADA-DEL-PROGRAMA-tenencia-responsable-300x197.jpg?resize=300%2C197\" alt=\"Mariana Bravo, encargada del programa de tenencia responsable de mascotas de la Municipalidad de San Felipe.\" width=\"300\" height=\"197\" srcset=\"https:\/\/i0.wp.com\/eltrabajo.cl\/portal\/wp-content\/uploads\/2016\/04\/FOTO-1-MARIANA-BRAVO-ENCARGADA-DEL-PROGRAMA-tenencia-responsable.jpg?resize=300%2C197&amp;ssl=1 300w, https:\/\/i0.wp.com\/eltrabajo.cl\/portal\/wp-content\/uploads\/2016\/04\/FOTO-1-MARIANA-BRAVO-ENCARGADA-DEL-PROGRAMA-tenencia-responsable.jpg?resize=200%2C131&amp;ssl=1 200w, https:\/\/i0.wp.com\/eltrabajo.cl\/portal\/wp-content\/uploads\/2016\/04\/FOTO-1-MARIANA-BRAVO-ENCARGADA-DEL-PROGRAMA-tenencia-responsable.jpg?resize=228%2C150&amp;ssl=1 228w, https:\/\/i0.wp.com\/eltrabajo.cl\/portal\/wp-content\/uploads\/2016\/04\/FOTO-1-MARIANA-BRAVO-ENCARGADA-DEL-PROGRAMA-tenencia-responsable.jpg?resize=400%2C263&amp;ssl=1 400w, https:\/\/i0.wp.com\/eltrabajo.cl\/portal\/wp-content\/uploads\/2016\/04\/FOTO-1-MARIANA-BRAVO-ENCARGADA-DEL-PROGRAMA-tenencia-responsable.jpg?w=530&amp;ssl=1 530w\" sizes=\"auto, (max-width: 300px) 100vw, 300px\" \/><\/a><figcaption id=\"caption-attachment-68950\" class=\"wp-caption-text\">Mariana Bravo, encargada del programa de tenencia responsable de mascotas de la Municipalidad de San Felipe.<\/figcaption><\/figure>\n","protected":false},"excerpt":{"rendered":"<p>El pr\u00f3ximo jueves 28 de abril, el programa de Tenencia Responsable de Mascotas de la Municipalidad de San Felipe, comenzar\u00e1 a impartir sus charlas de sensibilizaci\u00f3n en los distintos establecimientos educacionales de&#8230;<\/p>\n","protected":false},"author":1,"featured_media":68950,"comment_status":"open","ping_status":"open","sticky":false,"template":"","format":"standard","meta":{"advanced_seo_description":"","jetpack_seo_html_title":"","jetpack_seo_noindex":false,"_jetpack_memberships_contains_paid_content":false,"footnotes":""},"categories":[1],"tags":[],"class_list":["post-68949","post","type-post","status-publish","format-standard","has-post-thumbnail","hentry","category-cronica"],"jetpack_featured_media_url":"https:\/\/i0.wp.com\/eltrabajo.cl\/portal\/wp-content\/uploads\/2016\/04\/FOTO-1-MARIANA-BRAVO-ENCARGADA-DEL-PROGRAMA-tenencia-responsable.jpg?fit=530%2C348&ssl=1","jetpack_sharing_enabled":true,"jetpack_likes_enabled":true,"jetpack-related-posts":[],"_links":{"self":[{"href":"https:\/\/eltrabajo.cl\/portal\/wp-json\/wp\/v2\/posts\/68949","targetHints":{"allow":["GET"]}}],"collection":[{"href":"https:\/\/eltrabajo.cl\/portal\/wp-json\/wp\/v2\/posts"}],"about":[{"href":"https:\/\/eltrabajo.cl\/portal\/wp-json\/wp\/v2\/types\/post"}],"author":[{"embeddable":true,"href":"https:\/\/eltrabajo.cl\/portal\/wp-json\/wp\/v2\/users\/1"}],"replies":[{"embeddable":true,"href":"https:\/\/eltrabajo.cl\/portal\/wp-json\/wp\/v2\/comments?post=68949"}],"version-history":[{"count":0,"href":"https:\/\/eltrabajo.cl\/portal\/wp-json\/wp\/v2\/posts\/68949\/revisions"}],"wp:featuredmedia":[{"embeddable":true,"href":"https:\/\/eltrabajo.cl\/portal\/wp-json\/wp\/v2\/media\/68950"}],"wp:attachment":[{"href":"https:\/\/eltrabajo.cl\/portal\/wp-json\/wp\/v2\/media?parent=68949"}],"wp:term":[{"taxonomy":"category","embeddable":true,"href":"https:\/\/eltrabajo.cl\/portal\/wp-json\/wp\/v2\/categories?post=68949"},{"taxonomy":"post_tag","embeddable":true,"href":"https:\/\/eltrabajo.cl\/portal\/wp-json\/wp\/v2\/tags?post=68949"}],"curies":[{"name":"wp","href":"https:\/\/api.w.org\/{rel}","templated":true}]}}