{"id":68953,"date":"2016-04-21T09:27:08","date_gmt":"2016-04-21T12:27:08","guid":{"rendered":"http:\/\/www.eltrabajo.cl\/portal\/?p=68953"},"modified":"2016-04-21T09:27:08","modified_gmt":"2016-04-21T12:27:08","slug":"traficante-es-condenado-en-juicio-oral-y-arriesga-hasta-cinco-anos-de-carcel","status":"publish","type":"post","link":"https:\/\/eltrabajo.cl\/portal\/traficante-es-condenado-en-juicio-oral-y-arriesga-hasta-cinco-anos-de-carcel\/","title":{"rendered":"Traficante es condenado en juicio oral y arriesga hasta cinco a\u00f1os de c\u00e1rcel"},"content":{"rendered":"<p><strong>En los hechos de la acusaci\u00f3n de la Fiscal\u00eda de San Felipe se\u00f1alan que una mujer de nacionalidad ecuatoriana provey\u00f3 de la droga tra\u00edda desde la Regi\u00f3n Metropolitana, siendo ambos condenados por este il\u00edcito.<\/strong><\/p>\n<p>Por el delito de tr\u00e1fico de drogas, el Tribunal Oral en Lo Penal de San Felipe conden\u00f3 a Adolfo Antonio Calder\u00f3n Barros domiciliado en la villa 250 A\u00f1os y la ciudadana ecuatoriana Lely Noehly Tello Segura. En el juicio se demostr\u00f3 que ambos participaron de la transacci\u00f3n de un kilo de pasta base y 100 gramos de clorhidrato de coca\u00edna en plena Carretera San Mart\u00edn.<br \/>\nLa Fiscal\u00eda acus\u00f3 a la pareja delictiva por los hechos ocurridos el 18 de junio de 2015, tras las diligencias concretadas por la Brigada Antinarc\u00f3ticos de la Polic\u00eda de Investigaciones de Los Andes. Los efectivos manten\u00edan antecedentes que el entonces imputado Calder\u00f3n Barros comercializaba drogas desde la villa 250 A\u00f1os de San Felipe.<br \/>\nAquel d\u00eda, la polic\u00eda civil logr\u00f3 establecer que la ciudadana ecuatoriana residente en Chile, viaj\u00f3 desde la Regi\u00f3n Metropolitana hasta la comuna de San Felipe para efectuar una entrega de drogas a petici\u00f3n de Calder\u00f3n Barros para distribuirla a los adictos de esta localidad.<br \/>\nCon esta informaci\u00f3n, los efectivos policiales se apostaron en distintos puntos de la carretera San Mart\u00edn, lugar donde se concret\u00f3 la entrega de un kilo de pasta base y 100 gramos de clorhidrato de coca\u00edna, siendo ambos detenidos y formalizados por este il\u00edcito, quedando sujetos a la medida de prisi\u00f3n preventiva.<br \/>\nLa terna de jueces gener\u00f3 convicci\u00f3n ante la tesis de la Fiscal\u00eda, condenando a la pareja delictiva por estos hechos. El Fiscal del Ministerio P\u00fablico de San Felipe, Julio Palacios Bobadilla, inform\u00f3 a Diario El Trabajo que tras el veredicto judicial se persigue una pena que alcance los 5 a\u00f1os y un d\u00eda de presidio.<br \/>\n\u201cAmbos fueron condenados por el delito de tr\u00e1fico de drogas, la Fiscal\u00eda est\u00e1 requiriendo 5 a\u00f1os y un d\u00eda para el imputado, mientras que para la mujer 3 a\u00f1os y un d\u00eda de presidio\u201d.<br \/>\nLa lectura de sentencia ser\u00e1 dada a conocer ma\u00f1ana viernes en la sala del Tribunal Oral en Lo Penal de San Felipe.<br \/>\n<strong>Pablo Salinas Sald\u00edas<\/strong><\/p>\n<figure id=\"attachment_68954\" aria-describedby=\"caption-attachment-68954\" style=\"width: 530px\" class=\"wp-caption alignleft\"><a href=\"http:\/\/www.eltrabajo.cl\/portal\/traficante-es-condenado-en-juicio-oral-y-arriesga-hasta-cinco-anos-de-carcel\/droga-pdi\/\" rel=\"attachment wp-att-68954\"><img data-recalc-dims=\"1\" loading=\"lazy\" decoding=\"async\" class=\"wp-image-68954 size-full\" src=\"https:\/\/i0.wp.com\/www.eltrabajo.cl\/portal\/wp-content\/uploads\/2016\/04\/DROGA-PDI.jpg?resize=530%2C349\" alt=\"La Brigada Antinarc\u00f3ticos de la PDI de Los Andes efectu\u00f3 el decomiso de la droga consistente en pasta base y clorhidrato de coca\u00edna que ser\u00eda comercializada por un traficante domiciliado en la villa 250 A\u00f1os de San Felipe.\" width=\"530\" height=\"349\" srcset=\"https:\/\/i0.wp.com\/eltrabajo.cl\/portal\/wp-content\/uploads\/2016\/04\/DROGA-PDI.jpg?w=530&amp;ssl=1 530w, https:\/\/i0.wp.com\/eltrabajo.cl\/portal\/wp-content\/uploads\/2016\/04\/DROGA-PDI.jpg?resize=200%2C132&amp;ssl=1 200w, https:\/\/i0.wp.com\/eltrabajo.cl\/portal\/wp-content\/uploads\/2016\/04\/DROGA-PDI.jpg?resize=300%2C198&amp;ssl=1 300w, https:\/\/i0.wp.com\/eltrabajo.cl\/portal\/wp-content\/uploads\/2016\/04\/DROGA-PDI.jpg?resize=228%2C150&amp;ssl=1 228w, https:\/\/i0.wp.com\/eltrabajo.cl\/portal\/wp-content\/uploads\/2016\/04\/DROGA-PDI.jpg?resize=400%2C263&amp;ssl=1 400w\" sizes=\"auto, (max-width: 530px) 100vw, 530px\" \/><\/a><figcaption id=\"caption-attachment-68954\" class=\"wp-caption-text\">La Brigada Antinarc\u00f3ticos de la PDI de Los Andes efectu\u00f3 el decomiso de la droga consistente en pasta base y clorhidrato de coca\u00edna que ser\u00eda comercializada por un traficante domiciliado en la villa 250 A\u00f1os de San Felipe.<\/figcaption><\/figure>\n","protected":false},"excerpt":{"rendered":"<p>En los hechos de la acusaci\u00f3n de la Fiscal\u00eda de San Felipe se\u00f1alan que una mujer de nacionalidad ecuatoriana provey\u00f3 de la droga tra\u00edda desde la Regi\u00f3n Metropolitana, siendo ambos condenados por&#8230;<\/p>\n","protected":false},"author":1,"featured_media":68954,"comment_status":"open","ping_status":"open","sticky":false,"template":"","format":"standard","meta":{"advanced_seo_description":"","jetpack_seo_html_title":"","jetpack_seo_noindex":false,"_jetpack_memberships_contains_paid_content":false,"footnotes":""},"categories":[21],"tags":[],"class_list":["post-68953","post","type-post","status-publish","format-standard","has-post-thumbnail","hentry","category-policial"],"jetpack_featured_media_url":"https:\/\/i0.wp.com\/eltrabajo.cl\/portal\/wp-content\/uploads\/2016\/04\/DROGA-PDI.jpg?fit=530%2C349&ssl=1","jetpack_sharing_enabled":true,"jetpack_likes_enabled":true,"jetpack-related-posts":[],"_links":{"self":[{"href":"https:\/\/eltrabajo.cl\/portal\/wp-json\/wp\/v2\/posts\/68953","targetHints":{"allow":["GET"]}}],"collection":[{"href":"https:\/\/eltrabajo.cl\/portal\/wp-json\/wp\/v2\/posts"}],"about":[{"href":"https:\/\/eltrabajo.cl\/portal\/wp-json\/wp\/v2\/types\/post"}],"author":[{"embeddable":true,"href":"https:\/\/eltrabajo.cl\/portal\/wp-json\/wp\/v2\/users\/1"}],"replies":[{"embeddable":true,"href":"https:\/\/eltrabajo.cl\/portal\/wp-json\/wp\/v2\/comments?post=68953"}],"version-history":[{"count":0,"href":"https:\/\/eltrabajo.cl\/portal\/wp-json\/wp\/v2\/posts\/68953\/revisions"}],"wp:featuredmedia":[{"embeddable":true,"href":"https:\/\/eltrabajo.cl\/portal\/wp-json\/wp\/v2\/media\/68954"}],"wp:attachment":[{"href":"https:\/\/eltrabajo.cl\/portal\/wp-json\/wp\/v2\/media?parent=68953"}],"wp:term":[{"taxonomy":"category","embeddable":true,"href":"https:\/\/eltrabajo.cl\/portal\/wp-json\/wp\/v2\/categories?post=68953"},{"taxonomy":"post_tag","embeddable":true,"href":"https:\/\/eltrabajo.cl\/portal\/wp-json\/wp\/v2\/tags?post=68953"}],"curies":[{"name":"wp","href":"https:\/\/api.w.org\/{rel}","templated":true}]}}