{"id":68959,"date":"2016-04-21T09:38:00","date_gmt":"2016-04-21T12:38:00","guid":{"rendered":"http:\/\/www.eltrabajo.cl\/portal\/?p=68959"},"modified":"2016-04-21T09:38:00","modified_gmt":"2016-04-21T12:38:00","slug":"parvulos-de-duendecitos-reciben-alegres-a-regalones-carabineros","status":"publish","type":"post","link":"https:\/\/eltrabajo.cl\/portal\/parvulos-de-duendecitos-reciben-alegres-a-regalones-carabineros\/","title":{"rendered":"P\u00e1rvulos de Duendecitos reciben alegres a regalones carabineros"},"content":{"rendered":"<p>Todo un fest\u00edn de alegr\u00eda es el que se gener\u00f3 en el Jard\u00edn Infantil Duendecitos de El Algarrobal, pues los 98 peque\u00f1itos que son atendidos en ese centro infantil recibieron con sus brazos abiertos a una comitiva del Departamento de Asuntos Comunitarios de la 2\u00aa Comisar\u00eda de Carabineros de San Felipe.<\/p>\n<p><strong>SELLO AMBIENTAL<\/strong><br \/>\nA esta jornada y de manera exclusiva fueron invitadas las c\u00e1maras de Diario El Trabajo, mismas que no perdieron detalle del cari\u00f1oso accionar de los uniformados y las educadoras de p\u00e1rvulos.<br \/>\n\u00abLos ni\u00f1os de este jard\u00edn tienen siempre actividades que reflejen y resalten nuestro sello institucional, que es el Medioambiente, lo que les permite desde muy chicos desarrollar una firme relaci\u00f3n positiva con la naturaleza, por lo que recientemente hicimos siembra de plantas y \u00e1rboles en alrededores de nuestro jard\u00edn, toda una aventura para ellos\u00bb, explic\u00f3 a nuestro medio la directora de Duendecitos, Viviana Delgado.<br \/>\nTambi\u00e9n a estos duendecitos sanfelipe\u00f1os se les realiz\u00f3 toda una limpieza dental hace una semana, lo que les permite tambi\u00e9n desarrollar los h\u00e1bitos de higiene personal desde temprana edad.<\/p>\n<p><strong>UN ACERCAMIENTO<\/strong><br \/>\nDiario El Trabajo habl\u00f3 con el Suboficial Mayor de Carabineros, Luis Fern\u00e1ndez, quien explic\u00f3 que \u00abesta es una jornada especial de acercamiento a los p\u00e1rvulos, la idea es que ellos poco a poco crezcan asimilando nuestra presencia de manera positiva, quiz\u00e1 en el futuro alguno de ellos sean carabineros, tambi\u00e9n buscamos que entiendan que Carabineros de Chile no somos \u2018el enemigo\u2019, sino m\u00e1s bien servidores p\u00fablicos dispuestos a servir a la sociedad\u00bb.<br \/>\nLos ni\u00f1os cantaron, marcharon y hasta leyeron bellos poemas a los uniformados, una de ellas tambi\u00e9n entreg\u00f3 un regalo a los carabineros visitadores. Los uniformados son Suboficial Hugo Jaque; Sargento 1\u00ba Ra\u00fal Zelaya; la Cabo 2\u00ba Tracy Mena y el propio Suboficial Mayor Luis Fern\u00e1ndez.<br \/>\n<strong>Roberto Gonz\u00e1lez Short<\/strong><br \/>\n<strong>rgonzalez@eltrabajo.cl<\/strong><\/p>\n<figure id=\"attachment_68960\" aria-describedby=\"caption-attachment-68960\" style=\"width: 530px\" class=\"wp-caption alignleft\"><a href=\"http:\/\/www.eltrabajo.cl\/portal\/parvulos-de-duendecitos-reciben-alegres-a-regalones-carabineros\/grupal1-29\/\" rel=\"attachment wp-att-68960\"><img data-recalc-dims=\"1\" loading=\"lazy\" decoding=\"async\" class=\"wp-image-68960 size-full\" src=\"https:\/\/i0.wp.com\/www.eltrabajo.cl\/portal\/wp-content\/uploads\/2016\/04\/Grupal1.jpg?resize=530%2C350\" alt=\"UN D\u00cdA ESPECIAL.- Los 98 duendecitos de este centro infantil recibieron con sus brazos abiertos a los carabineros, quienes visitaron ayer mi\u00e9rcoles su jard\u00edn infantil en Nuevo Algarrobal.\" width=\"530\" height=\"350\" srcset=\"https:\/\/i0.wp.com\/eltrabajo.cl\/portal\/wp-content\/uploads\/2016\/04\/Grupal1.jpg?w=530&amp;ssl=1 530w, https:\/\/i0.wp.com\/eltrabajo.cl\/portal\/wp-content\/uploads\/2016\/04\/Grupal1.jpg?resize=200%2C132&amp;ssl=1 200w, https:\/\/i0.wp.com\/eltrabajo.cl\/portal\/wp-content\/uploads\/2016\/04\/Grupal1.jpg?resize=300%2C198&amp;ssl=1 300w, https:\/\/i0.wp.com\/eltrabajo.cl\/portal\/wp-content\/uploads\/2016\/04\/Grupal1.jpg?resize=227%2C150&amp;ssl=1 227w, https:\/\/i0.wp.com\/eltrabajo.cl\/portal\/wp-content\/uploads\/2016\/04\/Grupal1.jpg?resize=400%2C264&amp;ssl=1 400w\" sizes=\"auto, (max-width: 530px) 100vw, 530px\" \/><\/a><figcaption id=\"caption-attachment-68960\" class=\"wp-caption-text\">UN D\u00cdA ESPECIAL.- Los 98 duendecitos de este centro infantil recibieron con sus brazos abiertos a los carabineros, quienes visitaron ayer mi\u00e9rcoles su jard\u00edn infantil en Nuevo Algarrobal.<\/figcaption><\/figure>\n<p>&nbsp;<\/p>\n<figure id=\"attachment_68965\" aria-describedby=\"caption-attachment-68965\" style=\"width: 300px\" class=\"wp-caption alignleft\"><a href=\"http:\/\/www.eltrabajo.cl\/portal\/parvulos-de-duendecitos-reciben-alegres-a-regalones-carabineros\/valenthina-arredondo\/\" rel=\"attachment wp-att-68965\"><img data-recalc-dims=\"1\" loading=\"lazy\" decoding=\"async\" class=\"wp-image-68965 size-medium\" src=\"https:\/\/i0.wp.com\/www.eltrabajo.cl\/portal\/wp-content\/uploads\/2016\/04\/Valenthina-Arredondo-300x197.jpg?resize=300%2C197\" alt=\"SALUD DENTAL.- Valenthina Arredondo se llama esta peque\u00f1ita, a ella se le aplic\u00f3 la semana pasada una limpieza dental a profundidad.\" width=\"300\" height=\"197\" srcset=\"https:\/\/i0.wp.com\/eltrabajo.cl\/portal\/wp-content\/uploads\/2016\/04\/Valenthina-Arredondo.jpg?resize=300%2C197&amp;ssl=1 300w, https:\/\/i0.wp.com\/eltrabajo.cl\/portal\/wp-content\/uploads\/2016\/04\/Valenthina-Arredondo.jpg?resize=200%2C131&amp;ssl=1 200w, https:\/\/i0.wp.com\/eltrabajo.cl\/portal\/wp-content\/uploads\/2016\/04\/Valenthina-Arredondo.jpg?resize=228%2C150&amp;ssl=1 228w, https:\/\/i0.wp.com\/eltrabajo.cl\/portal\/wp-content\/uploads\/2016\/04\/Valenthina-Arredondo.jpg?resize=400%2C263&amp;ssl=1 400w, https:\/\/i0.wp.com\/eltrabajo.cl\/portal\/wp-content\/uploads\/2016\/04\/Valenthina-Arredondo.jpg?w=530&amp;ssl=1 530w\" sizes=\"auto, (max-width: 300px) 100vw, 300px\" \/><\/a><figcaption id=\"caption-attachment-68965\" class=\"wp-caption-text\">SALUD DENTAL.- Valenthina Arredondo se llama esta peque\u00f1ita, a ella se le aplic\u00f3 la semana pasada una limpieza dental a profundidad.<\/figcaption><\/figure>\n<figure id=\"attachment_68964\" aria-describedby=\"caption-attachment-68964\" style=\"width: 300px\" class=\"wp-caption alignleft\"><a href=\"http:\/\/www.eltrabajo.cl\/portal\/parvulos-de-duendecitos-reciben-alegres-a-regalones-carabineros\/renato-berrios\/\" rel=\"attachment wp-att-68964\"><img data-recalc-dims=\"1\" loading=\"lazy\" decoding=\"async\" class=\"size-medium wp-image-68964\" src=\"https:\/\/i0.wp.com\/www.eltrabajo.cl\/portal\/wp-content\/uploads\/2016\/04\/Renato-Berrios-300x197.jpg?resize=300%2C197\" alt=\"SIEMPRE NI\u00d1OS.- Aqu\u00ed tenemos a Renato Berr\u00edos, quien fue carabinero por algunos minutos, la patrulla se llen\u00f3 en instantes de inquietos ni\u00f1os.\" width=\"300\" height=\"197\" srcset=\"https:\/\/i0.wp.com\/eltrabajo.cl\/portal\/wp-content\/uploads\/2016\/04\/Renato-Berrios.jpg?resize=300%2C197&amp;ssl=1 300w, https:\/\/i0.wp.com\/eltrabajo.cl\/portal\/wp-content\/uploads\/2016\/04\/Renato-Berrios.jpg?resize=200%2C131&amp;ssl=1 200w, https:\/\/i0.wp.com\/eltrabajo.cl\/portal\/wp-content\/uploads\/2016\/04\/Renato-Berrios.jpg?resize=228%2C150&amp;ssl=1 228w, https:\/\/i0.wp.com\/eltrabajo.cl\/portal\/wp-content\/uploads\/2016\/04\/Renato-Berrios.jpg?resize=400%2C263&amp;ssl=1 400w, https:\/\/i0.wp.com\/eltrabajo.cl\/portal\/wp-content\/uploads\/2016\/04\/Renato-Berrios.jpg?w=530&amp;ssl=1 530w\" sizes=\"auto, (max-width: 300px) 100vw, 300px\" \/><\/a><figcaption id=\"caption-attachment-68964\" class=\"wp-caption-text\">SIEMPRE NI\u00d1OS.- Aqu\u00ed tenemos a Renato Berr\u00edos, quien fue carabinero por algunos minutos, la patrulla se llen\u00f3 en instantes de inquietos ni\u00f1os.<\/figcaption><\/figure>\n<figure id=\"attachment_68962\" aria-describedby=\"caption-attachment-68962\" style=\"width: 200px\" class=\"wp-caption alignleft\"><a href=\"http:\/\/www.eltrabajo.cl\/portal\/parvulos-de-duendecitos-reciben-alegres-a-regalones-carabineros\/luis-fernandez\/\" rel=\"attachment wp-att-68962\"><img data-recalc-dims=\"1\" loading=\"lazy\" decoding=\"async\" class=\"wp-image-68962 size-thumbnail\" src=\"https:\/\/i0.wp.com\/www.eltrabajo.cl\/portal\/wp-content\/uploads\/2016\/04\/Luis-Fernandez-200x131.jpg?resize=200%2C131\" alt=\"Suboficial Mayor de Carabineros, Luis Fern\u00e1ndez.\" width=\"200\" height=\"131\" srcset=\"https:\/\/i0.wp.com\/eltrabajo.cl\/portal\/wp-content\/uploads\/2016\/04\/Luis-Fernandez.jpg?resize=200%2C131&amp;ssl=1 200w, https:\/\/i0.wp.com\/eltrabajo.cl\/portal\/wp-content\/uploads\/2016\/04\/Luis-Fernandez.jpg?resize=300%2C197&amp;ssl=1 300w, https:\/\/i0.wp.com\/eltrabajo.cl\/portal\/wp-content\/uploads\/2016\/04\/Luis-Fernandez.jpg?resize=228%2C150&amp;ssl=1 228w, https:\/\/i0.wp.com\/eltrabajo.cl\/portal\/wp-content\/uploads\/2016\/04\/Luis-Fernandez.jpg?resize=400%2C263&amp;ssl=1 400w, https:\/\/i0.wp.com\/eltrabajo.cl\/portal\/wp-content\/uploads\/2016\/04\/Luis-Fernandez.jpg?w=530&amp;ssl=1 530w\" sizes=\"auto, (max-width: 200px) 100vw, 200px\" \/><\/a><figcaption id=\"caption-attachment-68962\" class=\"wp-caption-text\">Suboficial Mayor de Carabineros, Luis Fern\u00e1ndez.<\/figcaption><\/figure>\n<figure id=\"attachment_68961\" aria-describedby=\"caption-attachment-68961\" style=\"width: 200px\" class=\"wp-caption alignleft\"><a href=\"http:\/\/www.eltrabajo.cl\/portal\/parvulos-de-duendecitos-reciben-alegres-a-regalones-carabineros\/viviana-delgado-2\/\" rel=\"attachment wp-att-68961\"><img data-recalc-dims=\"1\" loading=\"lazy\" decoding=\"async\" class=\"wp-image-68961 size-thumbnail\" src=\"https:\/\/i0.wp.com\/www.eltrabajo.cl\/portal\/wp-content\/uploads\/2016\/04\/Viviana-Delgado-200x131.jpg?resize=200%2C131\" alt=\"Directora de Duendecitos, Viviana Delgado. \" width=\"200\" height=\"131\" srcset=\"https:\/\/i0.wp.com\/eltrabajo.cl\/portal\/wp-content\/uploads\/2016\/04\/Viviana-Delgado.jpg?resize=200%2C131&amp;ssl=1 200w, https:\/\/i0.wp.com\/eltrabajo.cl\/portal\/wp-content\/uploads\/2016\/04\/Viviana-Delgado.jpg?resize=300%2C197&amp;ssl=1 300w, https:\/\/i0.wp.com\/eltrabajo.cl\/portal\/wp-content\/uploads\/2016\/04\/Viviana-Delgado.jpg?resize=228%2C150&amp;ssl=1 228w, https:\/\/i0.wp.com\/eltrabajo.cl\/portal\/wp-content\/uploads\/2016\/04\/Viviana-Delgado.jpg?resize=400%2C263&amp;ssl=1 400w, https:\/\/i0.wp.com\/eltrabajo.cl\/portal\/wp-content\/uploads\/2016\/04\/Viviana-Delgado.jpg?w=530&amp;ssl=1 530w\" sizes=\"auto, (max-width: 200px) 100vw, 200px\" \/><\/a><figcaption id=\"caption-attachment-68961\" class=\"wp-caption-text\">Directora de Duendecitos, Viviana Delgado.<\/figcaption><\/figure>\n<p>&nbsp;<\/p>\n","protected":false},"excerpt":{"rendered":"<p>Todo un fest\u00edn de alegr\u00eda es el que se gener\u00f3 en el Jard\u00edn Infantil Duendecitos de El Algarrobal, pues los 98 peque\u00f1itos que son atendidos en ese centro infantil recibieron con sus&#8230;<\/p>\n","protected":false},"author":1,"featured_media":68960,"comment_status":"open","ping_status":"open","sticky":false,"template":"","format":"standard","meta":{"advanced_seo_description":"","jetpack_seo_html_title":"","jetpack_seo_noindex":false,"_jetpack_memberships_contains_paid_content":false,"footnotes":""},"categories":[1],"tags":[],"class_list":["post-68959","post","type-post","status-publish","format-standard","has-post-thumbnail","hentry","category-cronica"],"jetpack_featured_media_url":"https:\/\/i0.wp.com\/eltrabajo.cl\/portal\/wp-content\/uploads\/2016\/04\/Grupal1.jpg?fit=530%2C350&ssl=1","jetpack_sharing_enabled":true,"jetpack_likes_enabled":true,"jetpack-related-posts":[],"_links":{"self":[{"href":"https:\/\/eltrabajo.cl\/portal\/wp-json\/wp\/v2\/posts\/68959","targetHints":{"allow":["GET"]}}],"collection":[{"href":"https:\/\/eltrabajo.cl\/portal\/wp-json\/wp\/v2\/posts"}],"about":[{"href":"https:\/\/eltrabajo.cl\/portal\/wp-json\/wp\/v2\/types\/post"}],"author":[{"embeddable":true,"href":"https:\/\/eltrabajo.cl\/portal\/wp-json\/wp\/v2\/users\/1"}],"replies":[{"embeddable":true,"href":"https:\/\/eltrabajo.cl\/portal\/wp-json\/wp\/v2\/comments?post=68959"}],"version-history":[{"count":0,"href":"https:\/\/eltrabajo.cl\/portal\/wp-json\/wp\/v2\/posts\/68959\/revisions"}],"wp:featuredmedia":[{"embeddable":true,"href":"https:\/\/eltrabajo.cl\/portal\/wp-json\/wp\/v2\/media\/68960"}],"wp:attachment":[{"href":"https:\/\/eltrabajo.cl\/portal\/wp-json\/wp\/v2\/media?parent=68959"}],"wp:term":[{"taxonomy":"category","embeddable":true,"href":"https:\/\/eltrabajo.cl\/portal\/wp-json\/wp\/v2\/categories?post=68959"},{"taxonomy":"post_tag","embeddable":true,"href":"https:\/\/eltrabajo.cl\/portal\/wp-json\/wp\/v2\/tags?post=68959"}],"curies":[{"name":"wp","href":"https:\/\/api.w.org\/{rel}","templated":true}]}}