{"id":68975,"date":"2016-04-21T09:45:12","date_gmt":"2016-04-21T12:45:12","guid":{"rendered":"http:\/\/www.eltrabajo.cl\/portal\/?p=68975"},"modified":"2016-04-21T09:45:12","modified_gmt":"2016-04-21T12:45:12","slug":"multa-de-mil-utm-deberia-pagar-codelco-por-derrame-de-concentrado-de-cobre","status":"publish","type":"post","link":"https:\/\/eltrabajo.cl\/portal\/multa-de-mil-utm-deberia-pagar-codelco-por-derrame-de-concentrado-de-cobre\/","title":{"rendered":"Multa de mil UTM deber\u00eda pagar Codelco por derrame de concentrado de cobre"},"content":{"rendered":"<p><strong>La estatal tiene la posibilidad de apelar a la sanci\u00f3n y\/o realizar una reclamaci\u00f3n judicial<\/strong><\/p>\n<p><strong>LOS ANDES.<\/strong>&#8211; La Seremi de Salud de la Regi\u00f3n de Valpara\u00edso aplic\u00f3 una multa de 1.000 UTM (poco m\u00e1s de 45 millones de pesos) a Codelco Divisi\u00f3n Andina por su responsabilidad en el vertimiento de concentrado de cobre en el r\u00edo Blanco.<br \/>\n\u201cEstimamos que existe una responsabilidad directa en este hecho, por ello hemos aplicado la m\u00e1xima multa y se les ha otorgado un plazo para que nos puedan presentar entre otras exigencias un programa de muestreo de las aguas de los r\u00edos Blanco y Aconcagua, un programa de muestreo de la calidad de las aguas en la captaciones de las plantas de agua potable y rural y un programa de mantenci\u00f3n preventiva de los ductos de transporte de concentrado de cobre\u201d, puntualiz\u00f3 Mar\u00eda Graciela Astudillo.<br \/>\nPese a que el sumario ha sido notificado, la Seremi de Salud inform\u00f3 que la estatal tiene la posibilidad de apelar a la sanci\u00f3n y\/o realizar una reclamaci\u00f3n judicial si as\u00ed lo estima pertinente.<\/p>\n<p><strong>ANDINA ESTUDIA \u00a0<\/strong><strong>ANTECEDENTES<\/strong><br \/>\nA trav\u00e9s de un comunicado, Codelco Divisi\u00f3n Andina inform\u00f3 que en relaci\u00f3n a la multa aplicada por el Seremi, \u00abla empresa se encuentra analizando los antecedentes de la misma, a fin de determinar los pasos a seguir, siempre en el marco de la legislaci\u00f3n vigente.<br \/>\n\u00abAsimismo, Andina desea recordar que tras el derrame de concentrado de cobre al r\u00edo Blanco, diversos estudios (de la propia Divisi\u00f3n y de otras instituciones, p\u00fablicas y privadas) coincidieron en se\u00f1alar que las aguas de los r\u00edos Blanco y Aconcagua presentan niveles normales de calidad desde el mismo d\u00eda del evento\u00bb, se\u00f1al\u00f3.<br \/>\nFinaliz\u00f3 el comunicado, indicando que \u00abcontin\u00faan las obras de mejoramiento de su sistema de transporte de concentrado, que involucra una inversi\u00f3n cercana a los 3.400 millones de pesos durante los pr\u00f3ximos meses\u00bb.<\/p>\n<figure id=\"attachment_68976\" aria-describedby=\"caption-attachment-68976\" style=\"width: 530px\" class=\"wp-caption alignleft\"><a href=\"http:\/\/www.eltrabajo.cl\/portal\/multa-de-mil-utm-deberia-pagar-codelco-por-derrame-de-concentrado-de-cobre\/derrame\/\" rel=\"attachment wp-att-68976\"><img data-recalc-dims=\"1\" loading=\"lazy\" decoding=\"async\" class=\"wp-image-68976 size-full\" src=\"https:\/\/i0.wp.com\/www.eltrabajo.cl\/portal\/wp-content\/uploads\/2016\/04\/derrame.jpg?resize=530%2C349\" alt=\"Codelco Andina fue multada con 45 millones de pesos por sus responsabilidades en el derrame de 50 m3 de concentrado de cobre sobre el cauce del R\u00edo Blanco.\" width=\"530\" height=\"349\" srcset=\"https:\/\/i0.wp.com\/eltrabajo.cl\/portal\/wp-content\/uploads\/2016\/04\/derrame.jpg?w=530&amp;ssl=1 530w, https:\/\/i0.wp.com\/eltrabajo.cl\/portal\/wp-content\/uploads\/2016\/04\/derrame.jpg?resize=200%2C132&amp;ssl=1 200w, https:\/\/i0.wp.com\/eltrabajo.cl\/portal\/wp-content\/uploads\/2016\/04\/derrame.jpg?resize=300%2C198&amp;ssl=1 300w, https:\/\/i0.wp.com\/eltrabajo.cl\/portal\/wp-content\/uploads\/2016\/04\/derrame.jpg?resize=228%2C150&amp;ssl=1 228w, https:\/\/i0.wp.com\/eltrabajo.cl\/portal\/wp-content\/uploads\/2016\/04\/derrame.jpg?resize=400%2C263&amp;ssl=1 400w\" sizes=\"auto, (max-width: 530px) 100vw, 530px\" \/><\/a><figcaption id=\"caption-attachment-68976\" class=\"wp-caption-text\">Codelco Andina fue multada con 45 millones de pesos por sus responsabilidades en el derrame de 50 m3 de concentrado de cobre sobre el cauce del R\u00edo Blanco.<\/figcaption><\/figure>\n","protected":false},"excerpt":{"rendered":"<p>La estatal tiene la posibilidad de apelar a la sanci\u00f3n y\/o realizar una reclamaci\u00f3n judicial LOS ANDES.&#8211; La Seremi de Salud de la Regi\u00f3n de Valpara\u00edso aplic\u00f3 una multa de 1.000 UTM&#8230;<\/p>\n","protected":false},"author":1,"featured_media":68976,"comment_status":"open","ping_status":"open","sticky":false,"template":"","format":"standard","meta":{"advanced_seo_description":"","jetpack_seo_html_title":"","jetpack_seo_noindex":false,"_jetpack_memberships_contains_paid_content":false,"footnotes":""},"categories":[1],"tags":[],"class_list":["post-68975","post","type-post","status-publish","format-standard","has-post-thumbnail","hentry","category-cronica"],"jetpack_featured_media_url":"https:\/\/i0.wp.com\/eltrabajo.cl\/portal\/wp-content\/uploads\/2016\/04\/derrame.jpg?fit=530%2C349&ssl=1","jetpack_sharing_enabled":true,"jetpack_likes_enabled":true,"jetpack-related-posts":[],"_links":{"self":[{"href":"https:\/\/eltrabajo.cl\/portal\/wp-json\/wp\/v2\/posts\/68975","targetHints":{"allow":["GET"]}}],"collection":[{"href":"https:\/\/eltrabajo.cl\/portal\/wp-json\/wp\/v2\/posts"}],"about":[{"href":"https:\/\/eltrabajo.cl\/portal\/wp-json\/wp\/v2\/types\/post"}],"author":[{"embeddable":true,"href":"https:\/\/eltrabajo.cl\/portal\/wp-json\/wp\/v2\/users\/1"}],"replies":[{"embeddable":true,"href":"https:\/\/eltrabajo.cl\/portal\/wp-json\/wp\/v2\/comments?post=68975"}],"version-history":[{"count":0,"href":"https:\/\/eltrabajo.cl\/portal\/wp-json\/wp\/v2\/posts\/68975\/revisions"}],"wp:featuredmedia":[{"embeddable":true,"href":"https:\/\/eltrabajo.cl\/portal\/wp-json\/wp\/v2\/media\/68976"}],"wp:attachment":[{"href":"https:\/\/eltrabajo.cl\/portal\/wp-json\/wp\/v2\/media?parent=68975"}],"wp:term":[{"taxonomy":"category","embeddable":true,"href":"https:\/\/eltrabajo.cl\/portal\/wp-json\/wp\/v2\/categories?post=68975"},{"taxonomy":"post_tag","embeddable":true,"href":"https:\/\/eltrabajo.cl\/portal\/wp-json\/wp\/v2\/tags?post=68975"}],"curies":[{"name":"wp","href":"https:\/\/api.w.org\/{rel}","templated":true}]}}