{"id":68979,"date":"2016-04-21T09:48:02","date_gmt":"2016-04-21T12:48:02","guid":{"rendered":"http:\/\/www.eltrabajo.cl\/portal\/?p=68979"},"modified":"2016-04-21T09:48:02","modified_gmt":"2016-04-21T12:48:02","slug":"historias-de-callejon-se-presentara-el-viernes-6-de-mayo","status":"publish","type":"post","link":"https:\/\/eltrabajo.cl\/portal\/historias-de-callejon-se-presentara-el-viernes-6-de-mayo\/","title":{"rendered":"\u2018Historias de callej\u00f3n\u2019 se presentar\u00e1 el viernes 6 de mayo"},"content":{"rendered":"<p><strong>SANTA MAR\u00cdA.<\/strong>&#8211; Los adultos del Valle Aconcagua por fin tendr\u00e1n la oportunidad de disfrutar de una obra de teatro para ellos, la funci\u00f3n ser\u00e1 en el Teatro Municipal de Santa Mar\u00eda. Esta es una propuesta desarrollada por actores chilenos de gran trayectoria en el manejo de marionetas, presentada en lenguaje para adultos y con una trama de cabaret, sexo y doble sentido.<\/p>\n<p><strong>FLAMINGO VIOLET<\/strong><br \/>\nPlumas y cancanes nos remontan a los a\u00f1os dorados del puerto, en donde la noche clandestina y seductora de mediados del siglo XX ve prosperar un importante club nocturno de Valpara\u00edso: \u2018Flamingo violet\u2019, cabaret \u00edcono de la bohemia porte\u00f1a, en \u2018Historias de callej\u00f3n\u2019 la Compa\u00f1\u00eda Teatrino de la Memoria, bajo la direcci\u00f3n de Isis Maldonado, da vida a 15 marionetas para adultos en un espect\u00e1culo lleno de glamur.<br \/>\n\u00abEsta historia protagonizada por Violeto, un travesti porte\u00f1o due\u00f1o del cabaret, promete un gran espect\u00e1culo de sensualidad y erotismo que encender\u00e1 la vida nocturna, reuniendo a un p\u00fablico entregado a la fiesta. La obra es realizada por cuatro actores y un m\u00fasico durante 50 minutos, quienes crean un espect\u00e1culo de fantas\u00eda e historia nacional, dirigido a un p\u00fablico adulto en donde se abordan los suburbios de la ciudad mediante lenguaje po\u00e9tico y dise\u00f1o cautivante\u00bb, report\u00f3 a Diario El Trabajo el director del Teatro Municipal de Santa Mar\u00eda, Sergio Rojas. La funci\u00f3n es el 6 de mayo a las 19:00 horas, la entrada es completamente gratuita.<br \/>\nEl elenco est\u00e1 compuesto por Isis Maldonado, Ver\u00f3nica M\u00e1rquez, Carlos Cort\u00e9s y George Casanova, la Direcci\u00f3n es de Isis Maldonado, mientras que la m\u00fasica es de V\u00edctor Barahona y la producci\u00f3n de Daniel Silva.<br \/>\n<strong>Roberto Gonz\u00e1lez Short<\/strong><br \/>\n<strong>rgonzalez@eltrabajo.cl<\/strong><\/p>\n<figure id=\"attachment_68980\" aria-describedby=\"caption-attachment-68980\" style=\"width: 300px\" class=\"wp-caption alignleft\"><a href=\"http:\/\/www.eltrabajo.cl\/portal\/historias-de-callejon-se-presentara-el-viernes-6-de-mayo\/callejon33\/\" rel=\"attachment wp-att-68980\"><img data-recalc-dims=\"1\" loading=\"lazy\" decoding=\"async\" class=\"wp-image-68980 size-medium\" src=\"https:\/\/i0.wp.com\/www.eltrabajo.cl\/portal\/wp-content\/uploads\/2016\/04\/Callejon33-300x197.jpg?resize=300%2C197\" alt=\"HABR\u00c1 QUE VERLA.- La Compa\u00f1\u00eda Teatrino de la Memoria, bajo la direcci\u00f3n de Isis Maldonado, da vida a 15 marionetas para adultos en un espect\u00e1culo lleno de glamur.\" width=\"300\" height=\"197\" srcset=\"https:\/\/i0.wp.com\/eltrabajo.cl\/portal\/wp-content\/uploads\/2016\/04\/Callejon33.jpg?resize=300%2C197&amp;ssl=1 300w, https:\/\/i0.wp.com\/eltrabajo.cl\/portal\/wp-content\/uploads\/2016\/04\/Callejon33.jpg?resize=200%2C131&amp;ssl=1 200w, https:\/\/i0.wp.com\/eltrabajo.cl\/portal\/wp-content\/uploads\/2016\/04\/Callejon33.jpg?resize=228%2C150&amp;ssl=1 228w, https:\/\/i0.wp.com\/eltrabajo.cl\/portal\/wp-content\/uploads\/2016\/04\/Callejon33.jpg?resize=400%2C263&amp;ssl=1 400w, https:\/\/i0.wp.com\/eltrabajo.cl\/portal\/wp-content\/uploads\/2016\/04\/Callejon33.jpg?w=530&amp;ssl=1 530w\" sizes=\"auto, (max-width: 300px) 100vw, 300px\" \/><\/a><figcaption id=\"caption-attachment-68980\" class=\"wp-caption-text\">HABR\u00c1 QUE VERLA.- La Compa\u00f1\u00eda Teatrino de la Memoria, bajo la direcci\u00f3n de Isis Maldonado, da vida a 15 marionetas para adultos en un espect\u00e1culo lleno de glamur.<\/figcaption><\/figure>\n<figure id=\"attachment_68981\" aria-describedby=\"caption-attachment-68981\" style=\"width: 200px\" class=\"wp-caption alignleft\"><a href=\"http:\/\/www.eltrabajo.cl\/portal\/historias-de-callejon-se-presentara-el-viernes-6-de-mayo\/sergio-rojas\/\" rel=\"attachment wp-att-68981\"><img data-recalc-dims=\"1\" loading=\"lazy\" decoding=\"async\" class=\"wp-image-68981 size-thumbnail\" src=\"https:\/\/i0.wp.com\/www.eltrabajo.cl\/portal\/wp-content\/uploads\/2016\/04\/Sergio-Rojas-200x131.jpg?resize=200%2C131\" alt=\"Director del teatro municipal de Santa Mar\u00eda, Sergio Rojas.\" width=\"200\" height=\"131\" srcset=\"https:\/\/i0.wp.com\/eltrabajo.cl\/portal\/wp-content\/uploads\/2016\/04\/Sergio-Rojas.jpg?resize=200%2C131&amp;ssl=1 200w, https:\/\/i0.wp.com\/eltrabajo.cl\/portal\/wp-content\/uploads\/2016\/04\/Sergio-Rojas.jpg?resize=300%2C197&amp;ssl=1 300w, https:\/\/i0.wp.com\/eltrabajo.cl\/portal\/wp-content\/uploads\/2016\/04\/Sergio-Rojas.jpg?resize=228%2C150&amp;ssl=1 228w, https:\/\/i0.wp.com\/eltrabajo.cl\/portal\/wp-content\/uploads\/2016\/04\/Sergio-Rojas.jpg?resize=400%2C263&amp;ssl=1 400w, https:\/\/i0.wp.com\/eltrabajo.cl\/portal\/wp-content\/uploads\/2016\/04\/Sergio-Rojas.jpg?w=530&amp;ssl=1 530w\" sizes=\"auto, (max-width: 200px) 100vw, 200px\" \/><\/a><figcaption id=\"caption-attachment-68981\" class=\"wp-caption-text\">Director del teatro municipal de Santa Mar\u00eda, Sergio Rojas.<\/figcaption><\/figure>\n","protected":false},"excerpt":{"rendered":"<p>SANTA MAR\u00cdA.&#8211; Los adultos del Valle Aconcagua por fin tendr\u00e1n la oportunidad de disfrutar de una obra de teatro para ellos, la funci\u00f3n ser\u00e1 en el Teatro Municipal de Santa Mar\u00eda. Esta&#8230;<\/p>\n","protected":false},"author":1,"featured_media":68980,"comment_status":"open","ping_status":"open","sticky":false,"template":"","format":"standard","meta":{"advanced_seo_description":"","jetpack_seo_html_title":"","jetpack_seo_noindex":false,"_jetpack_memberships_contains_paid_content":false,"footnotes":""},"categories":[15],"tags":[],"class_list":["post-68979","post","type-post","status-publish","format-standard","has-post-thumbnail","hentry","category-comunidad"],"jetpack_featured_media_url":"https:\/\/i0.wp.com\/eltrabajo.cl\/portal\/wp-content\/uploads\/2016\/04\/Callejon33.jpg?fit=530%2C348&ssl=1","jetpack_sharing_enabled":true,"jetpack_likes_enabled":true,"jetpack-related-posts":[],"_links":{"self":[{"href":"https:\/\/eltrabajo.cl\/portal\/wp-json\/wp\/v2\/posts\/68979","targetHints":{"allow":["GET"]}}],"collection":[{"href":"https:\/\/eltrabajo.cl\/portal\/wp-json\/wp\/v2\/posts"}],"about":[{"href":"https:\/\/eltrabajo.cl\/portal\/wp-json\/wp\/v2\/types\/post"}],"author":[{"embeddable":true,"href":"https:\/\/eltrabajo.cl\/portal\/wp-json\/wp\/v2\/users\/1"}],"replies":[{"embeddable":true,"href":"https:\/\/eltrabajo.cl\/portal\/wp-json\/wp\/v2\/comments?post=68979"}],"version-history":[{"count":0,"href":"https:\/\/eltrabajo.cl\/portal\/wp-json\/wp\/v2\/posts\/68979\/revisions"}],"wp:featuredmedia":[{"embeddable":true,"href":"https:\/\/eltrabajo.cl\/portal\/wp-json\/wp\/v2\/media\/68980"}],"wp:attachment":[{"href":"https:\/\/eltrabajo.cl\/portal\/wp-json\/wp\/v2\/media?parent=68979"}],"wp:term":[{"taxonomy":"category","embeddable":true,"href":"https:\/\/eltrabajo.cl\/portal\/wp-json\/wp\/v2\/categories?post=68979"},{"taxonomy":"post_tag","embeddable":true,"href":"https:\/\/eltrabajo.cl\/portal\/wp-json\/wp\/v2\/tags?post=68979"}],"curies":[{"name":"wp","href":"https:\/\/api.w.org\/{rel}","templated":true}]}}