{"id":68985,"date":"2016-04-21T09:50:01","date_gmt":"2016-04-21T12:50:01","guid":{"rendered":"http:\/\/www.eltrabajo.cl\/portal\/?p=68985"},"modified":"2016-04-21T09:50:01","modified_gmt":"2016-04-21T12:50:01","slug":"un-fallecido-y-cinco-heridos-dejo-helicoptero-que-cayo-cerca-de-rio-blanco","status":"publish","type":"post","link":"https:\/\/eltrabajo.cl\/portal\/un-fallecido-y-cinco-heridos-dejo-helicoptero-que-cayo-cerca-de-rio-blanco\/","title":{"rendered":"Un fallecido y cinco heridos dej\u00f3 helic\u00f3ptero que cay\u00f3 cerca de R\u00edo Blanco"},"content":{"rendered":"<p><strong>Aeronave llevaba personal t\u00e9cnico para mantenci\u00f3n de una antena de telecomunicaciones.<\/strong><\/p>\n<p><strong>LOS ANDES.<\/strong>&#8211; Un helic\u00f3ptero del Ej\u00e9rcito que llevaba personal para labores de mantenci\u00f3n de una antena de telecomunicaciones en el cerro El Pelado en el sector de Riecillos, capot\u00f3 la ma\u00f1ana de este mi\u00e9rcoles dejando un fallecido y cinco heridos.<br \/>\nEl Ej\u00e9rcito inform\u00f3 que el accidente ocurri\u00f3 a eso de las 8 horas, cuando la aeronave Puma, matr\u00edcula H264, en circunstancias que se investigan, sufri\u00f3 un accidente, mientras se encontraba realizando actividades de apoyo al Comando de Telecomunicaciones (mantenimiento de antenas) en la zona general de cerro El Pelado, a 3.360 metros sobre el nivel del mar, cercano a la escuela de Monta\u00f1a.<br \/>\nEl helic\u00f3ptero era tripulado por seis integrantes del Ej\u00e9rcito y a causa del desplome de la aeronave falleci\u00f3 en el lugar el Cabo 1\u00ba Rodrigo Alfaro G\u00f3mez, quien era el mec\u00e1nico de la aeronave y ten\u00eda domicilio en la ciudad de Rancagua.<br \/>\nHasta el lugar del accidente se trasladaron los equipos de rescate, de apoyo m\u00e9dico y de investigaci\u00f3n de accidentes de la Brigada de Aviaci\u00f3n del Ej\u00e9rcito, para realizar los peritajes correspondientes y el esclarecimiento de este hecho.<br \/>\nEl Comandante del regimiento Yungay, Coronel Alejandro Kluck Valenzuela, manifest\u00f3 que tanto el comandante de la aeronave como el copiloto y el ingeniero fueron rescatados y derivados hasta el Hospital Militar, \u201cpero se encuentran fuera de peligro y con policontusiones\u201d.<br \/>\nEl oficial precis\u00f3 que los funcionarios estaban realizando mantenimiento de las antenas repetidoras que el Ej\u00e9rcito mantiene en ese lugar y si bien se puede llegar por tierra, se requiere de apoyo a\u00e9reo para poder transportar el material para efectuar la mantenci\u00f3n de los equipos.<br \/>\nA\u00f1adi\u00f3 que al momento del accidente el clima era muy bueno, por lo que la fiscal\u00eda Militar y la Fiscal\u00eda de Aviaci\u00f3n deber\u00e1n determinar las causas de este lamentable accidente.<br \/>\nEl Comandante del \u2018Yungay\u2019 dijo que el piloto cuenta con bastante experiencia y se ha desempe\u00f1ado en diferentes lugares del pa\u00eds.<br \/>\nPor su parte, el Jefe de la Brigada de Homicidios de la PDI de Los Andes, Comisario Gino Guti\u00e9rrez, manifest\u00f3 fueron convocados por la fiscal\u00eda Militar para realizar las pericias correspondientes al cuerpo del Cabo fallecido.<br \/>\nAgreg\u00f3 que no tienen hasta ahora mayores antecedentes de las circunstancias en las que ocurri\u00f3 este accidente.<br \/>\nEl oficial dijo que el cuerpo del uniformado fallecido permanecer\u00e1 en ese sector hasta que puedan llegar los oficiales de la PDI a realizar las pericias de rigor y luego remitirlo al Servicio M\u00e9dico Legal de San Felipe para la autopsia correspondiente.<br \/>\n\u201cLo que tenemos preliminarmente es que el helic\u00f3ptero iba a efectuar labores de mantenciones a una antena que se encuentra en el lugar y mientras efectuaba la descarga del material este habr\u00eda perdido sustentabilidad o golpeado con la estructura del cerro y eso es lo que tenemos que investigar\u201d, precis\u00f3.<\/p>\n<figure id=\"attachment_68986\" aria-describedby=\"caption-attachment-68986\" style=\"width: 527px\" class=\"wp-caption alignleft\"><a href=\"http:\/\/www.eltrabajo.cl\/portal\/un-fallecido-y-cinco-heridos-dejo-helicoptero-que-cayo-cerca-de-rio-blanco\/foto-reddeemergencia\/\" rel=\"attachment wp-att-68986\"><img data-recalc-dims=\"1\" loading=\"lazy\" decoding=\"async\" class=\"wp-image-68986 size-full\" src=\"https:\/\/i0.wp.com\/www.eltrabajo.cl\/portal\/wp-content\/uploads\/2016\/04\/Foto-%40reddeemergencia.jpg?resize=527%2C350\" alt=\"Un muerto y 5 heridos fue el resultado del accidente que protagoniz\u00f3 un helic\u00f3ptero que transportaba a personal que realizar\u00eda mantenci\u00f3n a una antena de telecomunicaciones en el cerro El Pelado (foto: @reddeemergencia)\" width=\"527\" height=\"350\" srcset=\"https:\/\/i0.wp.com\/eltrabajo.cl\/portal\/wp-content\/uploads\/2016\/04\/Foto-%40reddeemergencia.jpg?w=527&amp;ssl=1 527w, https:\/\/i0.wp.com\/eltrabajo.cl\/portal\/wp-content\/uploads\/2016\/04\/Foto-%40reddeemergencia.jpg?resize=200%2C133&amp;ssl=1 200w, https:\/\/i0.wp.com\/eltrabajo.cl\/portal\/wp-content\/uploads\/2016\/04\/Foto-%40reddeemergencia.jpg?resize=300%2C199&amp;ssl=1 300w, https:\/\/i0.wp.com\/eltrabajo.cl\/portal\/wp-content\/uploads\/2016\/04\/Foto-%40reddeemergencia.jpg?resize=226%2C150&amp;ssl=1 226w, https:\/\/i0.wp.com\/eltrabajo.cl\/portal\/wp-content\/uploads\/2016\/04\/Foto-%40reddeemergencia.jpg?resize=400%2C266&amp;ssl=1 400w\" sizes=\"auto, (max-width: 527px) 100vw, 527px\" \/><\/a><figcaption id=\"caption-attachment-68986\" class=\"wp-caption-text\">Un muerto y 5 heridos fue el resultado del accidente que protagoniz\u00f3 un helic\u00f3ptero que transportaba a personal que realizar\u00eda mantenci\u00f3n a una antena de telecomunicaciones en el cerro El Pelado (foto: @reddeemergencia)<\/figcaption><\/figure>\n","protected":false},"excerpt":{"rendered":"<p>Aeronave llevaba personal t\u00e9cnico para mantenci\u00f3n de una antena de telecomunicaciones. LOS ANDES.&#8211; Un helic\u00f3ptero del Ej\u00e9rcito que llevaba personal para labores de mantenci\u00f3n de una antena de telecomunicaciones en el cerro&#8230;<\/p>\n","protected":false},"author":1,"featured_media":68986,"comment_status":"open","ping_status":"open","sticky":false,"template":"","format":"standard","meta":{"advanced_seo_description":"","jetpack_seo_html_title":"","jetpack_seo_noindex":false,"_jetpack_memberships_contains_paid_content":false,"footnotes":""},"categories":[21],"tags":[],"class_list":["post-68985","post","type-post","status-publish","format-standard","has-post-thumbnail","hentry","category-policial"],"jetpack_featured_media_url":"https:\/\/i0.wp.com\/eltrabajo.cl\/portal\/wp-content\/uploads\/2016\/04\/Foto-%40reddeemergencia.jpg?fit=527%2C350&ssl=1","jetpack_sharing_enabled":true,"jetpack_likes_enabled":true,"jetpack-related-posts":[],"_links":{"self":[{"href":"https:\/\/eltrabajo.cl\/portal\/wp-json\/wp\/v2\/posts\/68985","targetHints":{"allow":["GET"]}}],"collection":[{"href":"https:\/\/eltrabajo.cl\/portal\/wp-json\/wp\/v2\/posts"}],"about":[{"href":"https:\/\/eltrabajo.cl\/portal\/wp-json\/wp\/v2\/types\/post"}],"author":[{"embeddable":true,"href":"https:\/\/eltrabajo.cl\/portal\/wp-json\/wp\/v2\/users\/1"}],"replies":[{"embeddable":true,"href":"https:\/\/eltrabajo.cl\/portal\/wp-json\/wp\/v2\/comments?post=68985"}],"version-history":[{"count":0,"href":"https:\/\/eltrabajo.cl\/portal\/wp-json\/wp\/v2\/posts\/68985\/revisions"}],"wp:featuredmedia":[{"embeddable":true,"href":"https:\/\/eltrabajo.cl\/portal\/wp-json\/wp\/v2\/media\/68986"}],"wp:attachment":[{"href":"https:\/\/eltrabajo.cl\/portal\/wp-json\/wp\/v2\/media?parent=68985"}],"wp:term":[{"taxonomy":"category","embeddable":true,"href":"https:\/\/eltrabajo.cl\/portal\/wp-json\/wp\/v2\/categories?post=68985"},{"taxonomy":"post_tag","embeddable":true,"href":"https:\/\/eltrabajo.cl\/portal\/wp-json\/wp\/v2\/tags?post=68985"}],"curies":[{"name":"wp","href":"https:\/\/api.w.org\/{rel}","templated":true}]}}