{"id":68989,"date":"2016-04-21T09:51:28","date_gmt":"2016-04-21T12:51:28","guid":{"rendered":"http:\/\/www.eltrabajo.cl\/portal\/?p=68989"},"modified":"2016-04-21T09:51:28","modified_gmt":"2016-04-21T12:51:28","slug":"comunidad-lamenta-deceso-de-conocido-vecino-claudio-molina-jimenez","status":"publish","type":"post","link":"https:\/\/eltrabajo.cl\/portal\/comunidad-lamenta-deceso-de-conocido-vecino-claudio-molina-jimenez\/","title":{"rendered":"Comunidad lamenta deceso de conocido vecino Claudio Molina Jim\u00e9nez"},"content":{"rendered":"<figure id=\"attachment_68990\" aria-describedby=\"caption-attachment-68990\" style=\"width: 300px\" class=\"wp-caption alignleft\"><a href=\"http:\/\/www.eltrabajo.cl\/portal\/comunidad-lamenta-deceso-de-conocido-vecino-claudio-molina-jimenez\/claudio-molina\/\" rel=\"attachment wp-att-68990\"><img data-recalc-dims=\"1\" loading=\"lazy\" decoding=\"async\" class=\"size-medium wp-image-68990\" src=\"https:\/\/i0.wp.com\/www.eltrabajo.cl\/portal\/wp-content\/uploads\/2016\/04\/Claudio-Molina-300x197.jpg?resize=300%2C197\" alt=\"Claudio Molina Jim\u00e9nez, falleci\u00f3 a sus 42 a\u00f1os de una r\u00e1pida y agresiva enfermedad.\" width=\"300\" height=\"197\" srcset=\"https:\/\/i0.wp.com\/eltrabajo.cl\/portal\/wp-content\/uploads\/2016\/04\/Claudio-Molina.jpg?resize=300%2C197&amp;ssl=1 300w, https:\/\/i0.wp.com\/eltrabajo.cl\/portal\/wp-content\/uploads\/2016\/04\/Claudio-Molina.jpg?resize=200%2C131&amp;ssl=1 200w, https:\/\/i0.wp.com\/eltrabajo.cl\/portal\/wp-content\/uploads\/2016\/04\/Claudio-Molina.jpg?resize=228%2C150&amp;ssl=1 228w, https:\/\/i0.wp.com\/eltrabajo.cl\/portal\/wp-content\/uploads\/2016\/04\/Claudio-Molina.jpg?resize=400%2C263&amp;ssl=1 400w, https:\/\/i0.wp.com\/eltrabajo.cl\/portal\/wp-content\/uploads\/2016\/04\/Claudio-Molina.jpg?w=530&amp;ssl=1 530w\" sizes=\"auto, (max-width: 300px) 100vw, 300px\" \/><\/a><figcaption id=\"caption-attachment-68990\" class=\"wp-caption-text\">Claudio Molina Jim\u00e9nez, falleci\u00f3 a sus 42 a\u00f1os de una r\u00e1pida y agresiva enfermedad.<\/figcaption><\/figure>\n<p><strong>PUTAENDO.<\/strong>&#8211; Hondo pesar ha causado en la comunidad el sensible fallecimiento del conocido vecino y miembro del Cuerpo de Bomberos de Putaendo, Claudio Molina Jim\u00e9nez, quien a sus 42 a\u00f1os y producto de una r\u00e1pida y agresiva enfermedad falleci\u00f3 en el hospital San Camilo de San Felipe.<br \/>\nEl deceso de Claudio Molina se produjo pasado las 15:30 hrs de este mi\u00e9rcoles en la unidad de cuidados intensivos de dicho Hospital donde fue ingresado de urgencia luego de ser trasladado por su hijo desde Putaendo.<br \/>\nSeg\u00fan indicaron familiares, Claudio Molina presentaba algunas complicaciones menores que no hac\u00edan prever este desenlac\u00e9, sin embargo pasado el mediod\u00eda de este mi\u00e9rcoles debi\u00f3 ser trasladado hasta el servicio de urgencia del hospital San Camilo donde se complic\u00f3 su estado, siendo ingresado hasta la UCI de dicho centro asistencial falleciendo pese a los esfuerzos m\u00e9dicos.<br \/>\nClaudio Molina era un miembro activo del Cuerpo de Bomberos de Putaendo donde ocup\u00f3 cargos como teniente maquinista y Comandante de la instituci\u00f3n y dem\u00e1s se desempe\u00f1o por varios a\u00f1os como conductor del Samu Aconcagua.<br \/>\nSus restos mortales est\u00e1n siendo velados en la casa de sus padres ubicados en la calle O\u2019Higgins de Putaendo y sus funerales ser\u00e1n avisados oportunamente por este medio<br \/>\nNuestro medio se adhiere al dolor de la familia, su esposa, hijos, padres, hermanos, amigos y a la familia Bomberil por esta irreparable p\u00e9rdida de quien en muchas ocasiones no tan solo fue un amigo que nos insto a seguir trabajando en este medio si no que lo m\u00e1s importante con su alegr\u00eda sus an\u00e9cdotas siempre nos alegr\u00f3 de alguna forma los momentos dif\u00edciles.<br \/>\nAmigo \u2018Guat\u00f3n Claudio\u2019 Descansa en paz.<br \/>\n<strong>Patricio Gallardo M.<\/strong><\/p>\n","protected":false},"excerpt":{"rendered":"<p>PUTAENDO.&#8211; Hondo pesar ha causado en la comunidad el sensible fallecimiento del conocido vecino y miembro del Cuerpo de Bomberos de Putaendo, Claudio Molina Jim\u00e9nez, quien a sus 42 a\u00f1os y producto&#8230;<\/p>\n","protected":false},"author":1,"featured_media":68990,"comment_status":"open","ping_status":"open","sticky":false,"template":"","format":"standard","meta":{"advanced_seo_description":"","jetpack_seo_html_title":"","jetpack_seo_noindex":false,"_jetpack_memberships_contains_paid_content":false,"footnotes":""},"categories":[15],"tags":[],"class_list":["post-68989","post","type-post","status-publish","format-standard","has-post-thumbnail","hentry","category-comunidad"],"jetpack_featured_media_url":"https:\/\/i0.wp.com\/eltrabajo.cl\/portal\/wp-content\/uploads\/2016\/04\/Claudio-Molina.jpg?fit=530%2C348&ssl=1","jetpack_sharing_enabled":true,"jetpack_likes_enabled":true,"jetpack-related-posts":[],"_links":{"self":[{"href":"https:\/\/eltrabajo.cl\/portal\/wp-json\/wp\/v2\/posts\/68989","targetHints":{"allow":["GET"]}}],"collection":[{"href":"https:\/\/eltrabajo.cl\/portal\/wp-json\/wp\/v2\/posts"}],"about":[{"href":"https:\/\/eltrabajo.cl\/portal\/wp-json\/wp\/v2\/types\/post"}],"author":[{"embeddable":true,"href":"https:\/\/eltrabajo.cl\/portal\/wp-json\/wp\/v2\/users\/1"}],"replies":[{"embeddable":true,"href":"https:\/\/eltrabajo.cl\/portal\/wp-json\/wp\/v2\/comments?post=68989"}],"version-history":[{"count":0,"href":"https:\/\/eltrabajo.cl\/portal\/wp-json\/wp\/v2\/posts\/68989\/revisions"}],"wp:featuredmedia":[{"embeddable":true,"href":"https:\/\/eltrabajo.cl\/portal\/wp-json\/wp\/v2\/media\/68990"}],"wp:attachment":[{"href":"https:\/\/eltrabajo.cl\/portal\/wp-json\/wp\/v2\/media?parent=68989"}],"wp:term":[{"taxonomy":"category","embeddable":true,"href":"https:\/\/eltrabajo.cl\/portal\/wp-json\/wp\/v2\/categories?post=68989"},{"taxonomy":"post_tag","embeddable":true,"href":"https:\/\/eltrabajo.cl\/portal\/wp-json\/wp\/v2\/tags?post=68989"}],"curies":[{"name":"wp","href":"https:\/\/api.w.org\/{rel}","templated":true}]}}