{"id":68993,"date":"2016-04-21T09:55:30","date_gmt":"2016-04-21T12:55:30","guid":{"rendered":"http:\/\/www.eltrabajo.cl\/portal\/?p=68993"},"modified":"2016-04-21T09:55:30","modified_gmt":"2016-04-21T12:55:30","slug":"delincuentes-intimidan-con-un-cuchillo-a-adulto-mayor-para-robarle-su-dinero","status":"publish","type":"post","link":"https:\/\/eltrabajo.cl\/portal\/delincuentes-intimidan-con-un-cuchillo-a-adulto-mayor-para-robarle-su-dinero\/","title":{"rendered":"Delincuentes intimidan con un cuchillo a adulto mayor para robarle su dinero"},"content":{"rendered":"<p><strong>Tras ser detenidos por Carabineros de la Tenencia de Catemu fueron formalizados en tribunales quedando bajo la cautelar de prisi\u00f3n preventiva.<\/strong><\/p>\n<p>Momentos de terror vivi\u00f3 un adulto mayor de 68 a\u00f1os de edad cuando dos delincuentes irrumpieron de madrugada en su casa, quienes lo redujeron y lo amenazaron de muerte con un cuchillo. Los sujetos le robaron $383.000 en efectivo que manten\u00eda en su billetera, adem\u00e1s de otras especies, escapando con total tranquilidad de la vivienda ubicada en la comuna de Catemu.<br \/>\nLa v\u00edctima, posterior al asalto, se dirigi\u00f3 con mucho temor hasta la Tenencia de Carabineros de esa localidad manifestando a los uniformados los segundos de terror ocurridos en su domicilio en Calle Vieja.<br \/>\nEl adulto mayor detall\u00f3 que mientras se encontraba dormido escuch\u00f3 unos ruidos provenientes de la cocina a eso de las 05:00 horas. Al levantarse en medio de la oscuridad, se dirigi\u00f3 hasta esa dependencia y al encender la luz se encontr\u00f3 cara a cara con los antisociales. El afectado explic\u00f3 que uno de ellos se abalanz\u00f3 sobre \u00e9l para reducirlo violentamente, mientras que el segundo antisocial tom\u00f3 un cuchillo para ponerlo en su cuello y amenazarlo de muerte.<br \/>\nEl adulto mayor, consternado por lo sucedido, observ\u00f3 como el segundo delincuente procedi\u00f3 a hurgar las dependencias de su casa en b\u00fasqueda de dinero, encontrando la billetera que conten\u00eda la cantidad antes se\u00f1alada.<br \/>\nLa v\u00edctima indic\u00f3 que a los pocos minutos los sujetos huyeron llev\u00e1ndose una mochila, el dinero y su documentaci\u00f3n personal del lugar. Afligido, se dirigi\u00f3 de inmediato hasta la unidad policial para denunciar los sucesos, proporcionando las caracter\u00edsticas f\u00edsicas y de vestimentas de los antisociales.<br \/>\nEl Teniente de Carabineros, Patricio Navea, se\u00f1al\u00f3 a Diario El Trabajo que luego de escuchar los relatos del adulto mayor se realizaron patrullajes por distintas arterias de la comuna de Catemu en b\u00fasqueda de estos delincuentes: \u201cUno de estos sujetos tom\u00f3 un cuchillo que estaba en la cocina, intimidando a la v\u00edctima para sustraerle el dinero en efectivo y otras especies. El afectado se dirigi\u00f3 hasta la Tenencia y el personal policial en conjunto con la v\u00edctima identifican a estos sujetos que circulaban por la v\u00eda p\u00fablica, siendo detenidos de manera inmediata\u201d.<br \/>\nEl oficial a\u00f1adi\u00f3 que tras la individualizaci\u00f3n de estos dos sujetos, uno de ellos confes\u00f3 haber dejado parte del dinero robado oculto en un poste de una luminaria p\u00fablica que logr\u00f3 ser recuperado y devuelto a su propietario que afortunadamente no result\u00f3 lesionado.<br \/>\nLos imputados fueron individualizados como Luis Saravia Reinoso, quien posee antecedentes delictuales, y Mat\u00edas Iv\u00e1n Flores Molina; ambos fueron conducidos hasta el Juzgado de Garant\u00eda de San Felipe para ser formalizados por el delito de robo con intimidaci\u00f3n.<br \/>\nPor representar un serio peligro para la seguridad de la v\u00edctima y el resto de la sociedad, la Fiscal\u00eda requiri\u00f3 ante el Tribunal la m\u00e1xima cautelar de prisi\u00f3n preventiva, medida que fue acogida por el juez de garant\u00eda decretando un plazo de investigaci\u00f3n de 45 d\u00edas hasta llegar a juicio oral.<br \/>\n<strong>Pablo Salinas Sald\u00edas<\/strong><\/p>\n<figure id=\"attachment_68994\" aria-describedby=\"caption-attachment-68994\" style=\"width: 300px\" class=\"wp-caption alignleft\"><a href=\"http:\/\/www.eltrabajo.cl\/portal\/delincuentes-intimidan-con-un-cuchillo-a-adulto-mayor-para-robarle-su-dinero\/luis-saravia\/\" rel=\"attachment wp-att-68994\"><img data-recalc-dims=\"1\" loading=\"lazy\" decoding=\"async\" class=\"size-medium wp-image-68994\" src=\"https:\/\/i0.wp.com\/www.eltrabajo.cl\/portal\/wp-content\/uploads\/2016\/04\/LUIS-SARAVIA-300x198.jpg?resize=300%2C198\" alt=\"El imputado Luis Saravia Reinoso mantiene antecedentes policiales por otros delitos.\" width=\"300\" height=\"198\" srcset=\"https:\/\/i0.wp.com\/eltrabajo.cl\/portal\/wp-content\/uploads\/2016\/04\/LUIS-SARAVIA.jpg?resize=300%2C198&amp;ssl=1 300w, https:\/\/i0.wp.com\/eltrabajo.cl\/portal\/wp-content\/uploads\/2016\/04\/LUIS-SARAVIA.jpg?resize=200%2C132&amp;ssl=1 200w, https:\/\/i0.wp.com\/eltrabajo.cl\/portal\/wp-content\/uploads\/2016\/04\/LUIS-SARAVIA.jpg?resize=227%2C150&amp;ssl=1 227w, https:\/\/i0.wp.com\/eltrabajo.cl\/portal\/wp-content\/uploads\/2016\/04\/LUIS-SARAVIA.jpg?resize=400%2C264&amp;ssl=1 400w, https:\/\/i0.wp.com\/eltrabajo.cl\/portal\/wp-content\/uploads\/2016\/04\/LUIS-SARAVIA.jpg?w=530&amp;ssl=1 530w\" sizes=\"auto, (max-width: 300px) 100vw, 300px\" \/><\/a><figcaption id=\"caption-attachment-68994\" class=\"wp-caption-text\">El imputado Luis Saravia Reinoso mantiene antecedentes policiales por otros delitos.<\/figcaption><\/figure>\n<figure id=\"attachment_68995\" aria-describedby=\"caption-attachment-68995\" style=\"width: 300px\" class=\"wp-caption alignleft\"><a href=\"http:\/\/www.eltrabajo.cl\/portal\/delincuentes-intimidan-con-un-cuchillo-a-adulto-mayor-para-robarle-su-dinero\/matias-flores\/\" rel=\"attachment wp-att-68995\"><img data-recalc-dims=\"1\" loading=\"lazy\" decoding=\"async\" class=\"size-medium wp-image-68995\" src=\"https:\/\/i0.wp.com\/www.eltrabajo.cl\/portal\/wp-content\/uploads\/2016\/04\/MATIAS-FLORES-300x198.jpg?resize=300%2C198\" alt=\"Mat\u00edas Flores Molina, sindicado como uno de los autores del robo cometido en una vivienda de Catemu.\" width=\"300\" height=\"198\" srcset=\"https:\/\/i0.wp.com\/eltrabajo.cl\/portal\/wp-content\/uploads\/2016\/04\/MATIAS-FLORES.jpg?resize=300%2C198&amp;ssl=1 300w, https:\/\/i0.wp.com\/eltrabajo.cl\/portal\/wp-content\/uploads\/2016\/04\/MATIAS-FLORES.jpg?resize=200%2C132&amp;ssl=1 200w, https:\/\/i0.wp.com\/eltrabajo.cl\/portal\/wp-content\/uploads\/2016\/04\/MATIAS-FLORES.jpg?resize=228%2C150&amp;ssl=1 228w, https:\/\/i0.wp.com\/eltrabajo.cl\/portal\/wp-content\/uploads\/2016\/04\/MATIAS-FLORES.jpg?resize=400%2C263&amp;ssl=1 400w, https:\/\/i0.wp.com\/eltrabajo.cl\/portal\/wp-content\/uploads\/2016\/04\/MATIAS-FLORES.jpg?w=530&amp;ssl=1 530w\" sizes=\"auto, (max-width: 300px) 100vw, 300px\" \/><\/a><figcaption id=\"caption-attachment-68995\" class=\"wp-caption-text\">Mat\u00edas Flores Molina, sindicado como uno de los autores del robo cometido en una vivienda de Catemu.<\/figcaption><\/figure>\n<figure id=\"attachment_68996\" aria-describedby=\"caption-attachment-68996\" style=\"width: 300px\" class=\"wp-caption alignleft\"><a href=\"http:\/\/www.eltrabajo.cl\/portal\/delincuentes-intimidan-con-un-cuchillo-a-adulto-mayor-para-robarle-su-dinero\/teniente-patricio-navea\/\" rel=\"attachment wp-att-68996\"><img data-recalc-dims=\"1\" loading=\"lazy\" decoding=\"async\" class=\"size-medium wp-image-68996\" src=\"https:\/\/i0.wp.com\/www.eltrabajo.cl\/portal\/wp-content\/uploads\/2016\/04\/TENIENTE-PATRICIO-NAVEA-300x198.jpg?resize=300%2C198\" alt=\"El Teniente de Carabineros, Patricio Navea.\" width=\"300\" height=\"198\" srcset=\"https:\/\/i0.wp.com\/eltrabajo.cl\/portal\/wp-content\/uploads\/2016\/04\/TENIENTE-PATRICIO-NAVEA.jpg?resize=300%2C198&amp;ssl=1 300w, https:\/\/i0.wp.com\/eltrabajo.cl\/portal\/wp-content\/uploads\/2016\/04\/TENIENTE-PATRICIO-NAVEA.jpg?resize=200%2C132&amp;ssl=1 200w, https:\/\/i0.wp.com\/eltrabajo.cl\/portal\/wp-content\/uploads\/2016\/04\/TENIENTE-PATRICIO-NAVEA.jpg?resize=228%2C150&amp;ssl=1 228w, https:\/\/i0.wp.com\/eltrabajo.cl\/portal\/wp-content\/uploads\/2016\/04\/TENIENTE-PATRICIO-NAVEA.jpg?resize=400%2C263&amp;ssl=1 400w, https:\/\/i0.wp.com\/eltrabajo.cl\/portal\/wp-content\/uploads\/2016\/04\/TENIENTE-PATRICIO-NAVEA.jpg?w=530&amp;ssl=1 530w\" sizes=\"auto, (max-width: 300px) 100vw, 300px\" \/><\/a><figcaption id=\"caption-attachment-68996\" class=\"wp-caption-text\">El Teniente de Carabineros, Patricio Navea.<\/figcaption><\/figure>\n","protected":false},"excerpt":{"rendered":"<p>Tras ser detenidos por Carabineros de la Tenencia de Catemu fueron formalizados en tribunales quedando bajo la cautelar de prisi\u00f3n preventiva. Momentos de terror vivi\u00f3 un adulto mayor de 68 a\u00f1os de&#8230;<\/p>\n","protected":false},"author":1,"featured_media":68994,"comment_status":"open","ping_status":"open","sticky":false,"template":"","format":"standard","meta":{"advanced_seo_description":"","jetpack_seo_html_title":"","jetpack_seo_noindex":false,"_jetpack_memberships_contains_paid_content":false,"footnotes":""},"categories":[21],"tags":[],"class_list":["post-68993","post","type-post","status-publish","format-standard","has-post-thumbnail","hentry","category-policial"],"jetpack_featured_media_url":"https:\/\/i0.wp.com\/eltrabajo.cl\/portal\/wp-content\/uploads\/2016\/04\/LUIS-SARAVIA.jpg?fit=530%2C350&ssl=1","jetpack_sharing_enabled":true,"jetpack_likes_enabled":true,"jetpack-related-posts":[],"_links":{"self":[{"href":"https:\/\/eltrabajo.cl\/portal\/wp-json\/wp\/v2\/posts\/68993","targetHints":{"allow":["GET"]}}],"collection":[{"href":"https:\/\/eltrabajo.cl\/portal\/wp-json\/wp\/v2\/posts"}],"about":[{"href":"https:\/\/eltrabajo.cl\/portal\/wp-json\/wp\/v2\/types\/post"}],"author":[{"embeddable":true,"href":"https:\/\/eltrabajo.cl\/portal\/wp-json\/wp\/v2\/users\/1"}],"replies":[{"embeddable":true,"href":"https:\/\/eltrabajo.cl\/portal\/wp-json\/wp\/v2\/comments?post=68993"}],"version-history":[{"count":0,"href":"https:\/\/eltrabajo.cl\/portal\/wp-json\/wp\/v2\/posts\/68993\/revisions"}],"wp:featuredmedia":[{"embeddable":true,"href":"https:\/\/eltrabajo.cl\/portal\/wp-json\/wp\/v2\/media\/68994"}],"wp:attachment":[{"href":"https:\/\/eltrabajo.cl\/portal\/wp-json\/wp\/v2\/media?parent=68993"}],"wp:term":[{"taxonomy":"category","embeddable":true,"href":"https:\/\/eltrabajo.cl\/portal\/wp-json\/wp\/v2\/categories?post=68993"},{"taxonomy":"post_tag","embeddable":true,"href":"https:\/\/eltrabajo.cl\/portal\/wp-json\/wp\/v2\/tags?post=68993"}],"curies":[{"name":"wp","href":"https:\/\/api.w.org\/{rel}","templated":true}]}}