{"id":68999,"date":"2016-04-21T09:59:49","date_gmt":"2016-04-21T12:59:49","guid":{"rendered":"http:\/\/www.eltrabajo.cl\/portal\/?p=68999"},"modified":"2016-04-21T09:59:49","modified_gmt":"2016-04-21T12:59:49","slug":"acusan-maltrato-y-hostigamiento-de-alto-oficial-de-carabineros-a-subalternos","status":"publish","type":"post","link":"https:\/\/eltrabajo.cl\/portal\/acusan-maltrato-y-hostigamiento-de-alto-oficial-de-carabineros-a-subalternos\/","title":{"rendered":"Acusan maltrato y hostigamiento de alto oficial de Carabineros a subalternos"},"content":{"rendered":"<p>Una grave denuncia de maltrato laboral, persecuci\u00f3n y hostigamiento por parte de uno de los oficiales de mayor rango de la Prefectura de Carabineros de Aconcagua, formul\u00f3 un funcionario en servicio activo de esa instituci\u00f3n, quien asegura que diariamente vulnera los derechos m\u00e1s b\u00e1sicos de respeto que se deben los individuos en una sociedad civilizada.<br \/>\nLo anterior habr\u00eda llevado a varios funcionarios a presentar licencia m\u00e9dica por estr\u00e9s laboral, incluidos oficiales de alto rango que pidieron la baja o simplemente el traslado a otra unidad debido al trato vejatorio del oficial contra sus subalternos.<br \/>\nSeg\u00fan la denuncia de este funcionario, cuya identidad debemos reservarnos por razones obvias, el mal clima laboral en la Segunda Comisar\u00eda de Carabineros de San Felipe es algo que se arrastra desde hace ya un buen tiempo, pues se trata de uno de los oficiales de m\u00e1s alto rango en la Prefectura.<br \/>\nEl efectivo policial agreg\u00f3 que esta situaci\u00f3n ha llevado a que en estos momentos dos funcionarios, entre ellos un oficial, est\u00e9n con licencia m\u00e9dica por estr\u00e9s y uno de ellos est\u00e9 a punto de pedir su retiro voluntario de la instituci\u00f3n, pues literalmente ya no soporta el constante asedio laboral por parte del oficial de la Prefectura Aconcagua, que incluso en cualquier lugar estar\u00eda llamando la atenci\u00f3n al personal de una manera que fue calificada como humillante, especialmente a mujeres de la instituci\u00f3n.<br \/>\nSeg\u00fan explic\u00f3 el funcionarios afectado, \u00abesto se viene repitiendo desde hace mucho tiempo: los maltratos, el abuso, la forma prepotente. Es un clima constante, es habitual. Nos tratan de muy mala manera, a los oficiales, a los suboficiales y a los carabineros.<br \/>\n\u00abHay casos de personas que se han retirado de la instituci\u00f3n, que se han ido porque ya no dan m\u00e1s. Mi mayor (Maureen Espinoza, supuestamente) pidi\u00f3 el traslado, se tuvo que ir porque ya no daba m\u00e1s la situaci\u00f3n ac\u00e1 en San Felipe. Otro mayor tambi\u00e9n pidi\u00f3 el retiro, la baja de la instituci\u00f3n.<br \/>\n\u00abEs un clima insostenible. Es cierto, nosotros tenemos que ser obedientes, disciplinados, pero esto francamente tiene otro nombre. Aqu\u00ed hay un clima laboral mal\u00edsimo. Se denigra, nos tratan sumamente mal.<br \/>\n\u00abTodos saben, mi Coronel tambi\u00e9n sabe lo que est\u00e1 ocurriendo, hacen vista gorda de esta situaci\u00f3n, porque el oficial de la Prefectura Aconcagua hace lo que quiere y nadie le puede decir nada. Se toma atribuciones. Por ejemplo hay un documento emanado del nivel central de Carabineros que dice que los efectivos policiales en la noche deben usar un beatle, un polar, pero \u00e9l simplemente desobedeci\u00f3 esa orden y dice \u2018no, con camisa todos, es mi palabra la que vale\u2019. Uno no puede decir nada, no tiene derecho a reclamar, a expresar una opini\u00f3n distinta. (&#8230;) Ustedes no se imaginan qu\u00e9 significa cuando nos llama a su oficina para pedirnos cuenta. Es una forma prepotente, a veces ni siquiera toma en cuenta que hay mujeres y trata de muy mala manera.<br \/>\n<strong>&#8211; \u00bfPodemos conocer el nombre de este oficial?<\/strong><br \/>\n&#8211; Yo a\u00fan estoy en Carabineros de Chile, no he pedido mi baja, y mientras no lo haga no voy a dar a conocer el nombre, pero quiero hablar en nombre de muchos otros colegas que seguramente saben de qu\u00e9 estoy hablando. Yo lo que pido es que por favor alguien haga algo porque el clima laboral de persecuci\u00f3n que hay al interior de la Segunda Comisar\u00eda de San Felipe es incre\u00edble, no existe la palabra adecuada para describir como este oficial nos denigra, nos trata mal. Ac\u00e1 los derechos m\u00e1s b\u00e1sicos de respeto que nos debemos todos, son vulnerados diariamente.<\/p>\n<p><strong>Carabineros responde<\/strong><br \/>\nAnte esta situaci\u00f3n y siempre resguardando la identidad del denunciante, consultamos al Teniente Coronel Marcelo Arancibia, quien dijo que hasta el momento no han recibido ninguna denuncia formal por parte de alg\u00fan funcionario de la instituci\u00f3n, y dijo que los carabineros saben que pueden seguir el conducto regular para denunciar este u otro hecho que los afecte como persona o carabineros, desmintiendo que se est\u00e9 tratando mal al personal en esa unidad o en cualquier otra unidad del valle.<\/p>\n<p><strong>Denuncia Excarabineros<\/strong><br \/>\nCabe destacar que existe una agrupaci\u00f3n de excarabineros que han creado una fanpage en Facebook, llamada precisamente Excarabineros de Chile, que acoge todo tipo de denuncias sobre abusos ya sea de funcionarios o de la misma instituci\u00f3n, en la cual con fecha 9 de abril se public\u00f3 el siguiente mensaje:<br \/>\n<strong>\u00ab2da. Com. San Felipe.<\/strong><br \/>\n<strong>Necesitamos conocer el clima laboral que se vive al interior de este cuartel&#8230;<\/strong><br \/>\n<strong>Un sinnumero de Carabineros denuncia malos tratos por parte del Comandante Arancibia. Los que afectar\u00edan hasta los mismos oficiales Subalternos.<\/strong><br \/>\n<strong>por parte de funcionarios en servicio o no\u00bb.<\/strong><\/p>\n<figure id=\"attachment_69000\" aria-describedby=\"caption-attachment-69000\" style=\"width: 300px\" class=\"wp-caption alignleft\"><a href=\"http:\/\/www.eltrabajo.cl\/portal\/acusan-maltrato-y-hostigamiento-de-alto-oficial-de-carabineros-a-subalternos\/coronel-arancibia-2\/\" rel=\"attachment wp-att-69000\"><img data-recalc-dims=\"1\" loading=\"lazy\" decoding=\"async\" class=\"wp-image-69000 size-medium\" src=\"https:\/\/i0.wp.com\/www.eltrabajo.cl\/portal\/wp-content\/uploads\/2016\/04\/coronel-arancibia-300x198.jpg?resize=300%2C198\" alt=\"Coronel Marcelo Arancibia, Subprefecto de Carabineros de Aconcagua.\" width=\"300\" height=\"198\" srcset=\"https:\/\/i0.wp.com\/eltrabajo.cl\/portal\/wp-content\/uploads\/2016\/04\/coronel-arancibia.jpg?resize=300%2C198&amp;ssl=1 300w, https:\/\/i0.wp.com\/eltrabajo.cl\/portal\/wp-content\/uploads\/2016\/04\/coronel-arancibia.jpg?resize=200%2C132&amp;ssl=1 200w, https:\/\/i0.wp.com\/eltrabajo.cl\/portal\/wp-content\/uploads\/2016\/04\/coronel-arancibia.jpg?resize=227%2C150&amp;ssl=1 227w, https:\/\/i0.wp.com\/eltrabajo.cl\/portal\/wp-content\/uploads\/2016\/04\/coronel-arancibia.jpg?resize=400%2C264&amp;ssl=1 400w, https:\/\/i0.wp.com\/eltrabajo.cl\/portal\/wp-content\/uploads\/2016\/04\/coronel-arancibia.jpg?w=530&amp;ssl=1 530w\" sizes=\"auto, (max-width: 300px) 100vw, 300px\" \/><\/a><figcaption id=\"caption-attachment-69000\" class=\"wp-caption-text\">Coronel Marcelo Arancibia, Subprefecto de Carabineros de Aconcagua.<\/figcaption><\/figure>\n<figure id=\"attachment_69001\" aria-describedby=\"caption-attachment-69001\" style=\"width: 530px\" class=\"wp-caption alignleft\"><a href=\"http:\/\/www.eltrabajo.cl\/portal\/acusan-maltrato-y-hostigamiento-de-alto-oficial-de-carabineros-a-subalternos\/excarabineros\/\" rel=\"attachment wp-att-69001\"><img data-recalc-dims=\"1\" loading=\"lazy\" decoding=\"async\" class=\"wp-image-69001 size-full\" src=\"https:\/\/i0.wp.com\/www.eltrabajo.cl\/portal\/wp-content\/uploads\/2016\/04\/excarabineros.jpg?resize=530%2C349\" alt=\"La publicaci\u00f3n en Facebook de Excarabineros de Chile.\" width=\"530\" height=\"349\" srcset=\"https:\/\/i0.wp.com\/eltrabajo.cl\/portal\/wp-content\/uploads\/2016\/04\/excarabineros.jpg?w=530&amp;ssl=1 530w, https:\/\/i0.wp.com\/eltrabajo.cl\/portal\/wp-content\/uploads\/2016\/04\/excarabineros.jpg?resize=200%2C132&amp;ssl=1 200w, https:\/\/i0.wp.com\/eltrabajo.cl\/portal\/wp-content\/uploads\/2016\/04\/excarabineros.jpg?resize=300%2C198&amp;ssl=1 300w, https:\/\/i0.wp.com\/eltrabajo.cl\/portal\/wp-content\/uploads\/2016\/04\/excarabineros.jpg?resize=228%2C150&amp;ssl=1 228w, https:\/\/i0.wp.com\/eltrabajo.cl\/portal\/wp-content\/uploads\/2016\/04\/excarabineros.jpg?resize=400%2C263&amp;ssl=1 400w\" sizes=\"auto, (max-width: 530px) 100vw, 530px\" \/><\/a><figcaption id=\"caption-attachment-69001\" class=\"wp-caption-text\">La publicaci\u00f3n en Facebook de Excarabineros de Chile.<\/figcaption><\/figure>\n","protected":false},"excerpt":{"rendered":"<p>Una grave denuncia de maltrato laboral, persecuci\u00f3n y hostigamiento por parte de uno de los oficiales de mayor rango de la Prefectura de Carabineros de Aconcagua, formul\u00f3 un funcionario en servicio activo&#8230;<\/p>\n","protected":false},"author":1,"featured_media":69000,"comment_status":"open","ping_status":"open","sticky":false,"template":"","format":"standard","meta":{"advanced_seo_description":"","jetpack_seo_html_title":"","jetpack_seo_noindex":false,"_jetpack_memberships_contains_paid_content":false,"footnotes":""},"categories":[15],"tags":[],"class_list":["post-68999","post","type-post","status-publish","format-standard","has-post-thumbnail","hentry","category-comunidad"],"jetpack_featured_media_url":"https:\/\/i0.wp.com\/eltrabajo.cl\/portal\/wp-content\/uploads\/2016\/04\/coronel-arancibia.jpg?fit=530%2C350&ssl=1","jetpack_sharing_enabled":true,"jetpack_likes_enabled":true,"jetpack-related-posts":[],"_links":{"self":[{"href":"https:\/\/eltrabajo.cl\/portal\/wp-json\/wp\/v2\/posts\/68999","targetHints":{"allow":["GET"]}}],"collection":[{"href":"https:\/\/eltrabajo.cl\/portal\/wp-json\/wp\/v2\/posts"}],"about":[{"href":"https:\/\/eltrabajo.cl\/portal\/wp-json\/wp\/v2\/types\/post"}],"author":[{"embeddable":true,"href":"https:\/\/eltrabajo.cl\/portal\/wp-json\/wp\/v2\/users\/1"}],"replies":[{"embeddable":true,"href":"https:\/\/eltrabajo.cl\/portal\/wp-json\/wp\/v2\/comments?post=68999"}],"version-history":[{"count":0,"href":"https:\/\/eltrabajo.cl\/portal\/wp-json\/wp\/v2\/posts\/68999\/revisions"}],"wp:featuredmedia":[{"embeddable":true,"href":"https:\/\/eltrabajo.cl\/portal\/wp-json\/wp\/v2\/media\/69000"}],"wp:attachment":[{"href":"https:\/\/eltrabajo.cl\/portal\/wp-json\/wp\/v2\/media?parent=68999"}],"wp:term":[{"taxonomy":"category","embeddable":true,"href":"https:\/\/eltrabajo.cl\/portal\/wp-json\/wp\/v2\/categories?post=68999"},{"taxonomy":"post_tag","embeddable":true,"href":"https:\/\/eltrabajo.cl\/portal\/wp-json\/wp\/v2\/tags?post=68999"}],"curies":[{"name":"wp","href":"https:\/\/api.w.org\/{rel}","templated":true}]}}