{"id":69005,"date":"2016-04-22T08:18:58","date_gmt":"2016-04-22T11:18:58","guid":{"rendered":"http:\/\/www.eltrabajo.cl\/portal\/?p=69005"},"modified":"2016-04-22T08:18:58","modified_gmt":"2016-04-22T11:18:58","slug":"asegura-que-fue-sedado-golpeado-y-robado-por-delincuentes-en-la-calle","status":"publish","type":"post","link":"https:\/\/eltrabajo.cl\/portal\/asegura-que-fue-sedado-golpeado-y-robado-por-delincuentes-en-la-calle\/","title":{"rendered":"Asegura que fue sedado, golpeado y robado por delincuentes en la calle"},"content":{"rendered":"<p><strong>Habr\u00eda sido llevado hasta una cancha de f\u00fatbol donde lo abandonaron inconsciente luego de robarle todos sus efectos personales.<\/strong><br \/>\n<strong>LOS ANDES.-<\/strong> Un violento atraco habr\u00eda sufrido el conductor de una empresa de radiotaxis cuando se dirig\u00eda a su domicilio y fue abordado por dos antisociales que lo habr\u00edan sedado y luego trasladado hasta una cancha de f\u00fatbol, donde, luego de golpearlo, le habr\u00edan quitado todas sus especies de valor.<br \/>\nConforme a los antecedentes policiales, la v\u00edctima de iniciales J.E.R., de 31 a\u00f1os, caminaba de regreso a su casa a eso de las 5:30 horas por calle San Rafael y al llegar a la esquina de Balmaceda, habr\u00eda sido abordado por dos delincuentes, uno de los cuales le habr\u00eda puesto un pa\u00f1o en la boca, perdiendo el conocimiento.<br \/>\nPosteriormente los maleantes lo habr\u00edan subido a un veh\u00edculo traslad\u00e1ndolo hasta la cancha de la poblaci\u00f3n Ambrosio O\u2019Higgins ubicada al final de la avenida Salvador Allende. Los sujetos lo habr\u00edan golpeado ferozmente, arrebat\u00e1ndole todas las especies de valor que llevaba consigo correspondientes a su billetera con 10 mil pesos en efectivo en el interior, c\u00e9dula de identidad, tarjetas de cr\u00e9ditos, el tel\u00e9fono celular y las llaves del taxi que conduce.<br \/>\nActo seguido los maleantes se dieron a la fuga, mientras la v\u00edctima acudi\u00f3 a la Comisar\u00eda a estampar la denuncia correspondiente.<br \/>\nSi bien se realizaron patrullajes por el sector no fue posible dar con el paradero de los autores de este violento atraco.<\/p>\n<figure id=\"attachment_69006\" aria-describedby=\"caption-attachment-69006\" style=\"width: 530px\" class=\"wp-caption alignleft\"><a href=\"http:\/\/www.eltrabajo.cl\/portal\/asegura-que-fue-sedado-golpeado-y-robado-por-delincuentes-en-la-calle\/cancha-ambrosio4\/\" rel=\"attachment wp-att-69006\"><img data-recalc-dims=\"1\" loading=\"lazy\" decoding=\"async\" class=\"size-full wp-image-69006\" src=\"https:\/\/i0.wp.com\/www.eltrabajo.cl\/portal\/wp-content\/uploads\/2016\/04\/cancha-ambrosio4.jpg?resize=530%2C348\" alt=\"Los delincuentes trasladaron hasta la cancha de la poblaci\u00f3n Ambrosio O\u2019Higgins a la v\u00edctima para golpearlo y robarle sus pertenencias.\" width=\"530\" height=\"348\" srcset=\"https:\/\/i0.wp.com\/eltrabajo.cl\/portal\/wp-content\/uploads\/2016\/04\/cancha-ambrosio4.jpg?w=530&amp;ssl=1 530w, https:\/\/i0.wp.com\/eltrabajo.cl\/portal\/wp-content\/uploads\/2016\/04\/cancha-ambrosio4.jpg?resize=200%2C131&amp;ssl=1 200w, https:\/\/i0.wp.com\/eltrabajo.cl\/portal\/wp-content\/uploads\/2016\/04\/cancha-ambrosio4.jpg?resize=300%2C197&amp;ssl=1 300w, https:\/\/i0.wp.com\/eltrabajo.cl\/portal\/wp-content\/uploads\/2016\/04\/cancha-ambrosio4.jpg?resize=228%2C150&amp;ssl=1 228w, https:\/\/i0.wp.com\/eltrabajo.cl\/portal\/wp-content\/uploads\/2016\/04\/cancha-ambrosio4.jpg?resize=400%2C263&amp;ssl=1 400w\" sizes=\"auto, (max-width: 530px) 100vw, 530px\" \/><\/a><figcaption id=\"caption-attachment-69006\" class=\"wp-caption-text\">Los delincuentes trasladaron hasta la cancha de la poblaci\u00f3n Ambrosio O\u2019Higgins a la v\u00edctima para golpearlo y robarle sus pertenencias.<\/figcaption><\/figure>\n","protected":false},"excerpt":{"rendered":"<p>Habr\u00eda sido llevado hasta una cancha de f\u00fatbol donde lo abandonaron inconsciente luego de robarle todos sus efectos personales. LOS ANDES.- Un violento atraco habr\u00eda sufrido el conductor de una empresa de&#8230;<\/p>\n","protected":false},"author":1,"featured_media":69006,"comment_status":"open","ping_status":"open","sticky":false,"template":"","format":"standard","meta":{"advanced_seo_description":"","jetpack_seo_html_title":"","jetpack_seo_noindex":false,"_jetpack_memberships_contains_paid_content":false,"footnotes":""},"categories":[21],"tags":[],"class_list":["post-69005","post","type-post","status-publish","format-standard","has-post-thumbnail","hentry","category-policial"],"jetpack_featured_media_url":"https:\/\/i0.wp.com\/eltrabajo.cl\/portal\/wp-content\/uploads\/2016\/04\/cancha-ambrosio4.jpg?fit=530%2C348&ssl=1","jetpack_sharing_enabled":true,"jetpack_likes_enabled":true,"jetpack-related-posts":[],"_links":{"self":[{"href":"https:\/\/eltrabajo.cl\/portal\/wp-json\/wp\/v2\/posts\/69005","targetHints":{"allow":["GET"]}}],"collection":[{"href":"https:\/\/eltrabajo.cl\/portal\/wp-json\/wp\/v2\/posts"}],"about":[{"href":"https:\/\/eltrabajo.cl\/portal\/wp-json\/wp\/v2\/types\/post"}],"author":[{"embeddable":true,"href":"https:\/\/eltrabajo.cl\/portal\/wp-json\/wp\/v2\/users\/1"}],"replies":[{"embeddable":true,"href":"https:\/\/eltrabajo.cl\/portal\/wp-json\/wp\/v2\/comments?post=69005"}],"version-history":[{"count":0,"href":"https:\/\/eltrabajo.cl\/portal\/wp-json\/wp\/v2\/posts\/69005\/revisions"}],"wp:featuredmedia":[{"embeddable":true,"href":"https:\/\/eltrabajo.cl\/portal\/wp-json\/wp\/v2\/media\/69006"}],"wp:attachment":[{"href":"https:\/\/eltrabajo.cl\/portal\/wp-json\/wp\/v2\/media?parent=69005"}],"wp:term":[{"taxonomy":"category","embeddable":true,"href":"https:\/\/eltrabajo.cl\/portal\/wp-json\/wp\/v2\/categories?post=69005"},{"taxonomy":"post_tag","embeddable":true,"href":"https:\/\/eltrabajo.cl\/portal\/wp-json\/wp\/v2\/tags?post=69005"}],"curies":[{"name":"wp","href":"https:\/\/api.w.org\/{rel}","templated":true}]}}