{"id":69009,"date":"2016-04-22T08:21:42","date_gmt":"2016-04-22T11:21:42","guid":{"rendered":"http:\/\/www.eltrabajo.cl\/portal\/?p=69009"},"modified":"2016-04-22T08:32:20","modified_gmt":"2016-04-22T11:32:20","slug":"implementaran-nuevo-recorrido-de-micros-interurbanas-en-diversos-sectores","status":"publish","type":"post","link":"https:\/\/eltrabajo.cl\/portal\/implementaran-nuevo-recorrido-de-micros-interurbanas-en-diversos-sectores\/","title":{"rendered":"Implementar\u00e1n nuevo recorrido de micros interurbanas en diversos sectores"},"content":{"rendered":"<p><strong>Buses Puma debiera implementar trazado dentro de los pr\u00f3ximos 60 d\u00edas: <\/strong><\/p>\n<p>Vecinos de villa Las Acacias, Santa Br\u00edgida, El Se\u00f1orial, Puerta del Inca, El Casta\u00f1o y villa El Carmen tendr\u00e1n nueva alternativa de transporte. Est\u00e1 por definirse la situaci\u00f3n de villa Juan Pablo II.<br \/>\nVecinos de distintos puntos de la ciudad de San Felipe, se ver\u00e1n beneficiados con la implementaci\u00f3n del nuevo recorrido que efectuar\u00e1n las micros interurbanas de la Empresa Puma, hecho que de acuerdo al compromiso adquirido por el Seremi de Transportes y Telecomunicaciones de Valpara\u00edso, Mauricio Astudillo, debiera concretarse dentro de los pr\u00f3ximos 60 d\u00edas.<br \/>\nAs\u00ed lo inform\u00f3 Jessica Leiva, Presidenta de la Junta de Vecinos de la Etapa I de villa Las Acacias, quien tras reunirse junto a otros dirigentes vecinales, con el representante del Ministerio de Transportes, destac\u00f3 que \u201ctuvimos una muy buena acogida de su parte, porque todo el tr\u00e1mite y papeleo m\u00e1s pesado ya estaba avanzado, nosotros ya hab\u00edamos conversado con los Buses Puma, ten\u00edamos el trazado hecho, as\u00ed que en un m\u00e1ximo de 2 meses vamos a tener nuestro recorrido de locomoci\u00f3n dura (sic)\u201d, sostuvo.<br \/>\nDe acuerdo a lo relatado por Leiva, los vecinos de villa Las Acacias, El Se\u00f1orial y tambi\u00e9n Juan Pablo II, est\u00e1n desde el a\u00f1o 2014 realizando diversos tr\u00e1mites que les permitan obtener una respuesta a la demanda de fijar un nuevo trazado para la locomoci\u00f3n interurbana, en sectores que actualmente dependen s\u00f3lo de los taxis colectivos para poder desplazarse dentro de la comuna, implicando incomodidad y un desembolso econ\u00f3mico mayor al de vecinos de otras zonas urbanas.<br \/>\nDe esta manera, el sistema que utilizar\u00eda la empresa transportista, ser\u00eda intervenir y alternar el recorrido Putaendo- San Felipe, que actualmente pasa directamente por Hermanos Carrera y avenida Enc\u00f3n, realizando un nuevo trazado que desviar\u00eda las micros tomando la ruta de Abd\u00f3n Cifuentes (Santa Br\u00edgida) y avenida Santa Teresa (villa Las Acacias). As\u00ed, los buses que viajen entre ambas comunas, dispondr\u00e1n que los conductores alternen entre ambas rutas, dependiendo de sus horarios de salida desde la terminal.<br \/>\nEn el caso de villa El Se\u00f1orial, seg\u00fan lo informado por la presidenta de su Junta Vecinal, \u00c9rika \u00c1lvarez, las micros tendr\u00edan el siguiente recorrido: entrar\u00edan por calle Tocornal y atravesar\u00eda de norte a sur calle Julio Montero, hasta llegar a avenida Michimalongo. En esta arteria, subir\u00eda hasta la rotonda Monasterio para recoger pasajeros de las villas Puerta del Inca y El Casta\u00f1o, bajando posteriormente por Michimalongo hasta villa El Carmen, lugar que enlazar\u00eda con calle Nicol\u00e1s Maruri, llegando hasta Yungay y terminando su recorrido en el Terminal Rodoviario.<br \/>\n\u00c1lvarez se mostr\u00f3 satisfecha de ver tan cerca la concreci\u00f3n de un proyecto que lucharon durante mucho tiempo y que tuvo que enfrentar varias dificultades. De hecho la dirigente vecinal asegur\u00f3 que a\u00fan existen interesados en que esta modificaci\u00f3n no se lleve a cabo, puesto que \u201chay mucha presi\u00f3n del gremio de colectivos para que este asunto se alargue\u2026 ellos no quer\u00edan que logr\u00e1ramos esto porque no les conviene, pero nosotros tenemos que ver por la gente y necesitamos manejar dos alternativas de locomoci\u00f3n\u201d.<br \/>\nRespecto de la demanda de los vecinos de villa Las Acacias y El Se\u00f1orial, Mauricio Astudilo, Seremi de Transportes y telecomunicaciones de Valpara\u00edso en una primera instancia -antes de ingresar a la reuni\u00f3n con los dirigentes vecinales-, dijo desconocer este requerimiento, pero se mostr\u00f3 llano a darle una respuesta, anticipando que \u201ccuando existen problemas con la oferta de Servicios, \u00e9sta puede ser producto de que existen muy pocos pasajeros, pero existe una necesidad real, y por lo tanto, debemos apoyar con subsidios para que esa oferta se mantenga de forma sostenida durante el d\u00eda\u201d, declar\u00f3.<br \/>\nEn relaci\u00f3n con la importancia que cobra la colaboraci\u00f3n de las distintas unidades vecinales en la mejora de las condiciones del transporte p\u00fablico, Astudillo enfatiz\u00f3 que \u201csi hay algo que el Ministerio de Transportes aprendi\u00f3 con el Transantiago, es que si los cambios de la locomoci\u00f3n colectiva no se realizan con la comunidad, la verdad es que los servicios no mejoran y es por eso que nuestras reuniones van acompa\u00f1adas de la participaci\u00f3n ciudadana y en ese sentido lo vamos a seguir haciendo en la ciudad de San Felipe\u201d, argument\u00f3.<\/p>\n<p><strong>M\u00c1S TRANSPORTE RURAL<\/strong><br \/>\nEl personero de Gobierno, se refiri\u00f3 tambi\u00e9n al actual estado del trazado de la locomoci\u00f3n colectiva mayor en toda la Provincia de San Felipe, analizando que \u201cestas reuniones con el Gobernador precisamente buscan hacer un levantamiento de informaci\u00f3n respecto de c\u00f3mo est\u00e1n funcionando los distintos servicios de locomoci\u00f3n colectiva y son siempre acompa\u00f1adas por las federaciones de buses, donde vamos viendo donde existen dificultades en la provisi\u00f3n de servicios de buena calidad, sobre todo en zonas aisladas\u201d, expres\u00f3.<br \/>\nRespecto de c\u00f3mo se puede mejorar el servicio de transporte en las localidades rurales de la Provincia, Astudillo a\u00f1adi\u00f3 que \u201cproducto del Transantiago y de la Ley Espejo, que nos otorg\u00f3 recursos para generar servicios en zonas aisladas, con subsidios entregados por el ministerio, por lo tanto ah\u00ed tenemos un amplio trabajo que debemos desarrollar con el Gobernador, de tal forma que en algunos servicios de zonas aisladas que cuenten con una mal oferta de transporte p\u00fablico, derechamente entrar a subsidiarlos para mejorar los est\u00e1ndares de servicio\u201d.<br \/>\n\u201cConocemos que en la Provincia de San Felipe existen circuitos muy aislados en el que el apoyo del Ministerio de Transporte se torna fundamental para que se pueda tener una oferta permanente en el tiempo\u201d, concluy\u00f3 el Seremi.<\/p>\n<div class=\"tiled-gallery type-rectangular tiled-gallery-unresized\" data-original-width=\"640\" data-carousel-extra='null' itemscope itemtype=\"http:\/\/schema.org\/ImageGallery\" > <div class=\"gallery-row\" style=\"width: 640px; height: 283px;\" data-original-width=\"640\" data-original-height=\"283\" > <div class=\"gallery-group images-1\" style=\"width: 428px; height: 283px;\" data-original-width=\"428\" data-original-height=\"283\" > <div class=\"tiled-gallery-item tiled-gallery-item-large\" itemprop=\"associatedMedia\" itemscope itemtype=\"http:\/\/schema.org\/ImageObject\"> <a href=\"https:\/\/eltrabajo.cl\/portal\/implementaran-nuevo-recorrido-de-micros-interurbanas-en-diversos-sectores\/erika-alvarez-presidenta-junta-de-vecinos-el-senorial\/\" border=\"0\" itemprop=\"url\"> <meta itemprop=\"width\" content=\"424\"> <meta itemprop=\"height\" content=\"279\"> <img decoding=\"async\" class=\"\" data-attachment-id=\"69010\" data-orig-file=\"https:\/\/eltrabajo.cl\/portal\/wp-content\/uploads\/2016\/04\/Erika-Alvarez-Presidenta-Junta-de-Vecinos-El-Senorial.jpg\" data-orig-size=\"530,349\" data-comments-opened=\"1\" data-image-meta=\"{&quot;aperture&quot;:&quot;0&quot;,&quot;credit&quot;:&quot;&quot;,&quot;camera&quot;:&quot;&quot;,&quot;caption&quot;:&quot;&quot;,&quot;created_timestamp&quot;:&quot;0&quot;,&quot;copyright&quot;:&quot;&quot;,&quot;focal_length&quot;:&quot;0&quot;,&quot;iso&quot;:&quot;0&quot;,&quot;shutter_speed&quot;:&quot;0&quot;,&quot;title&quot;:&quot;&quot;,&quot;orientation&quot;:&quot;0&quot;}\" data-image-title=\"\u00c9rika \u00c1lvarez, presidenta de la Junta de Vecinos de villa El Se\u00f1orial\" data-image-description=\"&lt;p&gt;\u00c9rika \u00c1lvarez, presidenta de la Junta de Vecinos de villa El Se\u00f1orial&lt;\/p&gt; \" data-medium-file=\"https:\/\/i0.wp.com\/eltrabajo.cl\/portal\/wp-content\/uploads\/2016\/04\/Erika-Alvarez-Presidenta-Junta-de-Vecinos-El-Senorial.jpg?fit=300%2C198&#038;ssl=1\" data-large-file=\"https:\/\/i0.wp.com\/eltrabajo.cl\/portal\/wp-content\/uploads\/2016\/04\/Erika-Alvarez-Presidenta-Junta-de-Vecinos-El-Senorial.jpg?fit=530%2C349&#038;ssl=1\" src=\"https:\/\/i0.wp.com\/eltrabajo.cl\/portal\/wp-content\/uploads\/2016\/04\/Erika-Alvarez-Presidenta-Junta-de-Vecinos-El-Senorial.jpg?w=424&#038;h=279&#038;ssl=1\" srcset=\"https:\/\/i0.wp.com\/eltrabajo.cl\/portal\/wp-content\/uploads\/2016\/04\/Erika-Alvarez-Presidenta-Junta-de-Vecinos-El-Senorial.jpg?w=530&amp;ssl=1 530w, https:\/\/i0.wp.com\/eltrabajo.cl\/portal\/wp-content\/uploads\/2016\/04\/Erika-Alvarez-Presidenta-Junta-de-Vecinos-El-Senorial.jpg?resize=200%2C132&amp;ssl=1 200w, https:\/\/i0.wp.com\/eltrabajo.cl\/portal\/wp-content\/uploads\/2016\/04\/Erika-Alvarez-Presidenta-Junta-de-Vecinos-El-Senorial.jpg?resize=300%2C198&amp;ssl=1 300w, https:\/\/i0.wp.com\/eltrabajo.cl\/portal\/wp-content\/uploads\/2016\/04\/Erika-Alvarez-Presidenta-Junta-de-Vecinos-El-Senorial.jpg?resize=228%2C150&amp;ssl=1 228w, https:\/\/i0.wp.com\/eltrabajo.cl\/portal\/wp-content\/uploads\/2016\/04\/Erika-Alvarez-Presidenta-Junta-de-Vecinos-El-Senorial.jpg?resize=400%2C263&amp;ssl=1 400w\" width=\"424\" height=\"279\" loading=\"lazy\" data-original-width=\"424\" data-original-height=\"279\" itemprop=\"http:\/\/schema.org\/image\" title=\"\u00c9rika \u00c1lvarez, presidenta de la Junta de Vecinos de villa El Se\u00f1orial\" alt=\"\u00c9rika \u00c1lvarez, presidenta de la Junta de Vecinos de villa El Se\u00f1orial\" style=\"width: 424px; height: 279px;\" \/> <\/a> <div class=\"tiled-gallery-caption\" itemprop=\"caption description\"> \u00c9rika \u00c1lvarez, presidenta de la Junta de Vecinos de villa El Se\u00f1orial <\/div> <\/div> <\/div> <!-- close group --> <div class=\"gallery-group images-2\" style=\"width: 212px; height: 283px;\" data-original-width=\"212\" data-original-height=\"283\" > <div class=\"tiled-gallery-item tiled-gallery-item-small\" itemprop=\"associatedMedia\" itemscope itemtype=\"http:\/\/schema.org\/ImageObject\"> <a href=\"https:\/\/eltrabajo.cl\/portal\/implementaran-nuevo-recorrido-de-micros-interurbanas-en-diversos-sectores\/jessica-leiva-presidenta-junta-de-vecinos-las-acacias-i\/\" border=\"0\" itemprop=\"url\"> <meta itemprop=\"width\" content=\"208\"> <meta itemprop=\"height\" content=\"137\"> <img decoding=\"async\" class=\"\" data-attachment-id=\"69011\" data-orig-file=\"https:\/\/eltrabajo.cl\/portal\/wp-content\/uploads\/2016\/04\/Jessica-Leiva-Presidenta-Junta-de-Vecinos-Las-Acacias-I.jpg\" data-orig-size=\"530,349\" data-comments-opened=\"1\" data-image-meta=\"{&quot;aperture&quot;:&quot;0&quot;,&quot;credit&quot;:&quot;&quot;,&quot;camera&quot;:&quot;&quot;,&quot;caption&quot;:&quot;&quot;,&quot;created_timestamp&quot;:&quot;0&quot;,&quot;copyright&quot;:&quot;&quot;,&quot;focal_length&quot;:&quot;0&quot;,&quot;iso&quot;:&quot;0&quot;,&quot;shutter_speed&quot;:&quot;0&quot;,&quot;title&quot;:&quot;&quot;,&quot;orientation&quot;:&quot;0&quot;}\" data-image-title=\"Jessica Leiva, presidenta de la primera etapa de villa Las Acacias.\" data-image-description=\"&lt;p&gt;Jessica Leiva, presidenta de la primera etapa de villa Las Acacias.&lt;\/p&gt; \" data-medium-file=\"https:\/\/i0.wp.com\/eltrabajo.cl\/portal\/wp-content\/uploads\/2016\/04\/Jessica-Leiva-Presidenta-Junta-de-Vecinos-Las-Acacias-I.jpg?fit=300%2C198&#038;ssl=1\" data-large-file=\"https:\/\/i0.wp.com\/eltrabajo.cl\/portal\/wp-content\/uploads\/2016\/04\/Jessica-Leiva-Presidenta-Junta-de-Vecinos-Las-Acacias-I.jpg?fit=530%2C349&#038;ssl=1\" src=\"https:\/\/i0.wp.com\/eltrabajo.cl\/portal\/wp-content\/uploads\/2016\/04\/Jessica-Leiva-Presidenta-Junta-de-Vecinos-Las-Acacias-I.jpg?w=208&#038;h=137&#038;ssl=1\" srcset=\"https:\/\/i0.wp.com\/eltrabajo.cl\/portal\/wp-content\/uploads\/2016\/04\/Jessica-Leiva-Presidenta-Junta-de-Vecinos-Las-Acacias-I.jpg?w=530&amp;ssl=1 530w, https:\/\/i0.wp.com\/eltrabajo.cl\/portal\/wp-content\/uploads\/2016\/04\/Jessica-Leiva-Presidenta-Junta-de-Vecinos-Las-Acacias-I.jpg?resize=200%2C132&amp;ssl=1 200w, https:\/\/i0.wp.com\/eltrabajo.cl\/portal\/wp-content\/uploads\/2016\/04\/Jessica-Leiva-Presidenta-Junta-de-Vecinos-Las-Acacias-I.jpg?resize=300%2C198&amp;ssl=1 300w, https:\/\/i0.wp.com\/eltrabajo.cl\/portal\/wp-content\/uploads\/2016\/04\/Jessica-Leiva-Presidenta-Junta-de-Vecinos-Las-Acacias-I.jpg?resize=228%2C150&amp;ssl=1 228w, https:\/\/i0.wp.com\/eltrabajo.cl\/portal\/wp-content\/uploads\/2016\/04\/Jessica-Leiva-Presidenta-Junta-de-Vecinos-Las-Acacias-I.jpg?resize=400%2C263&amp;ssl=1 400w\" width=\"208\" height=\"137\" loading=\"lazy\" data-original-width=\"208\" data-original-height=\"137\" itemprop=\"http:\/\/schema.org\/image\" title=\"Jessica Leiva, presidenta de la primera etapa de villa Las Acacias.\" alt=\"Jessica Leiva, presidenta de la primera etapa de villa Las Acacias.\" style=\"width: 208px; height: 137px;\" \/> <\/a> <div class=\"tiled-gallery-caption\" itemprop=\"caption description\"> Jessica Leiva, presidenta de la primera etapa de villa Las Acacias. <\/div> <\/div> <div class=\"tiled-gallery-item tiled-gallery-item-small\" itemprop=\"associatedMedia\" itemscope itemtype=\"http:\/\/schema.org\/ImageObject\"> <a href=\"https:\/\/eltrabajo.cl\/portal\/implementaran-nuevo-recorrido-de-micros-interurbanas-en-diversos-sectores\/mauricio-astudillo-seremi-de-transportes-y-telecomunicaciones-de-la-region-de-valparaiso\/\" border=\"0\" itemprop=\"url\"> <meta itemprop=\"width\" content=\"208\"> <meta itemprop=\"height\" content=\"138\"> <img decoding=\"async\" class=\"\" data-attachment-id=\"69012\" data-orig-file=\"https:\/\/eltrabajo.cl\/portal\/wp-content\/uploads\/2016\/04\/Mauricio-Astudillo-Seremi-de-Transportes-y-Telecomunicaciones-de-la-Region-de-Valparaiso.jpg\" data-orig-size=\"530,350\" data-comments-opened=\"1\" data-image-meta=\"{&quot;aperture&quot;:&quot;0&quot;,&quot;credit&quot;:&quot;&quot;,&quot;camera&quot;:&quot;&quot;,&quot;caption&quot;:&quot;&quot;,&quot;created_timestamp&quot;:&quot;0&quot;,&quot;copyright&quot;:&quot;&quot;,&quot;focal_length&quot;:&quot;0&quot;,&quot;iso&quot;:&quot;0&quot;,&quot;shutter_speed&quot;:&quot;0&quot;,&quot;title&quot;:&quot;&quot;,&quot;orientation&quot;:&quot;0&quot;}\" data-image-title=\"Seremi de Transportes y Telecomunicaciones Mauricio Astudillo.\" data-image-description=\"&lt;p&gt;Seremi de Transportes y Telecomunicaciones Mauricio Astudillo.&lt;\/p&gt; \" data-medium-file=\"https:\/\/i0.wp.com\/eltrabajo.cl\/portal\/wp-content\/uploads\/2016\/04\/Mauricio-Astudillo-Seremi-de-Transportes-y-Telecomunicaciones-de-la-Region-de-Valparaiso.jpg?fit=300%2C198&#038;ssl=1\" data-large-file=\"https:\/\/i0.wp.com\/eltrabajo.cl\/portal\/wp-content\/uploads\/2016\/04\/Mauricio-Astudillo-Seremi-de-Transportes-y-Telecomunicaciones-de-la-Region-de-Valparaiso.jpg?fit=530%2C350&#038;ssl=1\" src=\"https:\/\/i0.wp.com\/eltrabajo.cl\/portal\/wp-content\/uploads\/2016\/04\/Mauricio-Astudillo-Seremi-de-Transportes-y-Telecomunicaciones-de-la-Region-de-Valparaiso.jpg?w=208&#038;h=138&#038;ssl=1\" srcset=\"https:\/\/i0.wp.com\/eltrabajo.cl\/portal\/wp-content\/uploads\/2016\/04\/Mauricio-Astudillo-Seremi-de-Transportes-y-Telecomunicaciones-de-la-Region-de-Valparaiso.jpg?w=530&amp;ssl=1 530w, https:\/\/i0.wp.com\/eltrabajo.cl\/portal\/wp-content\/uploads\/2016\/04\/Mauricio-Astudillo-Seremi-de-Transportes-y-Telecomunicaciones-de-la-Region-de-Valparaiso.jpg?resize=200%2C132&amp;ssl=1 200w, https:\/\/i0.wp.com\/eltrabajo.cl\/portal\/wp-content\/uploads\/2016\/04\/Mauricio-Astudillo-Seremi-de-Transportes-y-Telecomunicaciones-de-la-Region-de-Valparaiso.jpg?resize=300%2C198&amp;ssl=1 300w, https:\/\/i0.wp.com\/eltrabajo.cl\/portal\/wp-content\/uploads\/2016\/04\/Mauricio-Astudillo-Seremi-de-Transportes-y-Telecomunicaciones-de-la-Region-de-Valparaiso.jpg?resize=227%2C150&amp;ssl=1 227w, https:\/\/i0.wp.com\/eltrabajo.cl\/portal\/wp-content\/uploads\/2016\/04\/Mauricio-Astudillo-Seremi-de-Transportes-y-Telecomunicaciones-de-la-Region-de-Valparaiso.jpg?resize=400%2C264&amp;ssl=1 400w\" width=\"208\" height=\"138\" loading=\"lazy\" data-original-width=\"208\" data-original-height=\"138\" itemprop=\"http:\/\/schema.org\/image\" title=\"Seremi de Transportes y Telecomunicaciones Mauricio Astudillo.\" alt=\"Seremi de Transportes y Telecomunicaciones Mauricio Astudillo.\" style=\"width: 208px; height: 138px;\" \/> <\/a> <div class=\"tiled-gallery-caption\" itemprop=\"caption description\"> Seremi de Transportes y Telecomunicaciones Mauricio Astudillo. <\/div> <\/div> <\/div> <!-- close group --> <\/div> <!-- close row --> <\/div>\n","protected":false},"excerpt":{"rendered":"<p>Buses Puma debiera implementar trazado dentro de los pr\u00f3ximos 60 d\u00edas: Vecinos de villa Las Acacias, Santa Br\u00edgida, El Se\u00f1orial, Puerta del Inca, El Casta\u00f1o y villa El Carmen tendr\u00e1n nueva alternativa&#8230;<\/p>\n","protected":false},"author":1,"featured_media":69011,"comment_status":"open","ping_status":"open","sticky":false,"template":"","format":"standard","meta":{"advanced_seo_description":"","jetpack_seo_html_title":"","jetpack_seo_noindex":false,"_jetpack_memberships_contains_paid_content":false,"footnotes":""},"categories":[1],"tags":[],"class_list":["post-69009","post","type-post","status-publish","format-standard","has-post-thumbnail","hentry","category-cronica"],"jetpack_featured_media_url":"https:\/\/i0.wp.com\/eltrabajo.cl\/portal\/wp-content\/uploads\/2016\/04\/Jessica-Leiva-Presidenta-Junta-de-Vecinos-Las-Acacias-I.jpg?fit=530%2C349&ssl=1","jetpack_sharing_enabled":true,"jetpack_likes_enabled":true,"jetpack-related-posts":[],"_links":{"self":[{"href":"https:\/\/eltrabajo.cl\/portal\/wp-json\/wp\/v2\/posts\/69009","targetHints":{"allow":["GET"]}}],"collection":[{"href":"https:\/\/eltrabajo.cl\/portal\/wp-json\/wp\/v2\/posts"}],"about":[{"href":"https:\/\/eltrabajo.cl\/portal\/wp-json\/wp\/v2\/types\/post"}],"author":[{"embeddable":true,"href":"https:\/\/eltrabajo.cl\/portal\/wp-json\/wp\/v2\/users\/1"}],"replies":[{"embeddable":true,"href":"https:\/\/eltrabajo.cl\/portal\/wp-json\/wp\/v2\/comments?post=69009"}],"version-history":[{"count":0,"href":"https:\/\/eltrabajo.cl\/portal\/wp-json\/wp\/v2\/posts\/69009\/revisions"}],"wp:featuredmedia":[{"embeddable":true,"href":"https:\/\/eltrabajo.cl\/portal\/wp-json\/wp\/v2\/media\/69011"}],"wp:attachment":[{"href":"https:\/\/eltrabajo.cl\/portal\/wp-json\/wp\/v2\/media?parent=69009"}],"wp:term":[{"taxonomy":"category","embeddable":true,"href":"https:\/\/eltrabajo.cl\/portal\/wp-json\/wp\/v2\/categories?post=69009"},{"taxonomy":"post_tag","embeddable":true,"href":"https:\/\/eltrabajo.cl\/portal\/wp-json\/wp\/v2\/tags?post=69009"}],"curies":[{"name":"wp","href":"https:\/\/api.w.org\/{rel}","templated":true}]}}