{"id":69014,"date":"2016-04-22T08:28:05","date_gmt":"2016-04-22T11:28:05","guid":{"rendered":"http:\/\/www.eltrabajo.cl\/portal\/?p=69014"},"modified":"2016-04-22T08:33:50","modified_gmt":"2016-04-22T11:33:50","slug":"codelco-suspende-a-gerente-general-de-andina-por-nuevo-derrame-de-concentrado-de-cobre","status":"publish","type":"post","link":"https:\/\/eltrabajo.cl\/portal\/codelco-suspende-a-gerente-general-de-andina-por-nuevo-derrame-de-concentrado-de-cobre\/","title":{"rendered":"Codelco suspende a Gerente General de Andina por nuevo derrame de concentrado de cobre"},"content":{"rendered":"<p><strong>Frente de mal tiempo provoc\u00f3 da\u00f1os en canaleta de relaves y caus\u00f3 nuevo incidente ambiental.<\/strong><br \/>\n<strong>LOS ANDES.-<\/strong> Como una medida interna, el Presidente Ejecutivo de Codelco Nelson Pizarro, instruy\u00f3 la suspensi\u00f3n de altos ejecutivos de la Divisi\u00f3n Andina de Codelco a causa del derrame de concentrado de cobre desde una canaleta que conduce relaves desde el \u00e1rea industrial al tranque Ovejer\u00eda ubicado en la provincia de Chacabuco.<br \/>\nSeg\u00fan pudo confirmar nuestro medio, entre los ejecutivos suspendidos se encuentra el propio Gerente General Ricardo Palma Contesse, asumiendo en su reemplazo un Gerente interino mientras se realizan las investigaciones internas y se analizan las responsabilidades.<br \/>\nA ello se suma el llamado que hizo la Intendencia de la Regi\u00f3n Metropolitana a Codelco para que se lleven adelante todas las investigaciones necesarias y se asuman las responsabilidades que correspondan.<br \/>\nEn virtud de ello es que personal de la Direcci\u00f3n General de Aguas, de la Superintendencia de Medio Ambiente y de la Seremi de Obras P\u00fablicas Metropolitana, se constituyeron en terreno para ver los alcances del derrame que seg\u00fan Codelco fue \u00abacotado\u00bb y menor en comparaci\u00f3n al que se produjo a fines de febrero en Los Andes.<\/p>\n<p><strong>Nuevo incidente<\/strong><br \/>\nSeg\u00fan comunicado de prensa de la propia cupr\u00edfera, a consecuencia del frente de mal tiempo que afect\u00f3 la zona central del pa\u00eds el fin de semana pasado, avalanchas de barro provocaron da\u00f1os en un tramo de la canaleta que conduce relaves hasta el Tranque Ovejer\u00eda de la Divisi\u00f3n Andina ubicado en la Provincia de Chacabuco.<br \/>\nEl hecho se registr\u00f3 hace una semana y el pasado viernes, a las 14:55 horas, se habr\u00eda suspendido el env\u00edo de relaves al Tranque Ovejer\u00eda como medida preventiva, asegur\u00f3 Andina, manteniendo acotada la operaci\u00f3n y utilizando el Tranque Los Leones.<br \/>\nDurante el d\u00eda domingo, a ra\u00edz del reinicio de la operaci\u00f3n luego de un corte el\u00e9ctrico que la afect\u00f3, se cometi\u00f3 el error de enviar relave por la canaleta hacia el Tranque Ovejer\u00eda, sin haberla inspeccionado a\u00fan, dadas las adversas condiciones clim\u00e1ticas que imperaban.<br \/>\nEl comunicado de la empresa indica que \u201ctranscurridos entre 30 y 60 minutos, se constat\u00f3 este error y se detuvo por completo la circulaci\u00f3n de relaves\u201d.<br \/>\nUna vez pasado el temporal y existiendo las condiciones de seguridad para realizar un sobrevuelo, se inici\u00f3 la inspecci\u00f3n visual de toda la canaleta, con lo que se pudo comprobar, por los rastros existentes en el lugar, que una cantidad acotada de relave se filtr\u00f3 por el tramo da\u00f1ado de la canaleta, escurriendo por una quebrada.<br \/>\nCodelco aclar\u00f3 que si bien el impacto del incidente es acotado, transitorio y resultado de una avalancha de barro producida por las malas condiciones clim\u00e1ticas como causa basal, \u201cla Corporaci\u00f3n lo ha considerado de gravedad, al tratarse del segundo incidente operacional con consecuencias ambientales en la Divisi\u00f3n Andina ocurrido en un periodo corto de tiempo\u201d.<br \/>\nDe modo de entregar tranquilidad a las comunidades aleda\u00f1as a las operaciones, el presidente ejecutivo de la Corporaci\u00f3n, Nelson Pizarro instruy\u00f3 las siguientes medidas que se ejecutar\u00e1n de manera inmediata:<br \/>\n&#8211; Equipos especializados de saneamiento recorrer\u00e1n toda la quebrada a pie, de modo de realizar todas las acciones de limpieza necesarias.<br \/>\n&#8211; Intensificar las medidas tendientes a evitar incidentes operacionales ante futuros frentes de mal tiempo.<br \/>\n&#8211; Entregar a las autoridades competentes toda la informaci\u00f3n sobre los hechos.<br \/>\n&#8211; Iniciar las auditor\u00edas e investigaciones internas que determinen las causas y consecuencias, as\u00ed como las responsabilidades en el incidente.<br \/>\n&#8211; Suspender de sus funciones -mientras transcurra la investigaci\u00f3n- al gerente general y a los ejecutivos, supervisores y trabajadores con responsabilidad directa en los procesos afectados.<br \/>\n&#8211; Ordenar al vicepresidente del distrito centro sur, asumir la gesti\u00f3n de la divisi\u00f3n en forma inmediata y directa, con el objeto de normalizar las operaciones y resguardar sus condiciones de seguridad para los trabajadores y la comunidad.<br \/>\n\u201cCodelco desea reiterar que, si bien este incidente es consecuencia de un devastador frente clim\u00e1tico, le asigna gran importancia y tomar\u00e1 todas las medidas para investigar y reparar sus efectos. Asimismo, expresa sus disculpas a las comunidades que se han visto alarmadas por esta situaci\u00f3n\u201d, finaliza el comunicado.<\/p>\n<figure id=\"attachment_69015\" aria-describedby=\"caption-attachment-69015\" style=\"width: 530px\" class=\"wp-caption alignleft\"><a href=\"http:\/\/www.eltrabajo.cl\/portal\/codelco-suspende-a-gerente-general-de-andina-por-nuevo-derrame-de-concentrado-de-cobre\/nelson-pizarro-ricardo-palma\/\" rel=\"attachment wp-att-69015\"><img data-recalc-dims=\"1\" loading=\"lazy\" decoding=\"async\" class=\"size-full wp-image-69015\" src=\"https:\/\/i0.wp.com\/www.eltrabajo.cl\/portal\/wp-content\/uploads\/2016\/04\/Nelson-Pizarro-ricardo-palma.jpg?resize=530%2C350\" alt=\"Nelson Pizarro, presidente ejecutivo de Codelco, suspendi\u00f3 al Gerente General de Andina, Ricardo Palma Contesse (derecha).\" width=\"530\" height=\"350\" srcset=\"https:\/\/i0.wp.com\/eltrabajo.cl\/portal\/wp-content\/uploads\/2016\/04\/Nelson-Pizarro-ricardo-palma.jpg?w=530&amp;ssl=1 530w, https:\/\/i0.wp.com\/eltrabajo.cl\/portal\/wp-content\/uploads\/2016\/04\/Nelson-Pizarro-ricardo-palma.jpg?resize=200%2C132&amp;ssl=1 200w, https:\/\/i0.wp.com\/eltrabajo.cl\/portal\/wp-content\/uploads\/2016\/04\/Nelson-Pizarro-ricardo-palma.jpg?resize=300%2C198&amp;ssl=1 300w, https:\/\/i0.wp.com\/eltrabajo.cl\/portal\/wp-content\/uploads\/2016\/04\/Nelson-Pizarro-ricardo-palma.jpg?resize=227%2C150&amp;ssl=1 227w, https:\/\/i0.wp.com\/eltrabajo.cl\/portal\/wp-content\/uploads\/2016\/04\/Nelson-Pizarro-ricardo-palma.jpg?resize=400%2C264&amp;ssl=1 400w\" sizes=\"auto, (max-width: 530px) 100vw, 530px\" \/><\/a><figcaption id=\"caption-attachment-69015\" class=\"wp-caption-text\">Nelson Pizarro, presidente ejecutivo de Codelco, suspendi\u00f3 al Gerente General de Andina, Ricardo Palma Contesse (derecha).<\/figcaption><\/figure>\n","protected":false},"excerpt":{"rendered":"<p>Frente de mal tiempo provoc\u00f3 da\u00f1os en canaleta de relaves y caus\u00f3 nuevo incidente ambiental. LOS ANDES.- Como una medida interna, el Presidente Ejecutivo de Codelco Nelson Pizarro, instruy\u00f3 la suspensi\u00f3n de&#8230;<\/p>\n","protected":false},"author":1,"featured_media":69015,"comment_status":"open","ping_status":"open","sticky":false,"template":"","format":"standard","meta":{"advanced_seo_description":"","jetpack_seo_html_title":"","jetpack_seo_noindex":false,"_jetpack_memberships_contains_paid_content":false,"footnotes":""},"categories":[1],"tags":[],"class_list":["post-69014","post","type-post","status-publish","format-standard","has-post-thumbnail","hentry","category-cronica"],"jetpack_featured_media_url":"https:\/\/i0.wp.com\/eltrabajo.cl\/portal\/wp-content\/uploads\/2016\/04\/Nelson-Pizarro-ricardo-palma.jpg?fit=530%2C350&ssl=1","jetpack_sharing_enabled":true,"jetpack_likes_enabled":true,"jetpack-related-posts":[],"_links":{"self":[{"href":"https:\/\/eltrabajo.cl\/portal\/wp-json\/wp\/v2\/posts\/69014","targetHints":{"allow":["GET"]}}],"collection":[{"href":"https:\/\/eltrabajo.cl\/portal\/wp-json\/wp\/v2\/posts"}],"about":[{"href":"https:\/\/eltrabajo.cl\/portal\/wp-json\/wp\/v2\/types\/post"}],"author":[{"embeddable":true,"href":"https:\/\/eltrabajo.cl\/portal\/wp-json\/wp\/v2\/users\/1"}],"replies":[{"embeddable":true,"href":"https:\/\/eltrabajo.cl\/portal\/wp-json\/wp\/v2\/comments?post=69014"}],"version-history":[{"count":0,"href":"https:\/\/eltrabajo.cl\/portal\/wp-json\/wp\/v2\/posts\/69014\/revisions"}],"wp:featuredmedia":[{"embeddable":true,"href":"https:\/\/eltrabajo.cl\/portal\/wp-json\/wp\/v2\/media\/69015"}],"wp:attachment":[{"href":"https:\/\/eltrabajo.cl\/portal\/wp-json\/wp\/v2\/media?parent=69014"}],"wp:term":[{"taxonomy":"category","embeddable":true,"href":"https:\/\/eltrabajo.cl\/portal\/wp-json\/wp\/v2\/categories?post=69014"},{"taxonomy":"post_tag","embeddable":true,"href":"https:\/\/eltrabajo.cl\/portal\/wp-json\/wp\/v2\/tags?post=69014"}],"curies":[{"name":"wp","href":"https:\/\/api.w.org\/{rel}","templated":true}]}}