{"id":69020,"date":"2016-04-22T08:37:10","date_gmt":"2016-04-22T11:37:10","guid":{"rendered":"http:\/\/www.eltrabajo.cl\/portal\/?p=69020"},"modified":"2016-04-22T08:37:10","modified_gmt":"2016-04-22T11:37:10","slug":"realizaran-dos-cortes-de-transito-en-89o-aniversario-de-carabineros","status":"publish","type":"post","link":"https:\/\/eltrabajo.cl\/portal\/realizaran-dos-cortes-de-transito-en-89o-aniversario-de-carabineros\/","title":{"rendered":"Realizar\u00e1n dos cortes de tr\u00e1nsito en 89\u00ba Aniversario de Carabineros"},"content":{"rendered":"<p>Durante la pr\u00f3xima semana se realizar\u00e1n cortes de tr\u00e1nsito en San Felipe con motivo de las celebraciones del 89\u00b0 Aniversario de Carabineros de Chile.<br \/>\nEl martes 26 de abril se efectuar\u00e1 la Misa de Acci\u00f3n de Gracias y Desfile 89\u00b0 Aniversario Carabineros de Chile. A las 7:00 horas se cerrar\u00e1 calle Salinas desde avenida Chacabuco hasta calle Merced y la normalizaci\u00f3n del tr\u00e1nsito se estima a 14:00 horas o inmediatamente al t\u00e9rmino de la actividad. Adem\u00e1s se suprimir\u00e1 el estacionamiento frente a Parroquia Catedral de San Felipe, desde las 7:00, hasta el t\u00e9rmino de la actividad.<br \/>\nDurante el mi\u00e9rcoles 27 de abril se realizar\u00e1 la Ceremonia Izamiento Pabell\u00f3n Nacional. A 7:00 horas se cerrar\u00e1 la avenida Bernardo O\u2019Higgins, entre calle Molina y calle Dardignac y la hora estimada de normalizaci\u00f3n ser\u00e1 a las 09:00, inmediatamente al t\u00e9rmino de la actividad.<\/p>\n<figure id=\"attachment_69021\" aria-describedby=\"caption-attachment-69021\" style=\"width: 530px\" class=\"wp-caption alignleft\"><a href=\"http:\/\/www.eltrabajo.cl\/portal\/realizaran-dos-cortes-de-transito-en-89o-aniversario-de-carabineros\/corte-de-transito\/\" rel=\"attachment wp-att-69021\"><img data-recalc-dims=\"1\" loading=\"lazy\" decoding=\"async\" class=\"size-full wp-image-69021\" src=\"https:\/\/i0.wp.com\/www.eltrabajo.cl\/portal\/wp-content\/uploads\/2016\/04\/corte-de-transito.jpg?resize=530%2C349\" alt=\"Los cortes de tr\u00e1nsito se realizar\u00e1n los d\u00edas martes y mi\u00e9rcoles durante la ma\u00f1ana.\" width=\"530\" height=\"349\" srcset=\"https:\/\/i0.wp.com\/eltrabajo.cl\/portal\/wp-content\/uploads\/2016\/04\/corte-de-transito.jpg?w=530&amp;ssl=1 530w, https:\/\/i0.wp.com\/eltrabajo.cl\/portal\/wp-content\/uploads\/2016\/04\/corte-de-transito.jpg?resize=200%2C132&amp;ssl=1 200w, https:\/\/i0.wp.com\/eltrabajo.cl\/portal\/wp-content\/uploads\/2016\/04\/corte-de-transito.jpg?resize=300%2C198&amp;ssl=1 300w, https:\/\/i0.wp.com\/eltrabajo.cl\/portal\/wp-content\/uploads\/2016\/04\/corte-de-transito.jpg?resize=228%2C150&amp;ssl=1 228w, https:\/\/i0.wp.com\/eltrabajo.cl\/portal\/wp-content\/uploads\/2016\/04\/corte-de-transito.jpg?resize=400%2C263&amp;ssl=1 400w\" sizes=\"auto, (max-width: 530px) 100vw, 530px\" \/><\/a><figcaption id=\"caption-attachment-69021\" class=\"wp-caption-text\">Los cortes de tr\u00e1nsito se realizar\u00e1n los d\u00edas martes y mi\u00e9rcoles durante la ma\u00f1ana.<\/figcaption><\/figure>\n","protected":false},"excerpt":{"rendered":"<p>Durante la pr\u00f3xima semana se realizar\u00e1n cortes de tr\u00e1nsito en San Felipe con motivo de las celebraciones del 89\u00b0 Aniversario de Carabineros de Chile. El martes 26 de abril se efectuar\u00e1 la&#8230;<\/p>\n","protected":false},"author":1,"featured_media":69021,"comment_status":"open","ping_status":"open","sticky":false,"template":"","format":"standard","meta":{"advanced_seo_description":"","jetpack_seo_html_title":"","jetpack_seo_noindex":false,"_jetpack_memberships_contains_paid_content":false,"footnotes":""},"categories":[1],"tags":[],"class_list":["post-69020","post","type-post","status-publish","format-standard","has-post-thumbnail","hentry","category-cronica"],"jetpack_featured_media_url":"https:\/\/i0.wp.com\/eltrabajo.cl\/portal\/wp-content\/uploads\/2016\/04\/corte-de-transito.jpg?fit=530%2C349&ssl=1","jetpack_sharing_enabled":true,"jetpack_likes_enabled":true,"jetpack-related-posts":[],"_links":{"self":[{"href":"https:\/\/eltrabajo.cl\/portal\/wp-json\/wp\/v2\/posts\/69020","targetHints":{"allow":["GET"]}}],"collection":[{"href":"https:\/\/eltrabajo.cl\/portal\/wp-json\/wp\/v2\/posts"}],"about":[{"href":"https:\/\/eltrabajo.cl\/portal\/wp-json\/wp\/v2\/types\/post"}],"author":[{"embeddable":true,"href":"https:\/\/eltrabajo.cl\/portal\/wp-json\/wp\/v2\/users\/1"}],"replies":[{"embeddable":true,"href":"https:\/\/eltrabajo.cl\/portal\/wp-json\/wp\/v2\/comments?post=69020"}],"version-history":[{"count":0,"href":"https:\/\/eltrabajo.cl\/portal\/wp-json\/wp\/v2\/posts\/69020\/revisions"}],"wp:featuredmedia":[{"embeddable":true,"href":"https:\/\/eltrabajo.cl\/portal\/wp-json\/wp\/v2\/media\/69021"}],"wp:attachment":[{"href":"https:\/\/eltrabajo.cl\/portal\/wp-json\/wp\/v2\/media?parent=69020"}],"wp:term":[{"taxonomy":"category","embeddable":true,"href":"https:\/\/eltrabajo.cl\/portal\/wp-json\/wp\/v2\/categories?post=69020"},{"taxonomy":"post_tag","embeddable":true,"href":"https:\/\/eltrabajo.cl\/portal\/wp-json\/wp\/v2\/tags?post=69020"}],"curies":[{"name":"wp","href":"https:\/\/api.w.org\/{rel}","templated":true}]}}