{"id":69028,"date":"2016-04-22T08:42:48","date_gmt":"2016-04-22T11:42:48","guid":{"rendered":"http:\/\/www.eltrabajo.cl\/portal\/?p=69028"},"modified":"2016-04-22T08:42:48","modified_gmt":"2016-04-22T11:42:48","slug":"conocido-actor-francisco-reyes-montara-obra-de-teatro-en-ruinas-del-castillo","status":"publish","type":"post","link":"https:\/\/eltrabajo.cl\/portal\/conocido-actor-francisco-reyes-montara-obra-de-teatro-en-ruinas-del-castillo\/","title":{"rendered":"Conocido actor Francisco Reyes montar\u00e1 obra de teatro en ruinas del castillo"},"content":{"rendered":"<p>La melancol\u00eda de Hamlet por la muerte y por la humanidad, se nos viene a la cabeza (un juego de palabras algo grotesco) en la infame escena del cementerio, en donde Hamlet levanta el cr\u00e1neo exhumado de Yorick, un buf\u00f3n de la corte que Hamlet conoc\u00eda y apreciaba cuando era ni\u00f1o. El cr\u00e1neo es un recordatorio f\u00edsico de lo definitivo de la muerte. Hamlet mira directamente la cara de la muerte, y nos da una observaci\u00f3n sobre la melancol\u00eda y su idea de la moralidad.<br \/>\nSin embargo y para sorpresa de quienes lean esta noticia, antes de fines de junio en las ruinas del castillo de Hacienda Quilpu\u00e9, aqu\u00ed en San Felipe, el prestigioso actor santiaguino, Francisco Reyes, quien ya tiene 32 a\u00f1os de reinar en las tablas, nos presentar\u00e1 una apropiaci\u00f3n que \u00e9l planea hacer de la obra Hamlet, pero ahora desde la \u00f3ptica de ese buf\u00f3n fallecido, quien despertar\u00e1 en el Limbo para dialogar y recordar el mundo de los vivos frente a una calavera, con quien valorar\u00e1 fr\u00edamente la vulgaridad de la muerte y la vanidad de la vida.<br \/>\nDiario El Trabajo habl\u00f3 brevemente con el prestigioso actor chileno la tarde de ayer jueves, cuando caminaba por calle Prat de nuestra ciudad, \u00abestoy coordinando ya con el Municipio el presentar a Yorick, el buf\u00f3n de Hamlet, quien ya muerto y al abrigo de la voz de una cantante l\u00edrica, dar\u00e1 vida a esta apropiaci\u00f3n de la obra que yo interpreto, la estar\u00edamos presentando en un lugar significativo de esta comuna\u00bb, dijo el actor. Seg\u00fan Reyes, \u00e9l pasar\u00e1 en momentos de la obra a interpretar al Rey Claudio, al mismo Hamlet y a otros personajes.<\/p>\n<figure id=\"attachment_69029\" aria-describedby=\"caption-attachment-69029\" style=\"width: 530px\" class=\"wp-caption alignleft\"><a href=\"http:\/\/www.eltrabajo.cl\/portal\/conocido-actor-francisco-reyes-montara-obra-de-teatro-en-ruinas-del-castillo\/francisco-reyes\/\" rel=\"attachment wp-att-69029\"><img data-recalc-dims=\"1\" loading=\"lazy\" decoding=\"async\" class=\"size-full wp-image-69029\" src=\"https:\/\/i0.wp.com\/www.eltrabajo.cl\/portal\/wp-content\/uploads\/2016\/04\/Francisco-Reyes.jpg?resize=530%2C348\" alt=\"S\u00d3LIDO ACTOR.- Actor santiaguino, Francisco Reyes, quien ya tiene 32 a\u00f1os de reinar en las tablas.\" width=\"530\" height=\"348\" srcset=\"https:\/\/i0.wp.com\/eltrabajo.cl\/portal\/wp-content\/uploads\/2016\/04\/Francisco-Reyes.jpg?w=530&amp;ssl=1 530w, https:\/\/i0.wp.com\/eltrabajo.cl\/portal\/wp-content\/uploads\/2016\/04\/Francisco-Reyes.jpg?resize=200%2C131&amp;ssl=1 200w, https:\/\/i0.wp.com\/eltrabajo.cl\/portal\/wp-content\/uploads\/2016\/04\/Francisco-Reyes.jpg?resize=300%2C197&amp;ssl=1 300w, https:\/\/i0.wp.com\/eltrabajo.cl\/portal\/wp-content\/uploads\/2016\/04\/Francisco-Reyes.jpg?resize=228%2C150&amp;ssl=1 228w, https:\/\/i0.wp.com\/eltrabajo.cl\/portal\/wp-content\/uploads\/2016\/04\/Francisco-Reyes.jpg?resize=400%2C263&amp;ssl=1 400w\" sizes=\"auto, (max-width: 530px) 100vw, 530px\" \/><\/a><figcaption id=\"caption-attachment-69029\" class=\"wp-caption-text\">S\u00d3LIDO ACTOR.- Actor santiaguino, Francisco Reyes, quien ya tiene 32 a\u00f1os de reinar en las tablas.<\/figcaption><\/figure>\n<figure id=\"attachment_69030\" aria-describedby=\"caption-attachment-69030\" style=\"width: 530px\" class=\"wp-caption alignleft\"><a href=\"http:\/\/www.eltrabajo.cl\/portal\/conocido-actor-francisco-reyes-montara-obra-de-teatro-en-ruinas-del-castillo\/hamlet33\/\" rel=\"attachment wp-att-69030\"><img data-recalc-dims=\"1\" loading=\"lazy\" decoding=\"async\" class=\"size-full wp-image-69030\" src=\"https:\/\/i0.wp.com\/www.eltrabajo.cl\/portal\/wp-content\/uploads\/2016\/04\/Hamlet33.jpg?resize=530%2C348\" alt=\"VIENE YORICK.- Este cl\u00e1sico de la literatura universal podr\u00e1 ser disfrutado muy pronto por los sanfelipe\u00f1os, interpretado por uno de los grandes del Teatro chileno. (Ilustraci\u00f3n Hamlet y el cr\u00e1neo)\" width=\"530\" height=\"348\" srcset=\"https:\/\/i0.wp.com\/eltrabajo.cl\/portal\/wp-content\/uploads\/2016\/04\/Hamlet33.jpg?w=530&amp;ssl=1 530w, https:\/\/i0.wp.com\/eltrabajo.cl\/portal\/wp-content\/uploads\/2016\/04\/Hamlet33.jpg?resize=200%2C131&amp;ssl=1 200w, https:\/\/i0.wp.com\/eltrabajo.cl\/portal\/wp-content\/uploads\/2016\/04\/Hamlet33.jpg?resize=300%2C197&amp;ssl=1 300w, https:\/\/i0.wp.com\/eltrabajo.cl\/portal\/wp-content\/uploads\/2016\/04\/Hamlet33.jpg?resize=228%2C150&amp;ssl=1 228w, https:\/\/i0.wp.com\/eltrabajo.cl\/portal\/wp-content\/uploads\/2016\/04\/Hamlet33.jpg?resize=400%2C263&amp;ssl=1 400w\" sizes=\"auto, (max-width: 530px) 100vw, 530px\" \/><\/a><figcaption id=\"caption-attachment-69030\" class=\"wp-caption-text\">VIENE YORICK.- Este cl\u00e1sico de la literatura universal podr\u00e1 ser disfrutado muy pronto por los sanfelipe\u00f1os, interpretado por uno de los grandes del Teatro chileno. (Ilustraci\u00f3n Hamlet y el cr\u00e1neo)<\/figcaption><\/figure>\n","protected":false},"excerpt":{"rendered":"<p>La melancol\u00eda de Hamlet por la muerte y por la humanidad, se nos viene a la cabeza (un juego de palabras algo grotesco) en la infame escena del cementerio, en donde Hamlet&#8230;<\/p>\n","protected":false},"author":1,"featured_media":69029,"comment_status":"open","ping_status":"open","sticky":false,"template":"","format":"standard","meta":{"advanced_seo_description":"","jetpack_seo_html_title":"","jetpack_seo_noindex":false,"_jetpack_memberships_contains_paid_content":false,"footnotes":""},"categories":[20],"tags":[],"class_list":["post-69028","post","type-post","status-publish","format-standard","has-post-thumbnail","hentry","category-arte-y-cultura"],"jetpack_featured_media_url":"https:\/\/i0.wp.com\/eltrabajo.cl\/portal\/wp-content\/uploads\/2016\/04\/Francisco-Reyes.jpg?fit=530%2C348&ssl=1","jetpack_sharing_enabled":true,"jetpack_likes_enabled":true,"jetpack-related-posts":[],"_links":{"self":[{"href":"https:\/\/eltrabajo.cl\/portal\/wp-json\/wp\/v2\/posts\/69028","targetHints":{"allow":["GET"]}}],"collection":[{"href":"https:\/\/eltrabajo.cl\/portal\/wp-json\/wp\/v2\/posts"}],"about":[{"href":"https:\/\/eltrabajo.cl\/portal\/wp-json\/wp\/v2\/types\/post"}],"author":[{"embeddable":true,"href":"https:\/\/eltrabajo.cl\/portal\/wp-json\/wp\/v2\/users\/1"}],"replies":[{"embeddable":true,"href":"https:\/\/eltrabajo.cl\/portal\/wp-json\/wp\/v2\/comments?post=69028"}],"version-history":[{"count":0,"href":"https:\/\/eltrabajo.cl\/portal\/wp-json\/wp\/v2\/posts\/69028\/revisions"}],"wp:featuredmedia":[{"embeddable":true,"href":"https:\/\/eltrabajo.cl\/portal\/wp-json\/wp\/v2\/media\/69029"}],"wp:attachment":[{"href":"https:\/\/eltrabajo.cl\/portal\/wp-json\/wp\/v2\/media?parent=69028"}],"wp:term":[{"taxonomy":"category","embeddable":true,"href":"https:\/\/eltrabajo.cl\/portal\/wp-json\/wp\/v2\/categories?post=69028"},{"taxonomy":"post_tag","embeddable":true,"href":"https:\/\/eltrabajo.cl\/portal\/wp-json\/wp\/v2\/tags?post=69028"}],"curies":[{"name":"wp","href":"https:\/\/api.w.org\/{rel}","templated":true}]}}