{"id":69044,"date":"2016-04-22T09:03:35","date_gmt":"2016-04-22T12:03:35","guid":{"rendered":"http:\/\/www.eltrabajo.cl\/portal\/?p=69044"},"modified":"2016-04-22T09:03:36","modified_gmt":"2016-04-22T12:03:36","slug":"sobrevivio-a-brutal-paliza-de-tres-sujetos-que-lo-dejaron-inconsciente","status":"publish","type":"post","link":"https:\/\/eltrabajo.cl\/portal\/sobrevivio-a-brutal-paliza-de-tres-sujetos-que-lo-dejaron-inconsciente\/","title":{"rendered":"Sobrevivi\u00f3 a brutal paliza de tres sujetos que lo dejaron inconsciente"},"content":{"rendered":"<p><strong>Uno de los responsables condenado a 541 d\u00edas de c\u00e1rcel:<\/strong><br \/>\nLa v\u00edctima sufri\u00f3 fracturas graves en su nariz y brazo, quedando tendido en la v\u00eda p\u00fablica tras ser atacado a palos por tres sujetos en la comuna de Catemu.<br \/>\nEl Tribunal Oral en Lo Penal de San Felipe conden\u00f3 por el delito de lesiones graves a Alejandro Guillermo Gallardo Olivares, uno de los tres responsables del brutal ataque a palos que sufri\u00f3 un hombre en la comuna de Catemu cuando caminaba junto a su hijo. La v\u00edctima result\u00f3 con diversas fracturas quedando inconsciente en medio de la v\u00eda p\u00fablica.<br \/>\nLa Fiscal\u00eda llev\u00f3 a juicio a uno de estos sujetos, tras los hechos ocurridos el 9 de julio de 2013 a eso de las 21:00 horas. La investigaci\u00f3n sostiene que el actual condenado Gallardo Olivares, en compa\u00f1\u00eda de dos sujetos, circulaba por calle Ignacio Carrera Pinto de dicha comuna, cuando abord\u00f3 a un hombre mayor que caminaba junto a su hijo. De acuerdo a los antecedentes vertidos por testigos, entre ellos se origin\u00f3 un intercambio de palabras que deriv\u00f3 en una ri\u00f1a, aparentemente por rencillas anteriores.<br \/>\nEn este escenario, los tres sujetos habr\u00edan comenzado a agredir desmedidamente a la v\u00edctima con golpes de pies y pu\u00f1os, mientras su hijo escap\u00f3 para requerir ayuda. El afectado adem\u00e1s de haber sido reducido por los tres agresores, recibi\u00f3 golpes de palos en su cabeza y en todo su cuerpo.<br \/>\nA consecuencia de esta violeta agresi\u00f3n, la v\u00edctima qued\u00f3 inconsciente pudiendo haber perdido la vida, ya que producto de los golpes tuvo un sangrado que le obstruy\u00f3 sus v\u00edas respiratorias, mientras los desalmados huyeron a sus casas.<br \/>\nSin embargo, tras la concurrencia de personal del Samu, el herido logr\u00f3 ser estabilizado en el centro hospitalario, resultando con fracturas graves en su nariz y brazo izquierdo al intentar defenderse de estos antisociales. Posteriormente la v\u00edctima denunci\u00f3 los hechos a Carabineros proporcionando la identidad de los sujetos que eran conocidos del sector, los que fueron ubicados por la polic\u00eda en sus respectivos domicilios, quedando detenidos y formalizados por este grave delito.<br \/>\nDespu\u00e9s de varios meses de rehabilitaci\u00f3n, el afectado logr\u00f3 sobreponerse a este atentado pudiendo declarar en juicio los detalles de este violento ataque. Tras las pruebas y testimonios exhibidos por la Fiscal\u00eda, la terna de jueces gener\u00f3 convicci\u00f3n a estos fundamentos declarando culpable al imputado, sentenci\u00e1ndolo a una pena privativa de libertad. Asimismo en una pr\u00f3xima fecha los otros involucrados ser\u00e1n sometidos a juicio por este caso.<br \/>\nEl Fiscal Julio Palacios se mostr\u00f3 conforme con la condena impuesta por este Tribunal destacando que \u201ceste sujeto que contaba con antecedentes delictuales anteriores, fue condenado a la pena de 541 d\u00edas de presidio que deber\u00e1 cumplir de manera efectiva\u201d.<br \/>\n<strong>Pablo Salinas Sald\u00edas<\/strong><\/p>\n<figure id=\"attachment_69045\" aria-describedby=\"caption-attachment-69045\" style=\"width: 530px\" class=\"wp-caption alignleft\"><a href=\"http:\/\/www.eltrabajo.cl\/portal\/sobrevivio-a-brutal-paliza-de-tres-sujetos-que-lo-dejaron-inconsciente\/apalear\/\" rel=\"attachment wp-att-69045\"><img data-recalc-dims=\"1\" loading=\"lazy\" decoding=\"async\" class=\"size-full wp-image-69045\" src=\"https:\/\/i0.wp.com\/www.eltrabajo.cl\/portal\/wp-content\/uploads\/2016\/04\/apalear.jpg?resize=530%2C347\" alt=\"La v\u00edctima sufri\u00f3 fracturas graves en su nariz y brazo, quedando tendido en la v\u00eda p\u00fablica tras ser atacado a palos por tres sujetos en la comuna de Catemu. (Foto referencial)\" width=\"530\" height=\"347\" srcset=\"https:\/\/i0.wp.com\/eltrabajo.cl\/portal\/wp-content\/uploads\/2016\/04\/apalear.jpg?w=530&amp;ssl=1 530w, https:\/\/i0.wp.com\/eltrabajo.cl\/portal\/wp-content\/uploads\/2016\/04\/apalear.jpg?resize=200%2C131&amp;ssl=1 200w, https:\/\/i0.wp.com\/eltrabajo.cl\/portal\/wp-content\/uploads\/2016\/04\/apalear.jpg?resize=300%2C196&amp;ssl=1 300w, https:\/\/i0.wp.com\/eltrabajo.cl\/portal\/wp-content\/uploads\/2016\/04\/apalear.jpg?resize=229%2C150&amp;ssl=1 229w, https:\/\/i0.wp.com\/eltrabajo.cl\/portal\/wp-content\/uploads\/2016\/04\/apalear.jpg?resize=400%2C262&amp;ssl=1 400w\" sizes=\"auto, (max-width: 530px) 100vw, 530px\" \/><\/a><figcaption id=\"caption-attachment-69045\" class=\"wp-caption-text\">La v\u00edctima sufri\u00f3 fracturas graves en su nariz y brazo, quedando tendido en la v\u00eda p\u00fablica tras ser atacado a palos por tres sujetos en la comuna de Catemu. (Foto referencial)<\/figcaption><\/figure>\n","protected":false},"excerpt":{"rendered":"<p>Uno de los responsables condenado a 541 d\u00edas de c\u00e1rcel: La v\u00edctima sufri\u00f3 fracturas graves en su nariz y brazo, quedando tendido en la v\u00eda p\u00fablica tras ser atacado a palos por&#8230;<\/p>\n","protected":false},"author":1,"featured_media":69045,"comment_status":"open","ping_status":"open","sticky":false,"template":"","format":"standard","meta":{"advanced_seo_description":"","jetpack_seo_html_title":"","jetpack_seo_noindex":false,"_jetpack_memberships_contains_paid_content":false,"footnotes":""},"categories":[21],"tags":[],"class_list":["post-69044","post","type-post","status-publish","format-standard","has-post-thumbnail","hentry","category-policial"],"jetpack_featured_media_url":"https:\/\/i0.wp.com\/eltrabajo.cl\/portal\/wp-content\/uploads\/2016\/04\/apalear.jpg?fit=530%2C347&ssl=1","jetpack_sharing_enabled":true,"jetpack_likes_enabled":true,"jetpack-related-posts":[],"_links":{"self":[{"href":"https:\/\/eltrabajo.cl\/portal\/wp-json\/wp\/v2\/posts\/69044","targetHints":{"allow":["GET"]}}],"collection":[{"href":"https:\/\/eltrabajo.cl\/portal\/wp-json\/wp\/v2\/posts"}],"about":[{"href":"https:\/\/eltrabajo.cl\/portal\/wp-json\/wp\/v2\/types\/post"}],"author":[{"embeddable":true,"href":"https:\/\/eltrabajo.cl\/portal\/wp-json\/wp\/v2\/users\/1"}],"replies":[{"embeddable":true,"href":"https:\/\/eltrabajo.cl\/portal\/wp-json\/wp\/v2\/comments?post=69044"}],"version-history":[{"count":0,"href":"https:\/\/eltrabajo.cl\/portal\/wp-json\/wp\/v2\/posts\/69044\/revisions"}],"wp:featuredmedia":[{"embeddable":true,"href":"https:\/\/eltrabajo.cl\/portal\/wp-json\/wp\/v2\/media\/69045"}],"wp:attachment":[{"href":"https:\/\/eltrabajo.cl\/portal\/wp-json\/wp\/v2\/media?parent=69044"}],"wp:term":[{"taxonomy":"category","embeddable":true,"href":"https:\/\/eltrabajo.cl\/portal\/wp-json\/wp\/v2\/categories?post=69044"},{"taxonomy":"post_tag","embeddable":true,"href":"https:\/\/eltrabajo.cl\/portal\/wp-json\/wp\/v2\/tags?post=69044"}],"curies":[{"name":"wp","href":"https:\/\/api.w.org\/{rel}","templated":true}]}}