{"id":69056,"date":"2016-04-25T08:39:48","date_gmt":"2016-04-25T11:39:48","guid":{"rendered":"http:\/\/www.eltrabajo.cl\/portal\/?p=69056"},"modified":"2016-04-25T08:39:48","modified_gmt":"2016-04-25T11:39:48","slug":"molestia-en-vecinos-de-calle-vicuna-por-gigantesco-hoyo-en-el-pavimento","status":"publish","type":"post","link":"https:\/\/eltrabajo.cl\/portal\/molestia-en-vecinos-de-calle-vicuna-por-gigantesco-hoyo-en-el-pavimento\/","title":{"rendered":"Molestia en vecinos de calle Vicu\u00f1a por gigantesco hoyo en el pavimento"},"content":{"rendered":"<p><strong>LOS ANDES.-<\/strong> Vecinos de la calle Vicu\u00f1a en la villa El Porvenir est\u00e1n demandando mayor preocupaci\u00f3n de las autoridades por el deterioro del pavimento que presenta esa arteria y que se refleja en la aparici\u00f3n de cr\u00e1teres de grandes dimensiones que son un riesgo latente de accidente.<br \/>\nBartolom\u00e9 Ponce Ahumada, vecino desde hace 20 a\u00f1os del lugar, manifest\u00f3 que a esa arteria nunca se le ha hecho una mantenci\u00f3n desde que fue entregada la villa en 1996 y con el incesante tr\u00e1nsito de veh\u00edculos, sobre todo en los \u00faltimos a\u00f1os con la construcci\u00f3n de nuevas villas, la carpeta asf\u00e1ltica se ha deteriorado a tal punto que los hoyos comenzaron a aflorar.<br \/>\nRecord\u00f3 que por el lugar transitan todos los veh\u00edculos que van hacia El Horizonte, Los Jardines y Los Portones, por lo que en horas peack se forman atochamientos debido a que no pueden pasar por el cr\u00e1ter que existe en la calle, debiendo hacerlo de manera alternada o bien cambi\u00e1ndose de pista con el riesgo de generar una colisi\u00f3n.<br \/>\nEl vecino advirti\u00f3 que como en la noche este \u2018evento\u2019 no se ve, existe tambi\u00e9n la posibilidad de que alg\u00fan veh\u00edculo que pase a alta velocidad pueda romper su tren delantero o su conductor perder el control y terminar chocando contra una casa o bien volcando.<br \/>\nA\u00f1adi\u00f3 que si bien existe un rumor de que se quiere ensanchar esa calle, de todas formas amerita que alguna autoridad, ya sea del Municipio o el Serviu tome cartas en el asunto y se lleve adelante una reparaci\u00f3n, aunque sea un bacheo de emergencia.<br \/>\nRecord\u00f3 que \u00e9l mismo con ayuda de otro vecino compr\u00f3 cemento y arena e hizo un parche en uno de los hoyos m\u00e1s grandes, pero como el pavimento se sigui\u00f3 deteriorando se form\u00f3 otro cr\u00e1ter al costado e insisti\u00f3 en que es un problema de seguridad vial que urge sea resuelto por la autoridad competente.<br \/>\nPor esta raz\u00f3n decidi\u00f3 hacer p\u00fablica esta situaci\u00f3n a fin de que alguien se haga cargo del problema y se tapen estos hoyos a la espera de una soluci\u00f3n definitiva y no ocurra lo mismo que ha pasado en la villa El Horizonte donde hay arterias que m\u00e1s se asemejan al \u2018valle de la luna\u2019 que una calle urbana.<br \/>\nBartolom\u00e9 Ponce dijo que ahora que se acercan las elecciones municipales muchos candidatos andar\u00e1n buscando votos y seguramente visitar\u00e1n la villa ofreciendo soluciones, \u201cpero queremos que estas se hagan ahora para no tener que lamentar accidentes o da\u00f1os en los veh\u00edculos\u201d.<\/p>\n<figure id=\"attachment_69057\" aria-describedby=\"caption-attachment-69057\" style=\"width: 530px\" class=\"wp-caption alignleft\"><a href=\"http:\/\/www.eltrabajo.cl\/portal\/molestia-en-vecinos-de-calle-vicuna-por-gigantesco-hoyo-en-el-pavimento\/bartolome-ponce\/\" rel=\"attachment wp-att-69057\"><img data-recalc-dims=\"1\" loading=\"lazy\" decoding=\"async\" class=\"size-full wp-image-69057\" src=\"https:\/\/i0.wp.com\/www.eltrabajo.cl\/portal\/wp-content\/uploads\/2016\/04\/Bartolome-Ponce.jpg?resize=530%2C348\" alt=\"Bartolom\u00e9 Ponce, vecino de la calle Vicu\u00f1a en la villa El Porvenir, muestra el enorme \u2018evento\u2019 que hay en el sector. \" width=\"530\" height=\"348\" srcset=\"https:\/\/i0.wp.com\/eltrabajo.cl\/portal\/wp-content\/uploads\/2016\/04\/Bartolome-Ponce.jpg?w=530&amp;ssl=1 530w, https:\/\/i0.wp.com\/eltrabajo.cl\/portal\/wp-content\/uploads\/2016\/04\/Bartolome-Ponce.jpg?resize=200%2C131&amp;ssl=1 200w, https:\/\/i0.wp.com\/eltrabajo.cl\/portal\/wp-content\/uploads\/2016\/04\/Bartolome-Ponce.jpg?resize=300%2C197&amp;ssl=1 300w, https:\/\/i0.wp.com\/eltrabajo.cl\/portal\/wp-content\/uploads\/2016\/04\/Bartolome-Ponce.jpg?resize=228%2C150&amp;ssl=1 228w, https:\/\/i0.wp.com\/eltrabajo.cl\/portal\/wp-content\/uploads\/2016\/04\/Bartolome-Ponce.jpg?resize=400%2C263&amp;ssl=1 400w\" sizes=\"auto, (max-width: 530px) 100vw, 530px\" \/><\/a><figcaption id=\"caption-attachment-69057\" class=\"wp-caption-text\">Bartolom\u00e9 Ponce, vecino de la calle Vicu\u00f1a en la villa El Porvenir, muestra el enorme \u2018evento\u2019 que hay en el sector.<\/figcaption><\/figure>\n","protected":false},"excerpt":{"rendered":"<p>LOS ANDES.- Vecinos de la calle Vicu\u00f1a en la villa El Porvenir est\u00e1n demandando mayor preocupaci\u00f3n de las autoridades por el deterioro del pavimento que presenta esa arteria y que se refleja&#8230;<\/p>\n","protected":false},"author":1,"featured_media":69057,"comment_status":"open","ping_status":"open","sticky":false,"template":"","format":"standard","meta":{"advanced_seo_description":"","jetpack_seo_html_title":"","jetpack_seo_noindex":false,"_jetpack_memberships_contains_paid_content":false,"footnotes":""},"categories":[15],"tags":[],"class_list":["post-69056","post","type-post","status-publish","format-standard","has-post-thumbnail","hentry","category-comunidad"],"jetpack_featured_media_url":"https:\/\/i0.wp.com\/eltrabajo.cl\/portal\/wp-content\/uploads\/2016\/04\/Bartolome-Ponce.jpg?fit=530%2C348&ssl=1","jetpack_sharing_enabled":true,"jetpack_likes_enabled":true,"jetpack-related-posts":[],"_links":{"self":[{"href":"https:\/\/eltrabajo.cl\/portal\/wp-json\/wp\/v2\/posts\/69056","targetHints":{"allow":["GET"]}}],"collection":[{"href":"https:\/\/eltrabajo.cl\/portal\/wp-json\/wp\/v2\/posts"}],"about":[{"href":"https:\/\/eltrabajo.cl\/portal\/wp-json\/wp\/v2\/types\/post"}],"author":[{"embeddable":true,"href":"https:\/\/eltrabajo.cl\/portal\/wp-json\/wp\/v2\/users\/1"}],"replies":[{"embeddable":true,"href":"https:\/\/eltrabajo.cl\/portal\/wp-json\/wp\/v2\/comments?post=69056"}],"version-history":[{"count":0,"href":"https:\/\/eltrabajo.cl\/portal\/wp-json\/wp\/v2\/posts\/69056\/revisions"}],"wp:featuredmedia":[{"embeddable":true,"href":"https:\/\/eltrabajo.cl\/portal\/wp-json\/wp\/v2\/media\/69057"}],"wp:attachment":[{"href":"https:\/\/eltrabajo.cl\/portal\/wp-json\/wp\/v2\/media?parent=69056"}],"wp:term":[{"taxonomy":"category","embeddable":true,"href":"https:\/\/eltrabajo.cl\/portal\/wp-json\/wp\/v2\/categories?post=69056"},{"taxonomy":"post_tag","embeddable":true,"href":"https:\/\/eltrabajo.cl\/portal\/wp-json\/wp\/v2\/tags?post=69056"}],"curies":[{"name":"wp","href":"https:\/\/api.w.org\/{rel}","templated":true}]}}