{"id":69060,"date":"2016-04-25T08:42:39","date_gmt":"2016-04-25T11:42:39","guid":{"rendered":"http:\/\/www.eltrabajo.cl\/portal\/?p=69060"},"modified":"2016-04-25T08:42:39","modified_gmt":"2016-04-25T11:42:39","slug":"preocupacion-por-constante-traslado-de-carabineros-de-putaendo-a-san-felipe","status":"publish","type":"post","link":"https:\/\/eltrabajo.cl\/portal\/preocupacion-por-constante-traslado-de-carabineros-de-putaendo-a-san-felipe\/","title":{"rendered":"Preocupaci\u00f3n por constante traslado de Carabineros de Putaendo a San Felipe"},"content":{"rendered":"<p><strong>Representantes locales ya se encuentran en conocimiento de la situaci\u00f3n, que ha despertado preocupaci\u00f3n por la inseguridad que pueda ser percibida en la comuna ante la falta de personal policial.<\/strong><br \/>\n<strong>PUTAENDO.-<\/strong> Preocupaci\u00f3n ha despertado en autoridades locales y dirigentes sociales putaendinos el constante traslado de Carabineros que prestan servicios en nuestra comuna a la ciudad de San Felipe por instrucciones del alto mando institucional.<br \/>\nDe acuerdo a los antecedentes que maneja nuestro medio y que tambi\u00e9n se encuentran en conocimiento de autoridades locales, a diario funcionarios de Carabineros que se desempe\u00f1an en la Tenencia de Putaendo y los retenes de Los Patos, Guzmanes y Quebrada Herrera, son enviados a cumplir funciones en la ciudad de San Felipe, a lo que se suma el hecho que durante los fines de semana, Putaendo permanece s\u00f3lo con un veh\u00edculo policial que debe recorrer toda la comuna, porque la segunda unidad m\u00f3vil que debe reforzar el patrullaje en nuestra comuna, es trasladado con personal hacia San Felipe, lo que demora los tiempos de respuesta de Carabineros ante denuncias o situaciones de emergencia.<br \/>\nEn este sentido, el alcalde Guillermo Reyes ya ha expresado su preocupaci\u00f3n y sostuvo que se encuentra reuniendo los antecedentes para solicitar una reuni\u00f3n con el alto mando de la Prefectura de Carabineros de Aconcagua, ya que considera inaceptable que Carabineros que deben proteger a la comuna sean enviados a San Felipe.<br \/>\nEsta situaci\u00f3n ya se repiti\u00f3 hace un a\u00f1o, cuando nuestro medio expuso el constante traslado de Carabineros de Putaendo hasta la ciudad de San Felipe.<br \/>\n<strong>Patricio Gallardo M.<\/strong><\/p>\n<figure id=\"attachment_69061\" aria-describedby=\"caption-attachment-69061\" style=\"width: 527px\" class=\"wp-caption alignleft\"><a href=\"http:\/\/www.eltrabajo.cl\/portal\/preocupacion-por-constante-traslado-de-carabineros-de-putaendo-a-san-felipe\/carabineros-6\/\" rel=\"attachment wp-att-69061\"><img data-recalc-dims=\"1\" loading=\"lazy\" decoding=\"async\" class=\"size-full wp-image-69061\" src=\"https:\/\/i0.wp.com\/www.eltrabajo.cl\/portal\/wp-content\/uploads\/2016\/04\/Carabineros.jpg?resize=527%2C350\" alt=\"A diario, Carabineros de la Tenencia de Putaendo y los retenes de Los Patos, Guzmanes y Quebrada Herrera, son enviados a cumplir funciones en la ciudad de San Felipe. \" width=\"527\" height=\"350\" srcset=\"https:\/\/i0.wp.com\/eltrabajo.cl\/portal\/wp-content\/uploads\/2016\/04\/Carabineros.jpg?w=527&amp;ssl=1 527w, https:\/\/i0.wp.com\/eltrabajo.cl\/portal\/wp-content\/uploads\/2016\/04\/Carabineros.jpg?resize=200%2C133&amp;ssl=1 200w, https:\/\/i0.wp.com\/eltrabajo.cl\/portal\/wp-content\/uploads\/2016\/04\/Carabineros.jpg?resize=300%2C199&amp;ssl=1 300w, https:\/\/i0.wp.com\/eltrabajo.cl\/portal\/wp-content\/uploads\/2016\/04\/Carabineros.jpg?resize=226%2C150&amp;ssl=1 226w, https:\/\/i0.wp.com\/eltrabajo.cl\/portal\/wp-content\/uploads\/2016\/04\/Carabineros.jpg?resize=400%2C266&amp;ssl=1 400w\" sizes=\"auto, (max-width: 527px) 100vw, 527px\" \/><\/a><figcaption id=\"caption-attachment-69061\" class=\"wp-caption-text\">A diario, Carabineros de la Tenencia de Putaendo y los retenes de Los Patos, Guzmanes y Quebrada Herrera, son enviados a cumplir funciones en la ciudad de San Felipe.<\/figcaption><\/figure>\n","protected":false},"excerpt":{"rendered":"<p>Representantes locales ya se encuentran en conocimiento de la situaci\u00f3n, que ha despertado preocupaci\u00f3n por la inseguridad que pueda ser percibida en la comuna ante la falta de personal policial. PUTAENDO.- Preocupaci\u00f3n&#8230;<\/p>\n","protected":false},"author":1,"featured_media":69061,"comment_status":"open","ping_status":"open","sticky":false,"template":"","format":"standard","meta":{"advanced_seo_description":"","jetpack_seo_html_title":"","jetpack_seo_noindex":false,"_jetpack_memberships_contains_paid_content":false,"footnotes":""},"categories":[1],"tags":[],"class_list":["post-69060","post","type-post","status-publish","format-standard","has-post-thumbnail","hentry","category-cronica"],"jetpack_featured_media_url":"https:\/\/i0.wp.com\/eltrabajo.cl\/portal\/wp-content\/uploads\/2016\/04\/Carabineros.jpg?fit=527%2C350&ssl=1","jetpack_sharing_enabled":true,"jetpack_likes_enabled":true,"jetpack-related-posts":[],"_links":{"self":[{"href":"https:\/\/eltrabajo.cl\/portal\/wp-json\/wp\/v2\/posts\/69060","targetHints":{"allow":["GET"]}}],"collection":[{"href":"https:\/\/eltrabajo.cl\/portal\/wp-json\/wp\/v2\/posts"}],"about":[{"href":"https:\/\/eltrabajo.cl\/portal\/wp-json\/wp\/v2\/types\/post"}],"author":[{"embeddable":true,"href":"https:\/\/eltrabajo.cl\/portal\/wp-json\/wp\/v2\/users\/1"}],"replies":[{"embeddable":true,"href":"https:\/\/eltrabajo.cl\/portal\/wp-json\/wp\/v2\/comments?post=69060"}],"version-history":[{"count":0,"href":"https:\/\/eltrabajo.cl\/portal\/wp-json\/wp\/v2\/posts\/69060\/revisions"}],"wp:featuredmedia":[{"embeddable":true,"href":"https:\/\/eltrabajo.cl\/portal\/wp-json\/wp\/v2\/media\/69061"}],"wp:attachment":[{"href":"https:\/\/eltrabajo.cl\/portal\/wp-json\/wp\/v2\/media?parent=69060"}],"wp:term":[{"taxonomy":"category","embeddable":true,"href":"https:\/\/eltrabajo.cl\/portal\/wp-json\/wp\/v2\/categories?post=69060"},{"taxonomy":"post_tag","embeddable":true,"href":"https:\/\/eltrabajo.cl\/portal\/wp-json\/wp\/v2\/tags?post=69060"}],"curies":[{"name":"wp","href":"https:\/\/api.w.org\/{rel}","templated":true}]}}